{"id":13869,"date":"2019-12-01T08:13:48","date_gmt":"2019-12-01T08:13:48","guid":{"rendered":"http:\/\/www.iceagetv.com\/radiosite\/?p=13869"},"modified":"2019-12-01T08:13:48","modified_gmt":"2019-12-01T08:13:48","slug":"malte-le-premier-ministre-soupconne-dinterferences-dans-lenquete-sur-lassassinat-en-2017-dune-journaliste-va-quitter-ses-fonctions","status":"publish","type":"post","link":"https:\/\/www.iceagetv.com\/radiosite\/malte-le-premier-ministre-soupconne-dinterferences-dans-lenquete-sur-lassassinat-en-2017-dune-journaliste-va-quitter-ses-fonctions\/","title":{"rendered":"Malte: Le Premier ministre, soup\u00e7onn\u00e9 d&rsquo;interf\u00e9rences dans l&rsquo;enqu\u00eate sur l&rsquo;assassinat en 2017 d&rsquo;une journaliste, va quitter ses fonctions"},"content":{"rendered":"\n<p>Le Premier ministre maltais Joseph Muscat, soup\u00e7onn\u00e9 d&rsquo;interf\u00e9rences dans l&rsquo;enqu\u00eate sur l&rsquo;assassinat en 2017 de la journaliste Daphne Caruana Galizia, devrait quitter ses fonctions en janvier, selon des sources au sein de son mouvement, le Parti travailliste. M. Muscat va prochainement annoncer qu'\u00a0\u00bbil y aura une \u00e9lection pour la direction du parti le 18 janvier\u00a0\u00bb, ont indiqu\u00e9 ces sources, pr\u00e9cisant qu&rsquo;il \u00ab\u00a0d\u00e9missionnera formellement quand le nouveau chef sera choisi\u00a0\u00bb.<\/p>\n\n\n\n<p>Dans le syst\u00e8me parlementaire maltais, le Premier ministre est syst\u00e9matiquement le chef du parti qui remporte les \u00e9lections l\u00e9gislatives. Les sources n&rsquo;ont pas indiqu\u00e9 quand, ni comment &#8211; peut-\u00eatre lors d&rsquo;une allocution t\u00e9l\u00e9vis\u00e9e au pays &#8211; M. Muscat ferait une annonce officielle sur ses intentions. Mais elles ont soulign\u00e9 qu&rsquo;il ne resterait pas \u00e0 son poste au-del\u00e0 du 18 janvier. La pression s&rsquo;est intensifi\u00e9e ces derniers jours sur le chef du gouvernement travailliste pour qu&rsquo;il d\u00e9missionne imm\u00e9diatement de ses fonctions.<\/p>\n\n\n\n<p>La famille de la journaliste d&rsquo;investigation Daphne Caruana Galizia, l&rsquo;opposition (Parti nationaliste) et des mouvements civiques l&rsquo;ont accus\u00e9 d&rsquo;interf\u00e9rer dans l&rsquo;enqu\u00eate en prot\u00e9geant notamment son bras droit et chef de cabinet, Keith Schembri. Dans la nuit de jeudi \u00e0 vendredi, M. Muscat a annonc\u00e9, au terme d&rsquo;un conseil des ministres tr\u00e8s agit\u00e9 selon des t\u00e9moins, le rejet d&rsquo;une mesure d&rsquo;immunit\u00e9 en \u00e9change d&rsquo;informations pour Yorgen Fenech, un entrepreneur soup\u00e7onn\u00e9 d&rsquo;\u00eatre l&rsquo;un des commanditaires du meurtre de la journaliste, arr\u00eat\u00e9 le 20 novembre alors qu&rsquo;il tentait de fuir l&rsquo;archipel sur son yacht. M. Fenech, copropri\u00e9taire du groupe familial Tumas (h\u00f4tellerie, automobile, \u00e9nergie) a d\u00e9sign\u00e9 cette semaine M. Schembri comme le \u00ab\u00a0vrai commanditaire\u00a0\u00bb de l&rsquo;assassinat. Le chef de cabinet de M. Muscat a d\u00e9missionn\u00e9 de ses fonctions en milieu de semaine en m\u00eame temps que le ministre du Tourisme Konrad Mizzi et le ministre de l&rsquo;Economie Chris Cardona.<\/p>\n\n\n\n<p>Entendu par la police, M. Schembri est cependant ressorti libre jeudi soir, d\u00e9clenchant la col\u00e8re de la famille Caruana Galizia. \u00ab\u00a0Au moins deux t\u00e9moins et de multiples indices impliquent Schembri dans l&rsquo;assassinat de notre femme et m\u00e8re\u00a0\u00bb, ont d\u00e9nonc\u00e9 dans un communiqu\u00e9 son mari et ses trois fils, en fustigeant un Premier ministre qui \u00ab\u00a0continue de jouer les juges, le jury et l&rsquo;ex\u00e9cuteur (de peines) dans une enqu\u00eate qui implique trois de ses plus proches coll\u00e8gues\u00a0\u00bb.<\/p>\n\n\n\n<p>Des milliers de manifestants sont descendus vendredi soir dans la rue pour r\u00e9clamer notamment la d\u00e9mission de M. Muscat.<\/p>\n\n\n\n<p>La sixi\u00e8me manifestation en deux semaines, depuis l&rsquo;arrestation spectaculaire de Fenech, le 20 novembre, alors qu&rsquo;il fuyait l&rsquo;archipel sur son yacht de luxe. \u00ab\u00a0Il a toujours dit qu&rsquo;il allait partir bient\u00f4t et maintenant il sent que le moment est venu. Mais il veut d&rsquo;abord que (l&rsquo;enqu\u00eate sur) le meurtre de Daphne Caruana Galizia soit r\u00e9solue sous sa supervision comme il l&rsquo;avait promis\u00a0\u00bb, ont indiqu\u00e9 les m\u00eames sources du Parti travailliste.<\/p>\n\n\n\n<p>M. Muscat, 45 ans, au pouvoir depuis 2013, est \u00e0 mi-mandat apr\u00e8s avoir \u00e9t\u00e9 r\u00e9\u00e9lu en juin 2017 \u00e0 l&rsquo;issue d&rsquo;un scrutin anticip\u00e9. Celui-ci avait \u00e9t\u00e9 convoqu\u00e9 en raison d&rsquo;accusations de corruption touchant son entourage apr\u00e8s la publication des Panama Papers, qui r\u00e9v\u00e9laient l&rsquo;existence au Panama de nombreux comptes offshore ouverts par des entreprises et personnalit\u00e9s du monde entier.<\/p>\n","protected":false},"excerpt":{"rendered":"<p>Le Premier ministre maltais Joseph Muscat, soup\u00e7onn\u00e9 d&rsquo;interf\u00e9rences dans l&rsquo;enqu\u00eate sur l&rsquo;assassinat en 2017 de la journaliste Daphne Caruana Galizia, devrait quitter ses fonctions en janvier, selon des sources au sein de son mouvement, le Parti travailliste. M. Muscat va prochainement annoncer qu&rsquo;\u00a0\u00bbil y aura une \u00e9lection pour la direction du parti le 18 janvier\u00a0\u00bb, [&hellip;]<\/p>\n","protected":false},"author":2,"featured_media":13870,"comment_status":"open","ping_status":"open","sticky":false,"template":"","format":"standard","meta":{"_jetpack_memberships_contains_paid_content":false,"footnotes":"","jetpack_publicize_message":"","jetpack_publicize_feature_enabled":true,"jetpack_social_post_already_shared":true,"jetpack_social_options":{"image_generator_settings":{"template":"highway","default_image_id":0,"font":"","enabled":false},"version":2},"_wpas_customize_per_network":false},"categories":[405],"tags":[],"class_list":["post-13869","post","type-post","status-publish","format-standard","has-post-thumbnail","hentry","category-actu-france-monde"],"jetpack_publicize_connections":[],"jetpack_featured_media_url":"https:\/\/i0.wp.com\/www.iceagetv.com\/radiosite\/wp-content\/uploads\/2019\/12\/Malte-Le-Premier-ministre.jpg?fit=784%2C334&ssl=1","jetpack_sharing_enabled":true,"_links":{"self":[{"href":"https:\/\/www.iceagetv.com\/radiosite\/wp-json\/wp\/v2\/posts\/13869","targetHints":{"allow":["GET"]}}],"collection":[{"href":"https:\/\/www.iceagetv.com\/radiosite\/wp-json\/wp\/v2\/posts"}],"about":[{"href":"https:\/\/www.iceagetv.com\/radiosite\/wp-json\/wp\/v2\/types\/post"}],"author":[{"embeddable":true,"href":"https:\/\/www.iceagetv.com\/radiosite\/wp-json\/wp\/v2\/users\/2"}],"replies":[{"embeddable":true,"href":"https:\/\/www.iceagetv.com\/radiosite\/wp-json\/wp\/v2\/comments?post=13869"}],"version-history":[{"count":1,"href":"https:\/\/www.iceagetv.com\/radiosite\/wp-json\/wp\/v2\/posts\/13869\/revisions"}],"predecessor-version":[{"id":13871,"href":"https:\/\/www.iceagetv.com\/radiosite\/wp-json\/wp\/v2\/posts\/13869\/revisions\/13871"}],"wp:featuredmedia":[{"embeddable":true,"href":"https:\/\/www.iceagetv.com\/radiosite\/wp-json\/wp\/v2\/media\/13870"}],"wp:attachment":[{"href":"https:\/\/www.iceagetv.com\/radiosite\/wp-json\/wp\/v2\/media?parent=13869"}],"wp:term":[{"taxonomy":"category","embeddable":true,"href":"https:\/\/www.iceagetv.com\/radiosite\/wp-json\/wp\/v2\/categories?post=13869"},{"taxonomy":"post_tag","embeddable":true,"href":"https:\/\/www.iceagetv.com\/radiosite\/wp-json\/wp\/v2\/tags?post=13869"}],"curies":[{"name":"wp","href":"https:\/\/api.w.org\/{rel}","templated":true}]}}