{"id":13886,"date":"2019-12-03T19:08:04","date_gmt":"2019-12-03T19:08:04","guid":{"rendered":"http:\/\/www.iceagetv.com\/radiosite\/?p=13886"},"modified":"2019-12-03T19:08:04","modified_gmt":"2019-12-03T19:08:04","slug":"greve-du-5-decembre-rer-metros-et-bus-toutes-les-previsions-de-trafic-en-ile-de-france","status":"publish","type":"post","link":"https:\/\/www.iceagetv.com\/radiosite\/greve-du-5-decembre-rer-metros-et-bus-toutes-les-previsions-de-trafic-en-ile-de-france\/","title":{"rendered":"Gr\u00e8ve du 5 d\u00e9cembre : RER, m\u00e9tros et bus\u2026 toutes les pr\u00e9visions de trafic en Ile-de-France"},"content":{"rendered":"\n<p> Ce jeudi 5 d\u00e9cembre sera\u00a0<a rel=\"noreferrer noopener\" href=\"http:\/\/www.leparisien.fr\/societe\/greve-contre-la-reforme-des-retraites-40-reponses-pratiques-a-vos-questions-02-12-2019-8208147.php\" target=\"_blank\">noir dans les transports en Ile-de-France<\/a>, en raison de la gr\u00e8ve illimit\u00e9e contre la r\u00e9forme des retraites. Le mouvement, qui commencera d\u00e8s les premi\u00e8res heures du service jeudi matin sur le r\u00e9seau de la RATP, s&rsquo;annonce tr\u00e8s suivi. Pour ce qui est de\u00a0<a rel=\"noreferrer noopener\" href=\"http:\/\/www.leparisien.fr\/economie\/greve-sncf-votre-train-va-t-il-rouler-jeudi-5-decembre-les-previsions-de-trafic-03-12-2019-8208924.php\" target=\"_blank\">la SNCF<\/a>\u00a0en Ile-de-France, les perturbations d\u00e9buteront d\u00e8s mercredi sur la Ligne P et le RER E, \u00e0 partir de 19 h. Au total, le trafic sera consid\u00e9rablement r\u00e9duit et parfois inexistant. Onze lignes de m\u00e9tro et deux lignes de Transilien seront totalement ferm\u00e9es jeudi.<\/p>\n\n\n\n<p>Afin de garantir un service minimum aux voyageurs aux heures de pointe (6h30-9h30 et 17h-20h), la RATP a mis en place un plan transport concentrant les moyens humains sur les lignes structurantes du r\u00e9seau (RER A et B, lignes 1, 4, 7, 9 et 14 du m\u00e9tro) \u00bb, annonce l&rsquo;entreprise. Des \u00e9volutions sont susceptibles d&rsquo;\u00eatre apport\u00e9es jusqu&rsquo;\u00e0 jeudi matin, pr\u00e9cise la RATP. Pour toutes ces raisons, la RATP et la SNCF conseillent de reporter ses d\u00e9placements ce jeudi en Ile-de-France ainsi que dans le reste du pays.<\/p>\n\n\n\n<p>Le prochain point sur le trafic est pr\u00e9vu jeudi, \u00e0 17 heures.<\/p>\n\n\n\n<h2 class=\"wp-block-heading\"><strong>RER et Transilien : service extr\u00eamement perturb\u00e9<\/strong><\/h2>\n\n\n\n<p>Les trains circuleront uniquement en heures de pointe (6h30-9h30\/17h-20h). Les gares RATP seront ferm\u00e9es en dehors de ces horaires.<\/p>\n\n\n\n<p><strong>&gt; RER A :<\/strong>&nbsp;1 train sur 2 uniquement en heures de pointe. Sur les axes Cergy et Poissy, exploit\u00e9s par la SNCF, 3 trains par heure, interconnexion assur\u00e9e \u00e0 Nanterre Universit\u00e9.<\/p>\n\n\n\n<p><strong>&gt; RER B :<\/strong>&nbsp;1 train sur 3 uniquement en heures de pointe sur la partie sud. Interconnexion interrompue \u00e0 Gare du Nord. Sur la partie nord du RER B (\u00e0 partir de Gare du Nord), g\u00e9r\u00e9e par la SNCF, un train sur cinq toute la journ\u00e9e.<\/p>\n\n\n\n<p><strong>RER C<\/strong>&nbsp;: 2 trains par heure sur la branche Br\u00e9tigny, uniquement aux heures de pointe. Autres branches non desservies.<\/p>\n\n\n\n<p><strong>&gt; RER D<\/strong>&nbsp;: 4 trains par heure sur la branche Villiers-le-Bel et 2 trains par heure sur les branches Corbeil et Melun, uniquement aux heures de pointe. Changement \u00e0 Gare du Nord et Gare de Lyon.<\/p>\n\n\n\n<p><strong>&gt; RER E<\/strong>&nbsp;: Mercredi : interruption \u00e0 partir 19 heures. Jeudi : 2 trains par heure entre Paris Est et Chelles-Gournay en heures de pointe. Branche Tournan non desservie.<\/p>\n\n\n\n<p><strong>&gt; Ligne H<\/strong>&nbsp;: 1 train par heure aux heures de pointe sur les branches Pontoise et Persan via Monsoult<\/p>\n\n\n\n<p><strong>&gt; Ligne J<\/strong>&nbsp;: 2 trains par heure sur la branche Argenteuil et 3 trains par heure sur la branche Conflans-Sainte-Honorine. Uniquement aux heures de pointe.<\/p>\n\n\n\n<p><strong>&gt; Ligne K<\/strong>&nbsp;: Bus de\/vers Mitry et Roissy.<\/p>\n\n\n\n<p><strong>&gt; Ligne L<\/strong>&nbsp;: 2 trains par heure sur les branches Versailles et Saint-Nom-la-Bret\u00e8che. Uniquement aux heures de pointe.<\/p>\n\n\n\n<p><strong>&gt; Ligne N<\/strong>&nbsp;: 2 trains par heure sur la branche Saint-Quentin-en-Yvelines, uniquement aux heures de pointe.<\/p>\n\n\n\n<p><strong>&gt; Ligne P<\/strong>&nbsp;: Mercredi : interruption \u00e0 partir de 19 heures. Jeudi : 2 trains par heure entre Paris et Lagny en heures de pointe. Branche Coulommiers-Provins non desservie.<\/p>\n\n\n\n<p><strong>&gt; Lignes U et R<\/strong>&nbsp;: aucun train jeudi.<\/p>\n\n\n\n<h2 class=\"wp-block-heading\"><strong>M\u00e9tros : trafic extr\u00eamement perturb\u00e9<\/strong><\/h2>\n\n\n\n<p><strong>Ligne 4<\/strong>&nbsp;: 1 train sur 3 aux heures de pointe<\/p>\n\n\n\n<p><strong>Ligne 7<\/strong>&nbsp;: 1 train sur 4 aux heures de pointe<\/p>\n\n\n\n<p><strong>Ligne 9<\/strong>&nbsp;: 1 train sur 4 entre Nation et Mairie de Montreuil aux heures de pointe<\/p>\n\n\n\n<p><strong>Lignes ferm\u00e9es<\/strong>&nbsp;: 2, 3, 3bis, 5, 6, 7 bis, 8, 10, 11, 12, 13<\/p>\n\n\n\n<p><strong>Trafic normal avec risque de saturation<\/strong>&nbsp;en heure de pointe : ligne 1 et ligne 14 (automatiques).<\/p>\n\n\n\n<h2 class=\"wp-block-heading\"><strong>Tramways : service extr\u00eamement perturb\u00e9<\/strong><\/h2>\n\n\n\n<p><strong>T6<\/strong>&nbsp;: en moyenne 1 tramway sur 2 toute la journ\u00e9e.<\/p>\n\n\n\n<p><strong>T7 et T8<\/strong>&nbsp;: en moyenne 1 tramway sur 3 toute la journ\u00e9e.<\/p>\n\n\n\n<p><strong>T1, T2, T3a, T3b, T5<\/strong>&nbsp;: en moyenne 1 tramway sur 3 en heures de pointe.<\/p>\n\n\n\n<p><strong>T4<\/strong>&nbsp;(SNCF) : 2 trains sur 3.<\/p>\n\n\n\n<p><strong>T11<\/strong>&nbsp;(SNCF) : 1 train sur 2.<\/p>\n\n\n\n<h2 class=\"wp-block-heading\"><strong>Bus : service extr\u00eamement perturb\u00e9<\/strong><\/h2>\n\n\n\n<p><strong>Un bus sur trois<\/strong>&nbsp;circulera en moyenne sur l&rsquo;ensemble du r\u00e9seau RATP.<\/p>\n\n\n\n<p>Les pr\u00e9visions compl\u00e8tes et le trafic en temps r\u00e9el sont \u00e0 retrouver&nbsp;<a href=\"https:\/\/www.ratp.fr\/informations\" target=\"_blank\" rel=\"noreferrer noopener\">sur le site de la RATP<\/a>.<\/p>\n\n\n\n<p><\/p>\n","protected":false},"excerpt":{"rendered":"<p>Ce jeudi 5 d\u00e9cembre sera\u00a0noir dans les transports en Ile-de-France, en raison de la gr\u00e8ve illimit\u00e9e contre la r\u00e9forme des retraites. Le mouvement, qui commencera d\u00e8s les premi\u00e8res heures du service jeudi matin sur le r\u00e9seau de la RATP, s&rsquo;annonce tr\u00e8s suivi. Pour ce qui est de\u00a0la SNCF\u00a0en Ile-de-France, les perturbations d\u00e9buteront d\u00e8s mercredi sur [&hellip;]<\/p>\n","protected":false},"author":2,"featured_media":13887,"comment_status":"open","ping_status":"open","sticky":false,"template":"","format":"standard","meta":{"_jetpack_memberships_contains_paid_content":false,"footnotes":"","jetpack_publicize_message":"","jetpack_publicize_feature_enabled":true,"jetpack_social_post_already_shared":true,"jetpack_social_options":{"image_generator_settings":{"template":"highway","default_image_id":0,"font":"","enabled":false},"version":2},"_wpas_customize_per_network":false},"categories":[405],"tags":[],"class_list":["post-13886","post","type-post","status-publish","format-standard","has-post-thumbnail","hentry","category-actu-france-monde"],"jetpack_publicize_connections":[],"jetpack_featured_media_url":"https:\/\/i0.wp.com\/www.iceagetv.com\/radiosite\/wp-content\/uploads\/2019\/12\/Gr%C3%A8ve-du-5-d%C3%A9cembre.jpg?fit=932%2C582&ssl=1","jetpack_sharing_enabled":true,"_links":{"self":[{"href":"https:\/\/www.iceagetv.com\/radiosite\/wp-json\/wp\/v2\/posts\/13886","targetHints":{"allow":["GET"]}}],"collection":[{"href":"https:\/\/www.iceagetv.com\/radiosite\/wp-json\/wp\/v2\/posts"}],"about":[{"href":"https:\/\/www.iceagetv.com\/radiosite\/wp-json\/wp\/v2\/types\/post"}],"author":[{"embeddable":true,"href":"https:\/\/www.iceagetv.com\/radiosite\/wp-json\/wp\/v2\/users\/2"}],"replies":[{"embeddable":true,"href":"https:\/\/www.iceagetv.com\/radiosite\/wp-json\/wp\/v2\/comments?post=13886"}],"version-history":[{"count":1,"href":"https:\/\/www.iceagetv.com\/radiosite\/wp-json\/wp\/v2\/posts\/13886\/revisions"}],"predecessor-version":[{"id":13888,"href":"https:\/\/www.iceagetv.com\/radiosite\/wp-json\/wp\/v2\/posts\/13886\/revisions\/13888"}],"wp:featuredmedia":[{"embeddable":true,"href":"https:\/\/www.iceagetv.com\/radiosite\/wp-json\/wp\/v2\/media\/13887"}],"wp:attachment":[{"href":"https:\/\/www.iceagetv.com\/radiosite\/wp-json\/wp\/v2\/media?parent=13886"}],"wp:term":[{"taxonomy":"category","embeddable":true,"href":"https:\/\/www.iceagetv.com\/radiosite\/wp-json\/wp\/v2\/categories?post=13886"},{"taxonomy":"post_tag","embeddable":true,"href":"https:\/\/www.iceagetv.com\/radiosite\/wp-json\/wp\/v2\/tags?post=13886"}],"curies":[{"name":"wp","href":"https:\/\/api.w.org\/{rel}","templated":true}]}}