{"id":13908,"date":"2019-12-04T20:08:50","date_gmt":"2019-12-04T20:08:50","guid":{"rendered":"http:\/\/www.iceagetv.com\/radiosite\/?p=13908"},"modified":"2019-12-04T20:08:50","modified_gmt":"2019-12-04T20:08:50","slug":"manifestation-de-jeudi-a-paris-la-cgt-cheminots-craint-des-violences-policieres","status":"publish","type":"post","link":"https:\/\/www.iceagetv.com\/radiosite\/manifestation-de-jeudi-a-paris-la-cgt-cheminots-craint-des-violences-policieres\/","title":{"rendered":"Manifestation de jeudi \u00e0 Paris: la CGT Cheminots craint des violences polici\u00e8res"},"content":{"rendered":"\n<h2 class=\"wp-block-heading\">Sur le fond du conflit, les militants de la CGT-cheminots sont pr\u00eats \u00e0 prolonger la gr\u00e8ve \u00ab\u00a0aussi longtemps que le gouvernement maintiendra son projet\u00a0\u00bb, a indiqu\u00e9 Laurent Brun,&nbsp;num\u00e9ro un de la CGT-Cheminots ce mercredi.<\/h2>\n\n\n\n<p>Le parcours de la manifestation parisienne de jeudi c<a href=\"https:\/\/www.bfmtv.com\/societe\/greve-dans-les-transports-des-perturbations-des-ce-mercredi-soir-en-ile-de-france-1818455.html\">ontre la r\u00e9forme des retraites&nbsp;<\/a>est \u00ab\u00a0tr\u00e8s compliqu\u00e9\u00a0\u00bb \u00e0 s\u00e9curiser, s&rsquo;est inqui\u00e9t\u00e9 mercredi le num\u00e9ro un de la CGT-Cheminots, Laurent Brun, qui craint une \u00ab\u00a0volont\u00e9 de l&rsquo;\u00c9tat de faire r\u00e9gner la terreur dans les manifestations\u00a0\u00bb, en faisant charger les CRS pour lutter contre les casseurs.<\/p>\n\n\n\n<blockquote class=\"wp-block-quote is-layout-flow wp-block-quote-is-layout-flow\"><p>\u00ab\u00a0Le d\u00e9part qui a \u00e9t\u00e9 impos\u00e9 \u00e0 Paris, de Gare de l&rsquo;Est, il est tr\u00e8s compliqu\u00e9 pour la s\u00e9curisation de la manifestation\u00a0\u00bb, a soulign\u00e9 Laurent Brun sur franceinfo.&nbsp;&nbsp; &nbsp;<\/p><\/blockquote>\n\n\n\n<h3 class=\"wp-block-heading\">Les casseurs, \u00ab\u00a0pas dans les rangs\u00a0\u00bb de la CGT<\/h3>\n\n\n\n<p>\u00ab\u00a0Les casseurs ne sont pas dans (les) rangs\u00a0\u00bb de la CGT, mais le lieu de d\u00e9part du cort\u00e8ge, \u00ab\u00a0dans une zone tr\u00e8s \u00e9troite, avec \u00e9norm\u00e9ment de rues perpendiculaires qui permettent beaucoup d&rsquo;acc\u00e8s hors manif\u00a0\u00bb, peut laisser penser que le pr\u00e9fet de police a choisi ce parcours \u00ab\u00a0\u00e0 dessein\u00a0\u00bb, et qu&rsquo;il \u00ab\u00a0n&rsquo;a pas fait tout ce qu&rsquo;il fallait pour que cette manifestation ait lieu dans les meilleures conditions\u00a0\u00bb, a encore d\u00e9nonc\u00e9 le leader syndical.<br>&nbsp;&nbsp; &nbsp;<br>Comme on lui demandait si, selon lui, le pr\u00e9fet de police \u00ab\u00a0cherche des affrontements et des violences\u00a0\u00bb, Laurent Brun a r\u00e9pondu: \u00ab\u00a0c&rsquo;est ce que nous craignons\u00a0\u00bb.<br>&nbsp;&nbsp; &nbsp;<br>Selon lui, l&rsquo;\u00c9tat \u00ab\u00a0justifie\u00a0\u00bb par avance \u00ab\u00a0le fait qu&rsquo;il va y avoir des charges contre les manifestants, et \u00e7a c&rsquo;est inacceptable\u00a0\u00bb. \u00ab\u00a0Les forces de police sont l\u00e0 pour garantir la s\u00e9curit\u00e9 publique (&#8230;) mais s&rsquo;il y a des charges contre les manifestants, s&rsquo;il y a des gazages (&#8230;), \u00e7a sera une volont\u00e9 de l&rsquo;\u00c9tat de faire r\u00e9gner la terreur dans les manifestations pour dissuader les gens de manifester\u00a0\u00bb, selon Laurent Brun.<\/p>\n","protected":false},"excerpt":{"rendered":"<p>Sur le fond du conflit, les militants de la CGT-cheminots sont pr\u00eats \u00e0 prolonger la gr\u00e8ve \u00ab\u00a0aussi longtemps que le gouvernement maintiendra son projet\u00a0\u00bb, a indiqu\u00e9 Laurent Brun,&nbsp;num\u00e9ro un de la CGT-Cheminots ce mercredi. Le parcours de la manifestation parisienne de jeudi contre la r\u00e9forme des retraites&nbsp;est \u00ab\u00a0tr\u00e8s compliqu\u00e9\u00a0\u00bb \u00e0 s\u00e9curiser, s&rsquo;est inqui\u00e9t\u00e9 mercredi le [&hellip;]<\/p>\n","protected":false},"author":2,"featured_media":13909,"comment_status":"open","ping_status":"open","sticky":false,"template":"","format":"standard","meta":{"_jetpack_memberships_contains_paid_content":false,"footnotes":"","jetpack_publicize_message":"","jetpack_publicize_feature_enabled":true,"jetpack_social_post_already_shared":true,"jetpack_social_options":{"image_generator_settings":{"template":"highway","default_image_id":0,"font":"","enabled":false},"version":2},"_wpas_customize_per_network":false},"categories":[405],"tags":[],"class_list":["post-13908","post","type-post","status-publish","format-standard","has-post-thumbnail","hentry","category-actu-france-monde"],"jetpack_publicize_connections":[],"jetpack_featured_media_url":"https:\/\/i0.wp.com\/www.iceagetv.com\/radiosite\/wp-content\/uploads\/2019\/12\/Manifestation-de-jeudi.jpeg?fit=900%2C600&ssl=1","jetpack_sharing_enabled":true,"_links":{"self":[{"href":"https:\/\/www.iceagetv.com\/radiosite\/wp-json\/wp\/v2\/posts\/13908","targetHints":{"allow":["GET"]}}],"collection":[{"href":"https:\/\/www.iceagetv.com\/radiosite\/wp-json\/wp\/v2\/posts"}],"about":[{"href":"https:\/\/www.iceagetv.com\/radiosite\/wp-json\/wp\/v2\/types\/post"}],"author":[{"embeddable":true,"href":"https:\/\/www.iceagetv.com\/radiosite\/wp-json\/wp\/v2\/users\/2"}],"replies":[{"embeddable":true,"href":"https:\/\/www.iceagetv.com\/radiosite\/wp-json\/wp\/v2\/comments?post=13908"}],"version-history":[{"count":1,"href":"https:\/\/www.iceagetv.com\/radiosite\/wp-json\/wp\/v2\/posts\/13908\/revisions"}],"predecessor-version":[{"id":13910,"href":"https:\/\/www.iceagetv.com\/radiosite\/wp-json\/wp\/v2\/posts\/13908\/revisions\/13910"}],"wp:featuredmedia":[{"embeddable":true,"href":"https:\/\/www.iceagetv.com\/radiosite\/wp-json\/wp\/v2\/media\/13909"}],"wp:attachment":[{"href":"https:\/\/www.iceagetv.com\/radiosite\/wp-json\/wp\/v2\/media?parent=13908"}],"wp:term":[{"taxonomy":"category","embeddable":true,"href":"https:\/\/www.iceagetv.com\/radiosite\/wp-json\/wp\/v2\/categories?post=13908"},{"taxonomy":"post_tag","embeddable":true,"href":"https:\/\/www.iceagetv.com\/radiosite\/wp-json\/wp\/v2\/tags?post=13908"}],"curies":[{"name":"wp","href":"https:\/\/api.w.org\/{rel}","templated":true}]}}