{"id":13911,"date":"2019-12-05T12:22:39","date_gmt":"2019-12-05T12:22:39","guid":{"rendered":"http:\/\/www.iceagetv.com\/radiosite\/?p=13911"},"modified":"2019-12-05T16:52:02","modified_gmt":"2019-12-05T16:52:02","slug":"speciale-greve-premiers-incidents-dans-les-manifestations-a-nantes-et-a-lyon-la-police-riposte-edouard-philippe-devoilera-en-milieu-de-semaine-prochaine-larchitecture-generale-de-la-reforme","status":"publish","type":"post","link":"https:\/\/www.iceagetv.com\/radiosite\/speciale-greve-premiers-incidents-dans-les-manifestations-a-nantes-et-a-lyon-la-police-riposte-edouard-philippe-devoilera-en-milieu-de-semaine-prochaine-larchitecture-generale-de-la-reforme\/","title":{"rendered":"Sp\u00e9ciale Gr\u00e8ve &#8211; Gr\u00e8ve &#8211; Incidents \u00e0 Paris en marge du cort\u00e8ge &#8211; M\u00e9lenchon lance un nouvel appel \u00e0 manifester samedi &#8211; Demain: 90% des TGV annul\u00e9s et 70% des TER &#8211; 10 lignes de m\u00e9tro ferm\u00e9es \u00e0 Paris- 30% des avions annul\u00e9s"},"content":{"rendered":"\n<p>  <\/p>\n\n\n\n<p><strong>GREVE&nbsp;<\/strong>Selon la pr\u00e9fecture de police, les forces de l&rsquo;ordre essuient des tirs de mortier place de la R\u00e9publique \u00e0 Paris.<a href=\"https:\/\/www.francetvinfo.fr\/live\/message\/5de\/934\/2c8\/256\/bf0\/ae7\/375\/823.html\" target=\"_blank\" rel=\"noreferrer noopener\">4 min<\/a><\/p>\n\n\n\n<p><\/p>\n\n\n\n<p><strong>GREVE Premiers incidents dans le cort\u00e8ge parisien aux abords de la place de la R\u00e9publique.<\/strong> <\/p>\n\n\n\n<p>La pr\u00e9fecture de police de Paris annonce 18 interpellations et 3 119 contr\u00f4les pr\u00e9ventifs \u00e0 la mi-journ\u00e9e. <\/p>\n\n\n\n<p>Autre lieu pris\u00e9 des touristes du monde entier, le ch\u00e2teau de Versailles conseille de \u00abreporter les visites\u00bb jeudi et vendredi car l\u2019ouverture du domaine sera perturb\u00e9e.<\/p>\n\n\n\n<p>Mus\u00e9e le plus fr\u00e9quent\u00e9 au monde, le Louvre tablait mercredi sur une ouverture qui \u00abpourrait \u00eatre retard\u00e9e\u00bb avec certaines salles \u00abexceptionnellement ferm\u00e9es\u00bb, dans un tweet au conditionnel, encore susceptible d\u2019\u00e9voluer.<\/p>\n\n\n\n<p><strong>12h56:&nbsp;<\/strong>A Nantes, la situation \u00e9tait \u00e9galement tendue lors de la manifestation. Des personnes s&rsquo;en sont pris aux palissades de chantier dans le centre-ville.<\/p>\n\n\n\n<blockquote class=\"wp-block-quote is-layout-flow wp-block-quote-is-layout-flow\"><p>Situation confuse au Miroir d\u2019eau plong\u00e9 sous un nuage de lacrymo&nbsp;<a href=\"https:\/\/twitter.com\/hashtag\/Nantes?src=hash&amp;ref_src=twsrc%5Etfw\">#Nantes<\/a>&nbsp;<a href=\"https:\/\/twitter.com\/hashtag\/grevedu5decembre?src=hash&amp;ref_src=twsrc%5Etfw\">#grevedu5decembre<\/a>&nbsp;<a href=\"https:\/\/t.co\/rdcDriLsbi\">pic.twitter.com\/rdcDriLsbi<\/a>\u2014 20 Minutes Nantes (@20minutesnantes)&nbsp;<a href=\"https:\/\/twitter.com\/20minutesnantes\/status\/1202559496511524864?ref_src=twsrc%5Etfw\">December 5, 2019<\/a><\/p><\/blockquote>\n\n\n\n<blockquote class=\"wp-block-quote is-layout-flow wp-block-quote-is-layout-flow\"><p><strong><a href=\"https:\/\/twitter.com\/hashtag\/5decembre2019?src=hash&amp;ref_src=twsrc%5Etfw\">#5decembre2019<\/a>&nbsp;<a href=\"https:\/\/twitter.com\/hashtag\/nantes?src=hash&amp;ref_src=twsrc%5Etfw\">#nantes<\/a>&nbsp;des \u00e9l\u00e9ments pr\u00e8s \u00e0 en d\u00e9coudre s\u2019<a href=\"https:\/\/www.jeanmarcmorandini.com\/cdn-cgi\/l\/email-protection\">[email&nbsp;protected]<\/a>&nbsp;aux palissades de chantier \u00e0 Commerce&nbsp;<a href=\"https:\/\/t.co\/wdPeBigST2\">pic.twitter.com\/wdPeBigST2<\/a><\/strong><strong>\u2014 DIRECTPO (@DIRECTPO)&nbsp;<a href=\"https:\/\/twitter.com\/DIRECTPO\/status\/1202552386679640064?ref_src=twsrc%5Etfw\">December 5, 2019<\/a><\/strong><\/p><\/blockquote>\n\n\n\n<blockquote class=\"wp-block-quote is-layout-flow wp-block-quote-is-layout-flow\"><p><strong><a href=\"https:\/\/twitter.com\/hashtag\/Rennes?src=hash&amp;ref_src=twsrc%5Etfw\">#Rennes<\/a>&nbsp;<a href=\"https:\/\/twitter.com\/hashtag\/greve5decembre?src=hash&amp;ref_src=twsrc%5Etfw\">#greve5decembre<\/a>&nbsp;Situation toujours tendue boulevard Libert\u00e9, les vitrines sont bris\u00e9es une \u00e0 une, des feux sont mis \u00e0 des poubelles. Pour l\u2019instant, pas d\u2019intervention des forces de l\u2019ordre&nbsp;<a href=\"https:\/\/t.co\/LPTcFvrdqi\">pic.twitter.com\/LPTcFvrdqi<\/a><\/strong><strong>\u2014 Ouest-France 35 (@ouestfrance35)&nbsp;<a href=\"https:\/\/twitter.com\/ouestfrance35\/status\/1202553409553027072?ref_src=twsrc%5Etfw\">December 5, 2019<\/a><\/strong><\/p><cite>A Rennes, la situation \u00e9tait tendue lors de la manifestation, rapporte Ouest-France<br> Rennes #greve5decembre Biulevard Libert\u00e9, le d\u00e9fil\u00e9 de l\u2019ultra-gauche s\u2019en prend aux vitrines des commerces. La situation se tend pic.twitter.com\/aFoxpP8Dqf<br> \u2014 Ouest-France 35 (@ouestfrance35) December 5, 2019<br> Rennes #greve5decembre Situation toujours tendue boulevard Libert\u00e9, les vitrines sont bris\u00e9es une \u00e0 une, des feux sont mis \u00e0 des poubelles. Pour l\u2019instant, pas d\u2019intervention des forces de l\u2019ordre pic.twitter.com\/LPTcFvrdqi<br> \u2014 Ouest-France 35 (@ouestfrance35) December 5, 2019<\/cite><\/blockquote>\n\n\n\n<p>Sept des huit raffineries fran\u00e7aises sont en gr\u00e8ve dans le cadre du mouvement social contre la r\u00e9forme des retraites et \u00abaucun produit ne sort, par pipeline ou par chargement de camion\u00bb, a indiqu\u00e9 jeudi \u00e0 l\u2019AFP Emmanuel L\u00e9pine, secr\u00e9taire f\u00e9d\u00e9ral CGT Chimie.<\/p>\n\n\n\n<p>En milieu de matin\u00e9e, douze d\u00e9p\u00f4ts sur un total de 200 \u00e9taient bloqu\u00e9s en France dont 7 de Total, a indiqu\u00e9 \u00e0 l\u2019AFP le groupe p\u00e9trolier fran\u00e7ais.<\/p>\n\n\n\n<p>Les raffineries op\u00e9r\u00e9es par Total \u00e0 Donges (Loire-Atlantique), Gonfreville-l\u2019Orcher (Seine-Maritime), Grandpuits (Seine-et-Marne), Feyzin (m\u00e9tropole de Lyon) et la M\u00e8de (Bouches-du-Rh\u00f4ne) sont en gr\u00e8ve, ont pr\u00e9cis\u00e9 le groupe et la CGT.<\/p>\n\n\n\n<p>A ce stade, les raffineries ne sont pas elles-m\u00eames arr\u00eat\u00e9es, mais aucun produit n\u2019en sort, ont pr\u00e9cis\u00e9 ces sources.<\/p>\n\n\n\n<p>La raffinerie Esso de Fos-sur-Mer et celle de Petroin\u00e9os \u00e0 Lavera, \u00e9galement sur l\u2019\u00e9tang de Berre (Bouches-du-Rh\u00f4ne), sont \u00e9galement bloqu\u00e9es, selon M. L\u00e9pine. Seule la raffinerie Esso de Port-J\u00e9r\u00f4me-Gravenchon (Seine-Maritime) n\u2019est pas touch\u00e9e par le mouvement, assure-t-il.<\/p>\n\n\n\n<p>Selon Emmanuel L\u00e9pine, c\u2019est du \u00abjamais vu\u00bb, les pr\u00e9c\u00e9dents mouvements dans les raffineries (2018 sur les salaires, 2016 contre la loi El Khomri, 2010 contre la r\u00e9forme Sarkozy des retraites) \u00e9tant \u00e0 la fois moins suivis et moins \u00e9tendus. Ainsi, le d\u00e9p\u00f4t de Fos et les soci\u00e9t\u00e9s de pipelines Trapsil et SPSE n\u2019avaient pas suivi le mouvement, dit-il.<\/p>\n\n\n\n<p>Deux soci\u00e9t\u00e9s op\u00e9rant des pipelines, Trapil et SPSE, sont \u00e9galement \u00e0 l\u2019arr\u00eat, ainsi que le d\u00e9p\u00f4t et le port p\u00e9troliers de Fos, de m\u00eame que le port p\u00e9trolier du Havre. Selon Total, \u00abla cha\u00eene logistique d\u2019approvisionnement des carburants est adapt\u00e9e pour r\u00e9pondre \u00e0 la situation actuelle, qui n\u2019a pas \u00e0 cette heure d\u2019impact sur l\u2019approvisionnement de nos stations\u00bb. Le groupe \u00abrecommande \u00e0 (ses) clients de ne pas modifier leurs habitudes de consommation\u00bb. Il s\u2019agit selon lui soit de blocages, soit de barrages filtrants. Sont \u00e9galement concern\u00e9s notamment les d\u00e9p\u00f4ts de Portes-les-Valence (Dr\u00f4me) et de Puget-sur-Argens (Var).<\/p>\n\n\n\n<p>La pr\u00e9fecture de police de Paris annonce qu&rsquo;\u00e0 12h, 3.119 personnes ont \u00e9t\u00e9 contr\u00f4l\u00e9es et 18 personnes ont \u00e9t\u00e9 interpell\u00e9es.<\/p>\n\n\n\n<p>Bilan \u00e0 12h de l&rsquo;action de la @prefpolice<br>\n3119 personnes contr\u00f4l\u00e9es<br>\n18 personnes interpell\u00e9es pic.twitter.com\/3BUpYx2YrV<\/p>\n\n\n\n<p>\u2014 Pr\u00e9fecture de Police (@prefpolice) December 5, 2019<\/p>\n\n\n\n<p>Quelques chiffres des manifestations contre la r\u00e9forme des retraites dans le Loiret : 8.000 \u00e0 Orl\u00e9ans, plus de 1.000 \u00e0 Montargis, 150 \u00e0 Pithiviers<\/p>\n\n\n\n<blockquote class=\"wp-block-quote is-layout-flow wp-block-quote-is-layout-flow\"><p>EN IMAGES &#8211; Beaucoup de monde dans les manifestations contre la r\u00e9forme des retraites dans le Loiret : 8000 \u00e0 Orl\u00e9ans, plus de 1000 \u00e0 Montargis, 150 \u00e0 Pithiviers.<\/p><\/blockquote>\n\n\n\n<p><\/p>\n\n\n\n<p><\/p>\n","protected":false},"excerpt":{"rendered":"<p>GREVE&nbsp;Selon la pr\u00e9fecture de police, les forces de l&rsquo;ordre essuient des tirs de mortier place de la R\u00e9publique \u00e0 Paris.4 min GREVE Premiers incidents dans le cort\u00e8ge parisien aux abords de la place de la R\u00e9publique. La pr\u00e9fecture de police de Paris annonce 18 interpellations et 3 119 contr\u00f4les pr\u00e9ventifs \u00e0 la mi-journ\u00e9e. Autre lieu [&hellip;]<\/p>\n","protected":false},"author":2,"featured_media":13912,"comment_status":"open","ping_status":"open","sticky":false,"template":"","format":"standard","meta":{"_jetpack_memberships_contains_paid_content":false,"footnotes":"","jetpack_publicize_message":"","jetpack_publicize_feature_enabled":true,"jetpack_social_post_already_shared":true,"jetpack_social_options":{"image_generator_settings":{"template":"highway","default_image_id":0,"font":"","enabled":false},"version":2},"_wpas_customize_per_network":false},"categories":[405],"tags":[],"class_list":["post-13911","post","type-post","status-publish","format-standard","has-post-thumbnail","hentry","category-actu-france-monde"],"jetpack_publicize_connections":[],"jetpack_featured_media_url":"https:\/\/i0.wp.com\/www.iceagetv.com\/radiosite\/wp-content\/uploads\/2019\/12\/Sp%C3%A9ciale-Gr%C3%A8ve.jpg?fit=550%2C366&ssl=1","jetpack_sharing_enabled":true,"_links":{"self":[{"href":"https:\/\/www.iceagetv.com\/radiosite\/wp-json\/wp\/v2\/posts\/13911","targetHints":{"allow":["GET"]}}],"collection":[{"href":"https:\/\/www.iceagetv.com\/radiosite\/wp-json\/wp\/v2\/posts"}],"about":[{"href":"https:\/\/www.iceagetv.com\/radiosite\/wp-json\/wp\/v2\/types\/post"}],"author":[{"embeddable":true,"href":"https:\/\/www.iceagetv.com\/radiosite\/wp-json\/wp\/v2\/users\/2"}],"replies":[{"embeddable":true,"href":"https:\/\/www.iceagetv.com\/radiosite\/wp-json\/wp\/v2\/comments?post=13911"}],"version-history":[{"count":5,"href":"https:\/\/www.iceagetv.com\/radiosite\/wp-json\/wp\/v2\/posts\/13911\/revisions"}],"predecessor-version":[{"id":13924,"href":"https:\/\/www.iceagetv.com\/radiosite\/wp-json\/wp\/v2\/posts\/13911\/revisions\/13924"}],"wp:featuredmedia":[{"embeddable":true,"href":"https:\/\/www.iceagetv.com\/radiosite\/wp-json\/wp\/v2\/media\/13912"}],"wp:attachment":[{"href":"https:\/\/www.iceagetv.com\/radiosite\/wp-json\/wp\/v2\/media?parent=13911"}],"wp:term":[{"taxonomy":"category","embeddable":true,"href":"https:\/\/www.iceagetv.com\/radiosite\/wp-json\/wp\/v2\/categories?post=13911"},{"taxonomy":"post_tag","embeddable":true,"href":"https:\/\/www.iceagetv.com\/radiosite\/wp-json\/wp\/v2\/tags?post=13911"}],"curies":[{"name":"wp","href":"https:\/\/api.w.org\/{rel}","templated":true}]}}