{"id":13917,"date":"2019-12-05T14:48:47","date_gmt":"2019-12-05T14:48:47","guid":{"rendered":"http:\/\/www.iceagetv.com\/radiosite\/?p=13917"},"modified":"2019-12-05T14:48:47","modified_gmt":"2019-12-05T14:48:47","slug":"reforme-des-retraites-le-gouvernement-promet-un-projet-avant-la-fin-de-semaine-prochaine","status":"publish","type":"post","link":"https:\/\/www.iceagetv.com\/radiosite\/reforme-des-retraites-le-gouvernement-promet-un-projet-avant-la-fin-de-semaine-prochaine\/","title":{"rendered":"R\u00e9forme des retraites : le gouvernement promet \u00ab un projet avant la fin de semaine prochaine"},"content":{"rendered":"\n<p><em>Nous sommes dans le dernier kilom\u00e8tre&nbsp;\u00bb<\/em>, affirme-t-on au sein de l\u2019ex\u00e9cutif. Alors que les gr\u00e8ves et les manifestations contre la r\u00e9forme des retraites ont d\u00e9but\u00e9, jeudi 5&nbsp;d\u00e9cembre, Emmanuel Macron et son gouvernement pourraient enfin sortir du brouillard entretenu depuis plusieurs mois et poser&nbsp;<em>\u00ab&nbsp;un projet sur la table&nbsp;avant la fin de la semaine prochaine&nbsp;\u00bb<\/em>, assure un conseiller de l\u2019Elys\u00e9e.<\/p>\n\n\n\n<p>Une&nbsp;<em>\u00ab&nbsp;architecture g\u00e9n\u00e9rale&nbsp;\u00bb<\/em>&nbsp;qui doit \u00eatre pr\u00e9cis\u00e9e par le premier ministre, Edouard Philippe,&nbsp;<em>\u00ab&nbsp;vraisemblablement en milieu de semaine prochaine&nbsp;\u00bb<\/em>, pr\u00e9cise-t-on de m\u00eame source.&nbsp;<em>\u00ab&nbsp;Ce n\u2019est pas tranch\u00e9&nbsp;\u00bb<\/em>, nuance-t-on \u00e0 Matignon.Gr\u00e8ve du 5&nbsp;d\u00e9cembre en direct&nbsp;:&nbsp;<a href=\"https:\/\/www.lemonde.fr\/societe\/live\/2019\/12\/05\/greve-du-5-decembre-suivez-en-direct-la-journee-de-mobilisation-contre-la-reforme-des-retraites_6021736_3224.html\">suivez la journ\u00e9e de mobilisation<\/a><\/p>\n\n\n\n<p>Au pr\u00e9alable, le haut-commissaire \u00e0 la r\u00e9forme des retraites, Jean-Paul Delevoye, doit remettre une synth\u00e8se des consultations qu\u2019il aura effectu\u00e9es avec les partenaires sociaux, lundi\u00a09 ou mardi 10\u00a0d\u00e9cembre. Charge, ensuite, \u00e0 Emmanuel Macron et son premier ministre de d\u00e9terminer les derniers arbitrages.<\/p>\n\n\n\n<p>Peuvent-ils d\u00e9pendre de l\u2019ampleur de la mobilisation sociale des prochains jours&nbsp;?&nbsp;<em>\u00ab&nbsp;Les violences \u00e9ventuelles ne changeront pas le fond&nbsp;\u00bb<\/em>, veut croire une ministre, qui pr\u00e9cise n\u00e9anmoins&nbsp;:&nbsp;<em>\u00ab&nbsp;Il y a une marge de n\u00e9gociation si jamais la CFDT ou la CFTC nous dit qu\u2019on tope l\u00e0 ou l\u00e0.&nbsp;\u00bb<\/em><\/p>\n\n\n\n<p><em>\u00ab\u00a0La manifestation d\u2019aujourd\u2019hui est un \u00e9l\u00e9ment important mais l\u2019ach\u00e8vement du cycle de concertation avec les organisations syndicales est l\u2019\u00e9l\u00e9ment le plus important\u00a0\u00bb<\/em>, compl\u00e8te un conseiller de l\u2019ex\u00e9cutif.<\/p>\n\n\n\n<h2 class=\"wp-block-heading\">Edouard Philippe \u00e0 pied d\u2019\u0153uvre<\/h2>\n\n\n\n<p>Plusieurs points cruciaux restent en suspens. Notamment la question de savoir si des mesures d\u2019\u00e9conomie \u2013 qui aboutiraient \u00e0 l\u2019instauration d\u2019un \u00e2ge pivot ou d\u2019un rel\u00e8vement de l\u2019\u00e2ge de d\u00e9part \u00e0 la retraite \u2013 seront introduites dans le projet de loi.&nbsp;<em>\u00ab&nbsp;Nous devons \u00e9quilibrer les r\u00e9gimes de retraites, mais nous pouvons prendre le temps de le faire&nbsp;\u00bb<\/em>, estime un dirigeant de la majorit\u00e9. Les p\u00e9riodes de transitions conduisant des 42 r\u00e9gimes existants vers le r\u00e9gime universel ne sont par ailleurs pas encore d\u00e9cid\u00e9es.<\/p>\n\n\n\n<p>En attendant, Edouard Philippe est \u00e0 pied d\u2019\u0153uvre, jeudi, pour surveiller l\u2019\u00e9volution du mouvement. Un d\u00e9placement du premier ministre est attendu au cours de la journ\u00e9e.<\/p>\n\n\n\n<p>Emmanuel Macron, pour sa part, ne devrait en th\u00e9orie pas s\u2019exprimer sur le sujet avant que le chef du gouvernement ne l\u2019ait fait lui-m\u00eame en milieu de semaine prochaine. Le chef de l\u2019Etat, selon son entourage, se veut&nbsp;<em>\u00ab&nbsp;calme et d\u00e9termin\u00e9&nbsp;\u00bb<\/em>, m\u00eame si la mobilisation pourrait s\u2019av\u00e9rer d\u2019ampleur.<\/p>\n\n\n\n<p><em>\u00ab&nbsp;Nous nous attendons tous \u00e0 un blocage massif qui pourrait durer un petit moment&nbsp;\u00bb<\/em>, reconna\u00eet un d\u00e9put\u00e9 de La R\u00e9publique en marche.<\/p>\n\n\n\n<p><\/p>\n\n\n\n<p><\/p>\n","protected":false},"excerpt":{"rendered":"<p>Nous sommes dans le dernier kilom\u00e8tre&nbsp;\u00bb, affirme-t-on au sein de l\u2019ex\u00e9cutif. Alors que les gr\u00e8ves et les manifestations contre la r\u00e9forme des retraites ont d\u00e9but\u00e9, jeudi 5&nbsp;d\u00e9cembre, Emmanuel Macron et son gouvernement pourraient enfin sortir du brouillard entretenu depuis plusieurs mois et poser&nbsp;\u00ab&nbsp;un projet sur la table&nbsp;avant la fin de la semaine prochaine&nbsp;\u00bb, assure un [&hellip;]<\/p>\n","protected":false},"author":2,"featured_media":13918,"comment_status":"open","ping_status":"open","sticky":false,"template":"","format":"standard","meta":{"_jetpack_memberships_contains_paid_content":false,"footnotes":"","jetpack_publicize_message":"","jetpack_publicize_feature_enabled":true,"jetpack_social_post_already_shared":true,"jetpack_social_options":{"image_generator_settings":{"template":"highway","default_image_id":0,"font":"","enabled":false},"version":2},"_wpas_customize_per_network":false},"categories":[405],"tags":[],"class_list":["post-13917","post","type-post","status-publish","format-standard","has-post-thumbnail","hentry","category-actu-france-monde"],"jetpack_publicize_connections":[],"jetpack_featured_media_url":"https:\/\/i0.wp.com\/www.iceagetv.com\/radiosite\/wp-content\/uploads\/2019\/12\/R%C3%A9forme-des-retraites.jpg?fit=606%2C237&ssl=1","jetpack_sharing_enabled":true,"_links":{"self":[{"href":"https:\/\/www.iceagetv.com\/radiosite\/wp-json\/wp\/v2\/posts\/13917","targetHints":{"allow":["GET"]}}],"collection":[{"href":"https:\/\/www.iceagetv.com\/radiosite\/wp-json\/wp\/v2\/posts"}],"about":[{"href":"https:\/\/www.iceagetv.com\/radiosite\/wp-json\/wp\/v2\/types\/post"}],"author":[{"embeddable":true,"href":"https:\/\/www.iceagetv.com\/radiosite\/wp-json\/wp\/v2\/users\/2"}],"replies":[{"embeddable":true,"href":"https:\/\/www.iceagetv.com\/radiosite\/wp-json\/wp\/v2\/comments?post=13917"}],"version-history":[{"count":1,"href":"https:\/\/www.iceagetv.com\/radiosite\/wp-json\/wp\/v2\/posts\/13917\/revisions"}],"predecessor-version":[{"id":13919,"href":"https:\/\/www.iceagetv.com\/radiosite\/wp-json\/wp\/v2\/posts\/13917\/revisions\/13919"}],"wp:featuredmedia":[{"embeddable":true,"href":"https:\/\/www.iceagetv.com\/radiosite\/wp-json\/wp\/v2\/media\/13918"}],"wp:attachment":[{"href":"https:\/\/www.iceagetv.com\/radiosite\/wp-json\/wp\/v2\/media?parent=13917"}],"wp:term":[{"taxonomy":"category","embeddable":true,"href":"https:\/\/www.iceagetv.com\/radiosite\/wp-json\/wp\/v2\/categories?post=13917"},{"taxonomy":"post_tag","embeddable":true,"href":"https:\/\/www.iceagetv.com\/radiosite\/wp-json\/wp\/v2\/tags?post=13917"}],"curies":[{"name":"wp","href":"https:\/\/api.w.org\/{rel}","templated":true}]}}