{"id":13925,"date":"2019-12-06T09:31:41","date_gmt":"2019-12-06T09:31:41","guid":{"rendered":"http:\/\/www.iceagetv.com\/radiosite\/?p=13925"},"modified":"2019-12-06T09:31:41","modified_gmt":"2019-12-06T09:31:41","slug":"greve-contre-la-reforme-des-retraites-tres-clairement-la-balle-est-dans-le-camp-dedouard-philippe-et-demmanuel-macron-affirme-la-cgt","status":"publish","type":"post","link":"https:\/\/www.iceagetv.com\/radiosite\/greve-contre-la-reforme-des-retraites-tres-clairement-la-balle-est-dans-le-camp-dedouard-philippe-et-demmanuel-macron-affirme-la-cgt\/","title":{"rendered":"Gr\u00e8ve contre la r\u00e9forme des retraites : \u00ab\u00a0Tr\u00e8s clairement la balle est dans le camp d&rsquo;\u00c9douard Philippe et d&rsquo;Emmanuel Macron\u00a0\u00bb, affirme la CGT"},"content":{"rendered":"\n<p> <em>Les salari\u00e9s ont montr\u00e9 qu&rsquo;ils \u00e9taient mobilis\u00e9s hier\u00a0\u00bb<\/em>, a d\u00e9clar\u00e9 vendredi 6 d\u00e9cembre sur franceinfo Catherine Perret, secr\u00e9taire conf\u00e9d\u00e9rale de la CGT en charge des retraites. Entre<a rel=\"noreferrer noopener\" href=\"https:\/\/www.francetvinfo.fr\/economie\/retraite\/reforme-des-retraites\/greve-du-5-decembre-806-000-personnes-ont-manifeste-en-france-selon-le-ministere-de-l-interieur-1-5-million-d-apres-la-cgt_3732213.html\" target=\"_blank\">\u00a0800 000 et 1,5 million de personnes<\/a>\u00a0ont manifest\u00e9 dans toute la France jeudi, notamment contre la\u00a0<a rel=\"noreferrer noopener\" href=\"https:\/\/www.francetvinfo.fr\/economie\/retraite\/reforme-des-retraites\/\" target=\"_blank\">r\u00e9forme des retraites<\/a>. <\/p>\n\n\n\n<p><em>r\u00e8s clairement, la balle est dans le camp d&rsquo;\u00c9douard Philippe et d&rsquo;Emmanuel Macron\u00a0\u00bb<\/em>, a estim\u00e9 Catherine Perret.<\/p>\n\n\n\n<p><em>Ce ne sont pas uniquement les salari\u00e9s des r\u00e9gimes sp\u00e9ciaux qui se sont mis en gr\u00e8ve.<\/em>Catherine Perret, de la CGT<em>\u00e0 franceinfo<\/em><\/p>\n\n\n\n<p>Pour Catherine Perret, le mouvement de gr\u00e8ve peut s&rsquo;inscrire dans la dur\u00e9e&nbsp;<em>\u00ab\u00a0s&rsquo;il n&rsquo;y a pas de r\u00e9ponse\u00a0\u00bb<\/em>&nbsp;du gouvernement. La syndicaliste met en avant deux&nbsp;<em>\u00ab\u00a0conditions pr\u00e9alables\u00a0\u00bb<\/em>&nbsp;pour que cesse le mouvement&nbsp;:&nbsp;<em>\u00ab\u00a0C&rsquo;est le retrait du projet de r\u00e9forme Macron-Delevoye et ensuite, l&rsquo;ouverture de n\u00e9gociations pour, dans le cadre du r\u00e9gime actuel, apporter des am\u00e9liorations.\u00a0\u00bb<\/em><\/p>\n\n\n\n<p><em>\u00ab\u00a0Nous ne souhaitons pas prolonger la gr\u00e8ve pendant des jours et des jours, y compris les salari\u00e9s qui sont mobilis\u00e9s. Je pense particuli\u00e8rement aux cheminots ou aux traminots. Ils n&rsquo;ont pas envie de perdre leur journ\u00e9e de travail tous les jours pendant des semaines\u00a0\u00bb<\/em>, pr\u00e9cise Catherine Perret. Selon elle, Il y a donc urgence pour le gouvernement agisse&nbsp;:&nbsp;<em>\u00ab\u00a0S&rsquo;ils veulent faire cesser rapidement la gr\u00e8ve, il faut qu\u2019ils parlent rapidement et pas attendre trois ou quatre jours.\u00a0\u00bb<\/em><\/p>\n\n\n\n<p><\/p>\n","protected":false},"excerpt":{"rendered":"<p>Les salari\u00e9s ont montr\u00e9 qu&rsquo;ils \u00e9taient mobilis\u00e9s hier\u00a0\u00bb, a d\u00e9clar\u00e9 vendredi 6 d\u00e9cembre sur franceinfo Catherine Perret, secr\u00e9taire conf\u00e9d\u00e9rale de la CGT en charge des retraites. Entre\u00a0800 000 et 1,5 million de personnes\u00a0ont manifest\u00e9 dans toute la France jeudi, notamment contre la\u00a0r\u00e9forme des retraites. r\u00e8s clairement, la balle est dans le camp d&rsquo;\u00c9douard Philippe et [&hellip;]<\/p>\n","protected":false},"author":2,"featured_media":13926,"comment_status":"open","ping_status":"open","sticky":false,"template":"","format":"standard","meta":{"_jetpack_memberships_contains_paid_content":false,"footnotes":"","jetpack_publicize_message":"","jetpack_publicize_feature_enabled":true,"jetpack_social_post_already_shared":true,"jetpack_social_options":{"image_generator_settings":{"template":"highway","default_image_id":0,"font":"","enabled":false},"version":2},"_wpas_customize_per_network":false},"categories":[405],"tags":[],"class_list":["post-13925","post","type-post","status-publish","format-standard","has-post-thumbnail","hentry","category-actu-france-monde"],"jetpack_publicize_connections":[],"jetpack_featured_media_url":"https:\/\/i0.wp.com\/www.iceagetv.com\/radiosite\/wp-content\/uploads\/2019\/12\/Gr%C3%A8ve-contre-la-r%C3%A9forme-des-retraites.jpg?fit=1196%2C450&ssl=1","jetpack_sharing_enabled":true,"_links":{"self":[{"href":"https:\/\/www.iceagetv.com\/radiosite\/wp-json\/wp\/v2\/posts\/13925","targetHints":{"allow":["GET"]}}],"collection":[{"href":"https:\/\/www.iceagetv.com\/radiosite\/wp-json\/wp\/v2\/posts"}],"about":[{"href":"https:\/\/www.iceagetv.com\/radiosite\/wp-json\/wp\/v2\/types\/post"}],"author":[{"embeddable":true,"href":"https:\/\/www.iceagetv.com\/radiosite\/wp-json\/wp\/v2\/users\/2"}],"replies":[{"embeddable":true,"href":"https:\/\/www.iceagetv.com\/radiosite\/wp-json\/wp\/v2\/comments?post=13925"}],"version-history":[{"count":1,"href":"https:\/\/www.iceagetv.com\/radiosite\/wp-json\/wp\/v2\/posts\/13925\/revisions"}],"predecessor-version":[{"id":13927,"href":"https:\/\/www.iceagetv.com\/radiosite\/wp-json\/wp\/v2\/posts\/13925\/revisions\/13927"}],"wp:featuredmedia":[{"embeddable":true,"href":"https:\/\/www.iceagetv.com\/radiosite\/wp-json\/wp\/v2\/media\/13926"}],"wp:attachment":[{"href":"https:\/\/www.iceagetv.com\/radiosite\/wp-json\/wp\/v2\/media?parent=13925"}],"wp:term":[{"taxonomy":"category","embeddable":true,"href":"https:\/\/www.iceagetv.com\/radiosite\/wp-json\/wp\/v2\/categories?post=13925"},{"taxonomy":"post_tag","embeddable":true,"href":"https:\/\/www.iceagetv.com\/radiosite\/wp-json\/wp\/v2\/tags?post=13925"}],"curies":[{"name":"wp","href":"https:\/\/api.w.org\/{rel}","templated":true}]}}