{"id":13928,"date":"2019-12-06T09:33:19","date_gmt":"2019-12-06T09:33:19","guid":{"rendered":"http:\/\/www.iceagetv.com\/radiosite\/?p=13928"},"modified":"2019-12-06T09:33:19","modified_gmt":"2019-12-06T09:33:19","slug":"la-malediction-du-telethon-de-nouveau-eclipse-par-lactualite","status":"publish","type":"post","link":"https:\/\/www.iceagetv.com\/radiosite\/la-malediction-du-telethon-de-nouveau-eclipse-par-lactualite\/","title":{"rendered":"La \u00ab\u00a0mal\u00e9diction\u00a0\u00bb du T\u00e9l\u00e9thon, de nouveau \u00e9clips\u00e9 par l&rsquo;actualit\u00e9"},"content":{"rendered":"\n<p>On pourrait presque parler de \u00ab\u00a0mal\u00e9diction\u00a0\u00bb du&nbsp;<a href=\"https:\/\/www.francetvinfo.fr\/societe\/telethon\/\" target=\"_blank\" rel=\"noreferrer noopener\">T\u00e9l\u00e9thon<\/a>. La 33e \u00e9dition de l&rsquo;\u00e9v\u00e9nement caritatif, dont franceinfo est partenaire, a lieu les vendredi 6 et samedi 7 d\u00e9cembre. Le num\u00e9ro \u00e0 appeler pour les promesses de dons, le 36 37, est connu de tous, et pourtant de moins en moins de Fran\u00e7ais le composent pour donner de l&rsquo;argent en faveur de la recherche sur les maladies rares.<\/p>\n\n\n\n<p>La collecte finale s&rsquo;\u00e9tait \u00e9lev\u00e9e en 2018 \u00e0&nbsp;<a href=\"https:\/\/www.francetvinfo.fr\/societe\/telethon\/le-telethon-a-permis-de-recolter-85-8-millions-d-euros-en-2018_3248231.html\" target=\"_blank\" rel=\"noreferrer noopener\">85,8 millions d&rsquo;euros<\/a>, contre plus de 89 millions d&rsquo;euros lors de l&rsquo;\u00e9dition pr\u00e9c\u00e9dente. Et encore une fois, le T\u00e9l\u00e9thon tombe en plein milieu du conflit social sur les retraites.&nbsp;La faute \u00e0 pas de chance : c&rsquo;est la quatri\u00e8me&nbsp;ann\u00e9e cons\u00e9cutive que le traditionnel rendez-vous caritatif est \u00e9clips\u00e9, voire compl\u00e8tement court-circuit\u00e9 par une actualit\u00e9 d&rsquo;envergure.<\/p>\n\n\n\n<h2 class=\"wp-block-heading\">2018 : la mobilisation des \u00ab\u00a0gilets jaunes\u00a0\u00bb<\/h2>\n\n\n\n<p>L&rsquo;an dernier, le T\u00e9l\u00e9thon a lieu le vendredi 7 et le samedi 8 d\u00e9cembre, et une actualit\u00e9 \u00e9crase alors toutes les autres : le mouvement des&nbsp;<a href=\"https:\/\/www.francetvinfo.fr\/economie\/transports\/gilets-jaunes\/\" target=\"_blank\" rel=\"noreferrer noopener\">\u00ab\u00a0gilets jaunes\u00a0\u00bb<\/a>.&nbsp;L&rsquo;Arc de Triomphe a \u00e9t\u00e9 d\u00e9grad\u00e9 une semaine plus t\u00f4t \u00e0 Paris. Le plateau du T\u00e9l\u00e9thon de France T\u00e9l\u00e9visions,&nbsp;place de la Concorde, doit \u00eatre&nbsp;<a href=\"https:\/\/france3-regions.francetvinfo.fr\/paris-ile-de-france\/paris\/gilets-jaunes-pas-plateau-du-telethon-place-concorde-raisons-securite-1587131.html\" target=\"_blank\" rel=\"noreferrer noopener\">d\u00e9mont\u00e9 \u00e0 la derni\u00e8re minute<\/a>.&nbsp;<\/p>\n\n\n\n<p><em>\u00ab\u00a0Pour des raisons de s\u00e9curit\u00e9, France T\u00e9l\u00e9visions assurera les 30 heures du T\u00e9l\u00e9thon en direct des studios de France T\u00e9l\u00e9visions en r\u00e9gion parisienne\u00a0\u00bb<\/em>, explique le groupe audiovisuel. Des dizaines de manifestations pour r\u00e9colter des fonds&nbsp;<a href=\"https:\/\/www.francetvinfo.fr\/economie\/transports\/gilets-jaunes\/matchs-de-foot-telethon-marche-pour-le-climat-ces-evenements-annules-ou-menaces-par-la-mobilisation-des-gilets-jaunes_3084201.html\" target=\"_blank\" rel=\"noreferrer noopener\">sont alors annul\u00e9es<\/a>&nbsp;partout en France.<\/p>\n\n\n\n<h2 class=\"wp-block-heading\">2017 : le d\u00e9c\u00e8s de Johnny&nbsp;<\/h2>\n\n\n\n<p>On remonte le fil. En 2017,&nbsp;<a href=\"https:\/\/www.francetvinfo.fr\/culture\/musique\/johnny-hallyday\/\" target=\"_blank\" rel=\"noreferrer noopener\">Johnny Hallyday<\/a>&nbsp;meurt dans la nuit du mardi 5 au mercredi 6 d\u00e9cembre, \u00e0 l&rsquo;\u00e2ge de 74 ans, terrass\u00e9 par un cancer du poumon contre lequel il se battait depuis de longs mois. Il meurt&nbsp;<a href=\"https:\/\/www.francetvinfo.fr\/culture\/musique\/johnny-hallyday\/le-telethon-perturbe-par-l-hommage-rendu-a-johnny-hallyday_2505859.html\" target=\"_blank\" rel=\"noreferrer noopener\">deux jours avant<\/a>&nbsp;le T\u00e9l\u00e9thon. Un&nbsp;<a href=\"https:\/\/www.francetvinfo.fr\/culture\/musique\/johnny-hallyday\/en-images-hommage-a-johnny-l-emotion-de-la-famille-et-des-people-proches-du-rockeur-durant-la-ceremonie_2506999.html\" target=\"_blank\" rel=\"noreferrer noopener\">hommage populaire<\/a>&nbsp;a lieu le samedi 9 d\u00e9cembre, des centaines de personnalit\u00e9s&nbsp;s&rsquo;y rassemblent.&nbsp;<\/p>\n\n\n\n<p>Pour saluer sa m\u00e9moire, France T\u00e9l\u00e9visions bouleverse ses programmes avec de nombreuses \u00e9missions sp\u00e9ciales et documentaires consacr\u00e9s au chanteur. La France regarde ailleurs&nbsp;: l&rsquo;\u00e9v\u00e9nement r\u00e9colte trois millions d&rsquo;euros de moins que l&rsquo;ann\u00e9e pr\u00e9c\u00e9dente.<\/p>\n\n\n\n<h2 class=\"wp-block-heading\">2016 : le retrait de Fran\u00e7ois Hollande<\/h2>\n\n\n\n<p>La fin de l&rsquo;ann\u00e9e 2016&nbsp;est marqu\u00e9e par l&rsquo;annonce surprise de&nbsp;Fran\u00e7ois Hollande, pr\u00e9sident de la R\u00e9publique en exercice, qu&rsquo;il&nbsp;<a href=\"https:\/\/www.francetvinfo.fr\/politique\/francois-hollande\/j-ai-decide-de-ne-pas-etre-candidat-a-l-election-presidentielle-revivez-l-allocution-de-francois-hollande-en-integralite_1948633.html\" target=\"_blank\" rel=\"noreferrer noopener\">ne se repr\u00e9sentera pas<\/a>&nbsp;\u00e0 l&rsquo;\u00e9lection pr\u00e9sidentielle. C&rsquo;est le 1er d\u00e9cembre. \u00c9ditions&nbsp;sp\u00e9ciales, r\u00e9actions politiques&#8230; Le T\u00e9l\u00e9thon est une nouvelle fois \u00e9clips\u00e9.<\/p>\n\n\n\n<p>Retour en 2019. Cette ann\u00e9e, une&nbsp;<a href=\"https:\/\/www.francetvinfo.fr\/economie\/greve\/greve-du-5-decembre\/\" target=\"_blank\" rel=\"noreferrer noopener\">gr\u00e8ve contre les retraites<\/a>, des transports et une partie de la France paralys\u00e9s. Les organisateurs de ce grand marathon caritatif&nbsp;ont d\u00e9cid\u00e9 d&rsquo;annuler \u00ab\u00a0la Marche des Maladies Rares\u00a0\u00bb, qui devait avoir lieu samedi 7 d\u00e9cembre \u00e0 Paris, face aux difficult\u00e9s pour les provinciaux pour rejoindre la capitale. Mais il n&rsquo;y a<em>&nbsp;\u00ab\u00a0pas d&rsquo;autres \u00e9v\u00e9nements annul\u00e9s \u00e0 ce jour \u00e0 notre connaissance\u00a0\u00bb<\/em>, ajoute l&rsquo;association. Le T\u00e9l\u00e9thon commence mal. Cela devient une habitude, presque une fatalit\u00e9.<\/p>\n","protected":false},"excerpt":{"rendered":"<p>On pourrait presque parler de \u00ab\u00a0mal\u00e9diction\u00a0\u00bb du&nbsp;T\u00e9l\u00e9thon. La 33e \u00e9dition de l&rsquo;\u00e9v\u00e9nement caritatif, dont franceinfo est partenaire, a lieu les vendredi 6 et samedi 7 d\u00e9cembre. Le num\u00e9ro \u00e0 appeler pour les promesses de dons, le 36 37, est connu de tous, et pourtant de moins en moins de Fran\u00e7ais le composent pour donner de [&hellip;]<\/p>\n","protected":false},"author":2,"featured_media":13929,"comment_status":"open","ping_status":"open","sticky":false,"template":"","format":"standard","meta":{"_jetpack_memberships_contains_paid_content":false,"footnotes":"","jetpack_publicize_message":"","jetpack_publicize_feature_enabled":true,"jetpack_social_post_already_shared":true,"jetpack_social_options":{"image_generator_settings":{"template":"highway","default_image_id":0,"font":"","enabled":false},"version":2},"_wpas_customize_per_network":false},"categories":[68],"tags":[],"class_list":["post-13928","post","type-post","status-publish","format-standard","has-post-thumbnail","hentry","category-actu-culturelle"],"jetpack_publicize_connections":[],"jetpack_featured_media_url":"https:\/\/i0.wp.com\/www.iceagetv.com\/radiosite\/wp-content\/uploads\/2019\/12\/La-mal%C3%A9diction-du-T%C3%A9l%C3%A9thon.jpg?fit=1197%2C450&ssl=1","jetpack_sharing_enabled":true,"_links":{"self":[{"href":"https:\/\/www.iceagetv.com\/radiosite\/wp-json\/wp\/v2\/posts\/13928","targetHints":{"allow":["GET"]}}],"collection":[{"href":"https:\/\/www.iceagetv.com\/radiosite\/wp-json\/wp\/v2\/posts"}],"about":[{"href":"https:\/\/www.iceagetv.com\/radiosite\/wp-json\/wp\/v2\/types\/post"}],"author":[{"embeddable":true,"href":"https:\/\/www.iceagetv.com\/radiosite\/wp-json\/wp\/v2\/users\/2"}],"replies":[{"embeddable":true,"href":"https:\/\/www.iceagetv.com\/radiosite\/wp-json\/wp\/v2\/comments?post=13928"}],"version-history":[{"count":1,"href":"https:\/\/www.iceagetv.com\/radiosite\/wp-json\/wp\/v2\/posts\/13928\/revisions"}],"predecessor-version":[{"id":13930,"href":"https:\/\/www.iceagetv.com\/radiosite\/wp-json\/wp\/v2\/posts\/13928\/revisions\/13930"}],"wp:featuredmedia":[{"embeddable":true,"href":"https:\/\/www.iceagetv.com\/radiosite\/wp-json\/wp\/v2\/media\/13929"}],"wp:attachment":[{"href":"https:\/\/www.iceagetv.com\/radiosite\/wp-json\/wp\/v2\/media?parent=13928"}],"wp:term":[{"taxonomy":"category","embeddable":true,"href":"https:\/\/www.iceagetv.com\/radiosite\/wp-json\/wp\/v2\/categories?post=13928"},{"taxonomy":"post_tag","embeddable":true,"href":"https:\/\/www.iceagetv.com\/radiosite\/wp-json\/wp\/v2\/tags?post=13928"}],"curies":[{"name":"wp","href":"https:\/\/api.w.org\/{rel}","templated":true}]}}