{"id":13931,"date":"2019-12-08T09:47:07","date_gmt":"2019-12-08T09:47:07","guid":{"rendered":"http:\/\/www.iceagetv.com\/radiosite\/?p=13931"},"modified":"2019-12-08T09:47:07","modified_gmt":"2019-12-08T09:47:07","slug":"greve-contre-la-reforme-des-retraites-sur-quoi-le-gouvernement-pourrait-il-lacher-du-lest","status":"publish","type":"post","link":"https:\/\/www.iceagetv.com\/radiosite\/greve-contre-la-reforme-des-retraites-sur-quoi-le-gouvernement-pourrait-il-lacher-du-lest\/","title":{"rendered":"Gr\u00e8ve contre la r\u00e9forme des retraites : sur quoi le gouvernement pourrait-il l\u00e2cher du lest ?"},"content":{"rendered":"\n<p>Son texte sera scrut\u00e9 \u00e0 la virgule pr\u00e8s. Mercredi 11 d\u00e9cembre \u00e0 midi, le Premier ministre, Edouard Philippe, doit pr\u00e9senter&nbsp;devant le Conseil \u00e9conomique, social et environnemental (Cese)&nbsp;<em>\u00ab\u00a0l&rsquo;int\u00e9gralit\u00e9 du projet\u00a0\u00bb<\/em>&nbsp;de&nbsp;<a href=\"https:\/\/www.francetvinfo.fr\/economie\/retraite\/reforme-des-retraites\/\">r\u00e9forme des retraites<\/a>, qui doit fondre les 42 r\u00e9gimes existants en un syst\u00e8me unique \u00e0 points. Alors que la&nbsp;<a href=\"https:\/\/www.francetvinfo.fr\/economie\/greve\/greve-du-5-decembre\/\">gr\u00e8ve entam\u00e9e le 5 d\u00e9cembre<\/a>&nbsp;se poursuit \u00e0 la RATP et \u00e0 la SNCF, et qu&rsquo;une nouvelle&nbsp;<a href=\"https:\/\/www.francetvinfo.fr\/economie\/greve\/greve-du-5-decembre\/greve-du-7-decembre-la-prefecture-de-paris-fait-de-nouveau-fermer-les-commerces-sur-le-parcours-mardi_3734923.html\">journ\u00e9e de mobilisation est annonc\u00e9e mardi<\/a>&nbsp;10 d\u00e9cembre, sur quoi le gouvernement pourrait-il l\u00e2cher du lest&nbsp;?<\/p>\n\n\n\n<h2 class=\"wp-block-heading\">Le temps de transition des r\u00e9gimes sp\u00e9ciaux&nbsp;<\/h2>\n\n\n\n<p>Sur le fond, le Premier ministre affirme qu&rsquo;il veut en finir avec les r\u00e9gimes sp\u00e9ciaux. Sur la forme, il a assur\u00e9, vendredi 6 d\u00e9cembre,&nbsp;qu&rsquo;il ne se pla\u00e7ait pas dans&nbsp;<em>\u00ab\u00a0une logique de confrontation\u00a0\u00bb.<\/em>&nbsp;Et il s&rsquo;est dit pr\u00eat \u00e0&nbsp;<em>\u00ab\u00a0faire en sorte que les transitions soient progressives\u00a0\u00bb<\/em>&nbsp;vers le r\u00e9gime unique.<\/p>\n\n\n\n<p>Dans cette optique, il s&rsquo;est adress\u00e9 aux employ\u00e9s de la RATP et de la SNCF en leur promettant de ne pas changer les r\u00e8gles de leur r\u00e9gime sp\u00e9cial<em>&nbsp;\u00ab\u00a0en cours de partie\u00a0\u00bb.&nbsp;<\/em>Les actuels agents statutaires ne seraient donc pas concern\u00e9s par le bouleversement du syst\u00e8me de retraites. Une \u00e9ventuelle concession d&rsquo;autant plus ais\u00e9e que la SNCF cessera \u00e0 partir de 2020 de recruter des salari\u00e9s avec le statut de cheminot, pour pr\u00e9parer l&rsquo;entr\u00e9e en vigueur de la&nbsp;<a href=\"https:\/\/www.francetvinfo.fr\/economie\/transports\/sncf\/fin-du-monopole-de-la-sncf-comment-la-mise-en-concurrence-va-t-elle-se-derouler-a-partir-de-2020_3719747.html\">concurrence<\/a>.&nbsp;<\/p>\n\n\n\n<h2 class=\"wp-block-heading\">L&rsquo;\u00e2ge des premi\u00e8res g\u00e9n\u00e9rations concern\u00e9es par la r\u00e9forme<\/h2>\n\n\n\n<p>Selon plusieurs m\u00e9dias, Edouard Philippe serait pr\u00eat \u00e0 d\u00e9caler l&rsquo;\u00e2ge des premiers salari\u00e9s concern\u00e9s par la r\u00e9forme des retraites. Le&nbsp;<a href=\"https:\/\/reforme-retraite.gouv.fr\/IMG\/pdf\/retraite_01-09_leger.pdf\">rapport Delevoye<\/a>&nbsp;propose une entr\u00e9e en vigueur du syst\u00e8me \u00e0 points \u00e0 partir de 2025, pour les g\u00e9n\u00e9rations n\u00e9es \u00e0 partir de 1963.&nbsp;<em>\u00ab\u00a0Le Premier ministre a ouvert la porte \u00e0 ce que ceux qui seront \u00e0 &lsquo;<\/em><em>dix ou quinze ans&rsquo; de la retraite ne soient pas non plus concern\u00e9s\u00a0\u00bb,<\/em>&nbsp;affirment<em>&nbsp;<a href=\"https:\/\/www.lesechos.fr\/economie-france\/social\/exclusif-reforme-des-retraites-vers-une-transition-sur-mesure-pour-les-hauts-salaires-du-prive-1153982\">Les Echos<\/a>.<\/em><\/p>\n\n\n\n<p>Les premiers concern\u00e9s seraient donc n\u00e9s dans les ann\u00e9es 70, ce qui exclurait les cinquantenaires. Pour eux, la r\u00e9forme ne s&rsquo;appliquerait pas.&nbsp;Ce compromis a \u00e9t\u00e9 sugg\u00e9r\u00e9 notamment par le num\u00e9ro un de l&rsquo;Unsa, Laurent Escure. Il a \u00e9voqu\u00e9 une&nbsp;<em>\u00ab\u00a0clause du grand fr\u00e8re\u00a0\u00bb<\/em>&nbsp;qui \u00ab\u00a0<em>prot\u00e9gerait tous les r\u00e9gimes\u00a0\u00bb<\/em>&nbsp;pour les dix \u00e0 quinze prochaines ann\u00e9es.<\/p>\n\n\n\n<h2 class=\"wp-block-heading\">La revalorisation du salaire des enseignants<\/h2>\n\n\n\n<p>Autre urgence, c\u00e2liner&nbsp;<a href=\"https:\/\/www.francetvinfo.fr\/economie\/greve\/greve-du-5-decembre\/greve-du-5-decembre-pourquoi-les-enseignants-se-mobilisent-massivement-contre-la-reforme-des-retraites_3730519.html\">les enseignants, dont le m\u00e9contentement est manifeste<\/a>, comme l&rsquo;a montr\u00e9 leur forte participation \u00e0 la gr\u00e8ve du 5 d\u00e9cembre (51,15% de gr\u00e9vistes dans le primaire et 42,32% dans le secondaire, selon les chiffres officiels du minist\u00e8re). Les professeurs figurent en effet parmi les grands perdants de la r\u00e9forme puisque leur pension ne sera plus calcul\u00e9e sur les six derniers mois mais sur l&rsquo;ensemble de la carri\u00e8re. Le Premier ministre l&rsquo;a d&rsquo;ailleurs reconnu&nbsp;:&nbsp;<em>\u00ab\u00a0Il est exact que l&rsquo;application absurde des nouvelles r\u00e8gles les p\u00e9naliserait<\/em>\u00ab\u00a0.&nbsp;<\/p>\n\n\n\n<p>D&rsquo;o\u00f9 une mesure annonc\u00e9e \u00e0 la fois par Matignon et par le ministre de l&rsquo;Education nationale, Jean-Michel Blanquer&nbsp;: la revalorisation des salaires et des primes&nbsp;<em>\u00ab\u00a0d\u00e8s 2021<\/em>\u00ab\u00a0.<br><\/p>\n","protected":false},"excerpt":{"rendered":"<p>Son texte sera scrut\u00e9 \u00e0 la virgule pr\u00e8s. Mercredi 11 d\u00e9cembre \u00e0 midi, le Premier ministre, Edouard Philippe, doit pr\u00e9senter&nbsp;devant le Conseil \u00e9conomique, social et environnemental (Cese)&nbsp;\u00ab\u00a0l&rsquo;int\u00e9gralit\u00e9 du projet\u00a0\u00bb&nbsp;de&nbsp;r\u00e9forme des retraites, qui doit fondre les 42 r\u00e9gimes existants en un syst\u00e8me unique \u00e0 points. Alors que la&nbsp;gr\u00e8ve entam\u00e9e le 5 d\u00e9cembre&nbsp;se poursuit \u00e0 la RATP [&hellip;]<\/p>\n","protected":false},"author":2,"featured_media":13932,"comment_status":"open","ping_status":"open","sticky":false,"template":"","format":"standard","meta":{"_jetpack_memberships_contains_paid_content":false,"footnotes":"","jetpack_publicize_message":"","jetpack_publicize_feature_enabled":true,"jetpack_social_post_already_shared":true,"jetpack_social_options":{"image_generator_settings":{"template":"highway","default_image_id":0,"font":"","enabled":false},"version":2},"_wpas_customize_per_network":false},"categories":[405],"tags":[],"class_list":["post-13931","post","type-post","status-publish","format-standard","has-post-thumbnail","hentry","category-actu-france-monde"],"jetpack_publicize_connections":[],"jetpack_featured_media_url":"https:\/\/i0.wp.com\/www.iceagetv.com\/radiosite\/wp-content\/uploads\/2019\/12\/Gr%C3%A8ve-contre-la-r%C3%A9forme-des-retraites-1.jpg?fit=1197%2C450&ssl=1","jetpack_sharing_enabled":true,"_links":{"self":[{"href":"https:\/\/www.iceagetv.com\/radiosite\/wp-json\/wp\/v2\/posts\/13931","targetHints":{"allow":["GET"]}}],"collection":[{"href":"https:\/\/www.iceagetv.com\/radiosite\/wp-json\/wp\/v2\/posts"}],"about":[{"href":"https:\/\/www.iceagetv.com\/radiosite\/wp-json\/wp\/v2\/types\/post"}],"author":[{"embeddable":true,"href":"https:\/\/www.iceagetv.com\/radiosite\/wp-json\/wp\/v2\/users\/2"}],"replies":[{"embeddable":true,"href":"https:\/\/www.iceagetv.com\/radiosite\/wp-json\/wp\/v2\/comments?post=13931"}],"version-history":[{"count":1,"href":"https:\/\/www.iceagetv.com\/radiosite\/wp-json\/wp\/v2\/posts\/13931\/revisions"}],"predecessor-version":[{"id":13933,"href":"https:\/\/www.iceagetv.com\/radiosite\/wp-json\/wp\/v2\/posts\/13931\/revisions\/13933"}],"wp:featuredmedia":[{"embeddable":true,"href":"https:\/\/www.iceagetv.com\/radiosite\/wp-json\/wp\/v2\/media\/13932"}],"wp:attachment":[{"href":"https:\/\/www.iceagetv.com\/radiosite\/wp-json\/wp\/v2\/media?parent=13931"}],"wp:term":[{"taxonomy":"category","embeddable":true,"href":"https:\/\/www.iceagetv.com\/radiosite\/wp-json\/wp\/v2\/categories?post=13931"},{"taxonomy":"post_tag","embeddable":true,"href":"https:\/\/www.iceagetv.com\/radiosite\/wp-json\/wp\/v2\/tags?post=13931"}],"curies":[{"name":"wp","href":"https:\/\/api.w.org\/{rel}","templated":true}]}}