{"id":13964,"date":"2019-12-11T12:21:19","date_gmt":"2019-12-11T12:21:19","guid":{"rendered":"http:\/\/www.iceagetv.com\/radiosite\/?p=13964"},"modified":"2019-12-11T12:21:19","modified_gmt":"2019-12-11T12:21:19","slug":"edouard-philippe-la-valeur-du-point-fixee-par-les-partenaires-sociaux-et-ne-baissera-jamais-les-personnes-nees-avant-1975-ne-sont-pas-concernees-par-ce-systeme-un-systeme-plus-simple-p","status":"publish","type":"post","link":"https:\/\/www.iceagetv.com\/radiosite\/edouard-philippe-la-valeur-du-point-fixee-par-les-partenaires-sociaux-et-ne-baissera-jamais-les-personnes-nees-avant-1975-ne-sont-pas-concernees-par-ce-systeme-un-systeme-plus-simple-p\/","title":{"rendered":"\u00c9douard Philippe: \u00ab\u00a0La valeur du point fix\u00e9e par les partenaires sociaux et ne baissera jamais\u00a0\u00bb &#8211; \u00ab\u00a0Les personnes n\u00e9es avant 1975 ne sont pas concern\u00e9es par ce syst\u00e8me\u00a0\u00bb &#8211; \u00ab\u00a0Un syst\u00e8me plus simple, plus fort, plus juste\u00a0\u00bb"},"content":{"rendered":"\n<p><strong>Le Premier ministre Edouard Philippe s&rsquo;exprime au Conseil \u00e9conomique, social et environnemental<br><\/strong><\/p>\n\n\n\n<p>\u00ab\u00a0Le temps est venu de construire un syst\u00e8me universel des retraites\u00a0\u00bb, \u00ab\u00a0Nous proposons un pacte pour les nouvelles g\u00e9n\u00e9rations\u00a0\u00bb<em>close<\/em><em>volume_off<\/em><\/p>\n\n\n\n<figure><iframe loading=\"lazy\" allowfullscreen=\"true\" width=\"100%\" height=\"100%\" src=\"https:\/\/www.dailymotion.com\/embed\/video\/x7np1dj?ads_params=main&amp;api=postMessage&amp;autoplay=true&amp;controls=false&amp;id=sw_dm_infeed_el_x7np1dj_hbkyzi4wa&amp;mute=true&amp;origin=https%3A%2F%2Fwww.jeanmarcmorandini.com&amp;sharing-enable=false&amp;syndication=273773\"><\/iframe><\/figure>\n\n\n\n<p>\u00ab\u00a0La France n\u2019a pas fait le choix et je crois qu\u2019elle ne fera jamais le choix du chacun pour soi et du tant-pis pour les autres. Nous ne voulons pas confier le soin de nos anciens, la cl\u00e9 de nos retraites, \u00e0 l\u2019argent-roi. C\u2019est un choix fondamental, ancien et r\u00e9p\u00e9t\u00e9 de notre pays\u00a0\u00bb, \u00ab\u00a0La France d&rsquo;aujourd&rsquo;hui veut \u00eatre une France de solidarit\u00e9 (&#8230;) Je ne veux pas de cette rh\u00e9torique guerri\u00e8re, je ne veux pas de ce rapport de force\u00a0\u00bb<\/p>\n\n\n\n<figure><iframe allowfullscreen=\"\"><\/iframe><\/figure>\n\n\n\n<p>\u00ab\u00a0Cette r\u00e9forme ne doit pas \u00eatre une bataille\u00a0\u00bb, \u00ab\u00a0Il n&rsquo;y aura ni vainqueur, ni vaincu (&#8230;) Je le dis aux Fran\u00e7ais qui s&rsquo;interrogent sur notre projet, nous sommes peut-\u00eatre en d\u00e9saccord sur certains points, mais l&rsquo;ambition d&rsquo;universalit\u00e9 port\u00e9e par le gouvernement\u00a0\u00bb<em><\/em><\/p>\n\n\n\n<p>\u00ab\u00a0Le syst\u00e8me sera le m\u00eame pour tous les Fran\u00e7ais (&#8230;) Ce sera un syst\u00e8me en points et non en trimestre\u00a0\u00bb<\/p>\n\n\n\n<p>\u00ab\u00a0La valeur du point sera fix\u00e9e par les partenaires sociaux et ne baissera jamais\u00a0\u00bb, \u00ab\u00a0Nous mettons fin aux r\u00e9gimes sp\u00e9ciaux avec calme et d\u00e9termination\u00a0\u00bb, \u00ab\u00a0La r\u00e9forme touchera \u00e9galement la totalit\u00e9 des politiques, des \u00e9lus, des ministres\u00a0\u00bb<\/p>\n\n\n\n<p>\u00ab\u00a0Le temps du syst\u00e8me universel est venu, celui des r\u00e9gimes sp\u00e9ciaux s&rsquo;ach\u00e8ve\u00a0\u00bb<\/p>\n\n\n\n<p>\u00ab\u00a0La pension minimale sera de 1.000 euros net par mois pour une carri\u00e8re normale au Smic\u00a0\u00bb, \u00ab\u00a0Les femmes seront les grandes gagnantes du syst\u00e8me universel. Aujourd&rsquo;hui, leurs pensions sont inf\u00e9rieures de moiti\u00e9 \u00e0 celles des hommes (&#8230;) Nous accorderons des points suppl\u00e9mentaires pour chaque enfant. Il sera accord\u00e9 \u00e0 la m\u00e8re\u00a0\u00bb<\/p>\n\n\n\n<p>\u00ab\u00a0Une majoration de 5% par enfant sera accord\u00e9e aux m\u00e8res d\u00e8s le 1er enfant\u00a0\u00bb, \u00ab\u00a0Il s&rsquo;agit d&rsquo;un progr\u00e8s majeur. 80 000 femmes sont contraintes d&rsquo;attendre 67 ans pour liquider leur retraite car elles n&rsquo;ont pas assez travaill\u00e9\u00a0\u00bb<\/p>\n\n\n\n<p>\u00ab\u00a0Jusqu&rsquo;au 120.000 euros annuels, tout le monde cotisera\u00a0\u00bb, \u00ab\u00a0Plus de solidarit\u00e9, c&rsquo;est faire contribuer les plus hauts revenus\u00a0\u00bb<\/p>\n\n\n\n<p>\u00ab\u00a0La gouvernance du syst\u00e8me sera confi\u00e9e aux partenaires sociaux\u00a0\u00bb.<\/p>\n\n\n\n<p>Edouard Philippe indique qu&rsquo;il \u00ab\u00a0n&rsquo;y a pas d&rsquo;agenda cach\u00e9\u00a0\u00bb. C&rsquo;est une \u00ab\u00a0transformation respectueuse des int\u00e9r\u00eats de chacun\u00a0\u00bb<\/p>\n\n\n\n<p>\u00ab\u00a0Nous garantirons l&rsquo;\u00e2ge minimal de d\u00e9part \u00e0 la retraite \u00e0 62 ans. C&rsquo;est un principe de libert\u00e9 auquel nous voulons rester fid\u00e8les\u00a0\u00bb, \u00ab\u00a0La responsabilit\u00e9, c&rsquo;est certes travailler un peu plus, mais c&rsquo;est aussi entendre les organisations syndicales qui nous demandent de prot\u00e9ger ceux qui ne peuvent pas travailler plus\u00a0\u00bb, \u00ab\u00a0La seule solution est de travailler un peu plus longtemps\u00a0\u00bb<\/p>\n\n\n\n<p>\u00ab\u00a0Ceux qui ont travaill\u00e9 t\u00f4t pourront partir deux ans avant les autres\u00a0\u00bb. A noter que les personnes qui exercent des \u00ab\u00a0m\u00e9tiers usants\u00a0\u00bb pourront partir eux aussi deux ans avant les autres.<\/p>\n\n\n\n<p>\u00ab\u00a0Un syst\u00e8me universel implique la suppression des 42 r\u00e9gimes existants, dont les r\u00e9gimes sp\u00e9ciaux. Je sais que de nombreux salari\u00e9s de la SNCF et de la RATP contestent cette ambition. Mais elle est au c\u0153ur du projet pr\u00e9sidentiel, valid\u00e9 au moment de l\u2019\u00e9lection en 2017\u00a0\u00bb<\/p>\n\n\n\n<p>\u00ab\u00a0La caissi\u00e8re \u00e0 temps partiel, le livreur de la plateforme num\u00e9rique, l\u2019\u00e9tudiant qui fait des petits boulots et rentre plus tard sur le march\u00e9 du travail\u2026Nous devons construire la protection sociale du XXI\u00e8me si\u00e8cle en prenant mieux en compte les nouveaux visages de la pr\u00e9carit\u00e9\u00a0\u00bb<\/p>\n\n\n\n<p>\u00ab\u00a0Je suis favorable \u00e0 l&rsquo;id\u00e9e de d\u00e9plafonner les droits li\u00e9s \u00e0 la p\u00e9nibilit\u00e9 pour se former ou terminer sa carri\u00e8re \u00e0 temps partiel\u00a0\u00bb, \u00ab\u00a0La transition entre les 42 anciens r\u00e9gimes et le nouveau syst\u00e8me est un d\u00e9fi consid\u00e9rable et je comprends qu&rsquo;il puisse inqui\u00e9ter.\u00a0\u00bb<\/p>\n\n\n\n<p>\u00ab\u00a0Une fois lanc\u00e9, le syst\u00e8me \u00e0 points sera simple et pratique\u00a0\u00bb<\/p>\n\n\n\n<p>\u00ab\u00a0Pour les personnes qui sont dans la vie active, nous ne changerons rien pour ceux qui sont n\u00e9s avant 1975\u00a0\u00bb, \u00ab\u00a0La premi\u00e8re g\u00e9n\u00e9ration concern\u00e9e aura encore 70% de sa retraite calcul\u00e9e sur l&rsquo;ancien syst\u00e8me\u00a0\u00bb<\/p>\n\n\n\n<p>\u00ab\u00a0Ceux qui sont expos\u00e9s \u00e0 des missions dangereuses &#8211; policiers, pompiers &#8211; continueront de b\u00e9n\u00e9ficier de d\u00e9rogations d&rsquo;\u00e2ge\u00a0\u00bb<\/p>\n\n\n\n<p>\u00ab\u00a0Il serait inacceptable que les enseignants perdent le moindre euro de pension compte tenu de cette r\u00e9forme et cela ne se produira pas. Nous \u00e9crirons dans la loi que le niveau des retraites des enseignants sera comparable aux m\u00e9tiers \u00e9quivalents dans la fonction publique\u00a0\u00bb, \u00ab\u00a0Les salaires des enseignants seront revaloris\u00e9s \u00e0 partir de 2021\u00a0\u00bb<\/p>\n\n\n\n<p>\u00ab\u00a0D\u00e8s aujourd&rsquo;hui, je souhaite que les pr\u00e9sidents d&rsquo;entreprises publiques engagent le dialogue avec les partenaires sociaux\u00a0\u00bb.<\/p>\n\n\n\n<p>\u00ab\u00a0Je souhaite que la gr\u00e8ve qui paralyse des milliers de Fran\u00e7ais s&rsquo;arr\u00eate\u00a0\u00bb<\/p>\n\n\n\n<p>\u00ab\u00a0Le projet de loi de r\u00e9forme des retraites sera pr\u00eat \u00e0 la fin de l&rsquo;ann\u00e9e. Il sera pr\u00e9sent\u00e9 en Conseil des ministres le 22 janvier. Nous le pr\u00e9senteront \u00e0 l&rsquo;Assembl\u00e9e en f\u00e9vrier\u00a0\u00bb, \u00ab\u00a0Au 1er janvier 2022, de nouveaux droits seront mis en place, et les nouveaux entrants int\u00e9greront le r\u00e9gime. Le syst\u00e8me universel sera irr\u00e9versible\u00a0\u00bb<\/p>\n\n\n\n<p>\u00ab\u00a0Je suis totalement d\u00e9termin\u00e9 \u00e0 mener \u00e0 bien cette transformation\u00a0\u00bb, \u00ab\u00a0C&rsquo;est un syst\u00e8me plus simple, plus fort, plus juste et avec des avanc\u00e9es sociales\u00a0\u00bb, \u00ab\u00a0Nous vous proposons de reb\u00e2tir le pacte entre g\u00e9n\u00e9ration sur le principe d&rsquo;une solidarit\u00e9 entre tous les travailleurs, sans logique de m\u00e9tier et de rang.<\/p>\n","protected":false},"excerpt":{"rendered":"<p>Le Premier ministre Edouard Philippe s&rsquo;exprime au Conseil \u00e9conomique, social et environnemental \u00ab\u00a0Le temps est venu de construire un syst\u00e8me universel des retraites\u00a0\u00bb, \u00ab\u00a0Nous proposons un pacte pour les nouvelles g\u00e9n\u00e9rations\u00a0\u00bbclosevolume_off \u00ab\u00a0La France n\u2019a pas fait le choix et je crois qu\u2019elle ne fera jamais le choix du chacun pour soi et du tant-pis pour [&hellip;]<\/p>\n","protected":false},"author":2,"featured_media":13965,"comment_status":"open","ping_status":"open","sticky":false,"template":"","format":"standard","meta":{"_jetpack_memberships_contains_paid_content":false,"footnotes":"","jetpack_publicize_message":"","jetpack_publicize_feature_enabled":true,"jetpack_social_post_already_shared":true,"jetpack_social_options":{"image_generator_settings":{"template":"highway","default_image_id":0,"font":"","enabled":false},"version":2},"_wpas_customize_per_network":false},"categories":[405],"tags":[],"class_list":["post-13964","post","type-post","status-publish","format-standard","has-post-thumbnail","hentry","category-actu-france-monde"],"jetpack_publicize_connections":[],"jetpack_featured_media_url":"https:\/\/i0.wp.com\/www.iceagetv.com\/radiosite\/wp-content\/uploads\/2019\/12\/%C3%89douard-Philippe.jpg?fit=888%2C380&ssl=1","jetpack_sharing_enabled":true,"_links":{"self":[{"href":"https:\/\/www.iceagetv.com\/radiosite\/wp-json\/wp\/v2\/posts\/13964","targetHints":{"allow":["GET"]}}],"collection":[{"href":"https:\/\/www.iceagetv.com\/radiosite\/wp-json\/wp\/v2\/posts"}],"about":[{"href":"https:\/\/www.iceagetv.com\/radiosite\/wp-json\/wp\/v2\/types\/post"}],"author":[{"embeddable":true,"href":"https:\/\/www.iceagetv.com\/radiosite\/wp-json\/wp\/v2\/users\/2"}],"replies":[{"embeddable":true,"href":"https:\/\/www.iceagetv.com\/radiosite\/wp-json\/wp\/v2\/comments?post=13964"}],"version-history":[{"count":1,"href":"https:\/\/www.iceagetv.com\/radiosite\/wp-json\/wp\/v2\/posts\/13964\/revisions"}],"predecessor-version":[{"id":13966,"href":"https:\/\/www.iceagetv.com\/radiosite\/wp-json\/wp\/v2\/posts\/13964\/revisions\/13966"}],"wp:featuredmedia":[{"embeddable":true,"href":"https:\/\/www.iceagetv.com\/radiosite\/wp-json\/wp\/v2\/media\/13965"}],"wp:attachment":[{"href":"https:\/\/www.iceagetv.com\/radiosite\/wp-json\/wp\/v2\/media?parent=13964"}],"wp:term":[{"taxonomy":"category","embeddable":true,"href":"https:\/\/www.iceagetv.com\/radiosite\/wp-json\/wp\/v2\/categories?post=13964"},{"taxonomy":"post_tag","embeddable":true,"href":"https:\/\/www.iceagetv.com\/radiosite\/wp-json\/wp\/v2\/tags?post=13964"}],"curies":[{"name":"wp","href":"https:\/\/api.w.org\/{rel}","templated":true}]}}