{"id":13978,"date":"2019-12-12T15:10:33","date_gmt":"2019-12-12T15:10:33","guid":{"rendered":"http:\/\/www.iceagetv.com\/radiosite\/?p=13978"},"modified":"2019-12-12T15:10:33","modified_gmt":"2019-12-12T15:10:33","slug":"en-detention-a-la-prison-de-la-sante-le-maire-de-levallois-perret-patrick-balkany-hospitalise-ce-matin-tout-ca-montre-lacharnement-contre-un-homme-de-son-age-qui-a-ses-pathologies-isabelle","status":"publish","type":"post","link":"https:\/\/www.iceagetv.com\/radiosite\/en-detention-a-la-prison-de-la-sante-le-maire-de-levallois-perret-patrick-balkany-hospitalise-ce-matin-tout-ca-montre-lacharnement-contre-un-homme-de-son-age-qui-a-ses-pathologies-isabelle\/","title":{"rendered":"En d\u00e9tention \u00e0 la prison de la Sant\u00e9, le maire de Levallois-Perret Patrick Balkany hospitalis\u00e9 ce matin &#8211; \u00ab\u00a0Tout \u00e7a montre l&rsquo;acharnement contre un homme de son \u00e2ge, qui a ses pathologies\u00a0\u00bb (Isabelle Balkany)"},"content":{"rendered":"\n<p>L&rsquo;h\u00f4pital d\u00e9cidera ou non de la garder dans le courant de la journ\u00e9e\u00a0\u00bb, explique son avocat Romain Dieudonn\u00e9 au\u00a0Parisien.\u00a0<\/p>\n\n\n\n<p>Isabelle Balkany a pr\u00e9cis\u00e9 sur BFM TV qu&rsquo;elle n&rsquo;avait pour le moment pas pu parler \u00e0 son \u00e9poux, avant de rappeler qu&rsquo;il avait d\u00e9j\u00e0 \u00e9t\u00e9 op\u00e9r\u00e9 pour une tumeur au dos.<em>close<\/em><em>volume_off<\/em><\/p>\n\n\n\n<p>Avant de d\u00e9clarer:\u00a0\u00bbMon mari souffre de douleurs \u00e9pouvantables au dos depuis plusieurs mois.\u00a0\u00bb<\/p>\n\n\n\n<p>Patrick Balkany, maire de Levallois-Perret, qui est en d\u00e9tention \u00e0 la prison de la Sant\u00e9, accus\u00e9 de fraude fiscale et blanchiment de fraude fiscal , a \u00e9t\u00e9 hospitalis\u00e9 ce jeudi matin, annonce&nbsp;<a href=\"https:\/\/www.bfmtv.com\/police-justice\/patrick-balkany-hospitalise-1823116.html\" target=\"_blank\" rel=\"noreferrer noopener\">BFM TV<\/a>.<\/p>\n\n\n\n<p>Nos confr\u00e8res indiquent que l&rsquo;administration a pr\u00e9venu sa femme Isabelle Balkany ce matin, avant de lui indiquer que son mari souffrait de graves douleurs au dos.<\/p>\n\n\n\n<p><\/p>\n\n\n\n<p><br><\/p>\n","protected":false},"excerpt":{"rendered":"<p>L&rsquo;h\u00f4pital d\u00e9cidera ou non de la garder dans le courant de la journ\u00e9e\u00a0\u00bb, explique son avocat Romain Dieudonn\u00e9 au\u00a0Parisien.\u00a0 Isabelle Balkany a pr\u00e9cis\u00e9 sur BFM TV qu&rsquo;elle n&rsquo;avait pour le moment pas pu parler \u00e0 son \u00e9poux, avant de rappeler qu&rsquo;il avait d\u00e9j\u00e0 \u00e9t\u00e9 op\u00e9r\u00e9 pour une tumeur au dos.closevolume_off Avant de d\u00e9clarer:\u00a0\u00bbMon mari souffre [&hellip;]<\/p>\n","protected":false},"author":2,"featured_media":13979,"comment_status":"open","ping_status":"open","sticky":false,"template":"","format":"standard","meta":{"_jetpack_memberships_contains_paid_content":false,"footnotes":"","jetpack_publicize_message":"","jetpack_publicize_feature_enabled":true,"jetpack_social_post_already_shared":true,"jetpack_social_options":{"image_generator_settings":{"template":"highway","default_image_id":0,"font":"","enabled":false},"version":2},"_wpas_customize_per_network":false},"categories":[405],"tags":[],"class_list":["post-13978","post","type-post","status-publish","format-standard","has-post-thumbnail","hentry","category-actu-france-monde"],"jetpack_publicize_connections":[],"jetpack_featured_media_url":"https:\/\/i0.wp.com\/www.iceagetv.com\/radiosite\/wp-content\/uploads\/2019\/12\/En-d%C3%A9tention-%C3%A0-la-prison-de-la-Sant%C3%A9.jpg?fit=648%2C288&ssl=1","jetpack_sharing_enabled":true,"_links":{"self":[{"href":"https:\/\/www.iceagetv.com\/radiosite\/wp-json\/wp\/v2\/posts\/13978","targetHints":{"allow":["GET"]}}],"collection":[{"href":"https:\/\/www.iceagetv.com\/radiosite\/wp-json\/wp\/v2\/posts"}],"about":[{"href":"https:\/\/www.iceagetv.com\/radiosite\/wp-json\/wp\/v2\/types\/post"}],"author":[{"embeddable":true,"href":"https:\/\/www.iceagetv.com\/radiosite\/wp-json\/wp\/v2\/users\/2"}],"replies":[{"embeddable":true,"href":"https:\/\/www.iceagetv.com\/radiosite\/wp-json\/wp\/v2\/comments?post=13978"}],"version-history":[{"count":1,"href":"https:\/\/www.iceagetv.com\/radiosite\/wp-json\/wp\/v2\/posts\/13978\/revisions"}],"predecessor-version":[{"id":13980,"href":"https:\/\/www.iceagetv.com\/radiosite\/wp-json\/wp\/v2\/posts\/13978\/revisions\/13980"}],"wp:featuredmedia":[{"embeddable":true,"href":"https:\/\/www.iceagetv.com\/radiosite\/wp-json\/wp\/v2\/media\/13979"}],"wp:attachment":[{"href":"https:\/\/www.iceagetv.com\/radiosite\/wp-json\/wp\/v2\/media?parent=13978"}],"wp:term":[{"taxonomy":"category","embeddable":true,"href":"https:\/\/www.iceagetv.com\/radiosite\/wp-json\/wp\/v2\/categories?post=13978"},{"taxonomy":"post_tag","embeddable":true,"href":"https:\/\/www.iceagetv.com\/radiosite\/wp-json\/wp\/v2\/tags?post=13978"}],"curies":[{"name":"wp","href":"https:\/\/api.w.org\/{rel}","templated":true}]}}