{"id":13985,"date":"2019-12-12T15:15:09","date_gmt":"2019-12-12T15:15:09","guid":{"rendered":"http:\/\/www.iceagetv.com\/radiosite\/?p=13985"},"modified":"2019-12-12T15:15:09","modified_gmt":"2019-12-12T15:15:09","slug":"des-manifestants-investissent-un-centre-commercial-pres-de-nantes-les-clients-enfermes-a-linterieur-des-magasins-pour-des-raisons-de-securite","status":"publish","type":"post","link":"https:\/\/www.iceagetv.com\/radiosite\/des-manifestants-investissent-un-centre-commercial-pres-de-nantes-les-clients-enfermes-a-linterieur-des-magasins-pour-des-raisons-de-securite\/","title":{"rendered":"Des manifestants investissent un centre commercial pr\u00e8s de Nantes &#8211; Les clients enferm\u00e9s \u00e0 l&rsquo;int\u00e9rieur des magasins pour des raisons de s\u00e9curit\u00e9"},"content":{"rendered":"\n<p>Ce matin, de nombreux manifestants \u00e9taient rassembl\u00e9s sur le p\u00e9riph\u00e9rique nantais pour d\u00e9noncer la r\u00e9forme des retraites, qui a \u00e9t\u00e9 pr\u00e9sent\u00e9e hier par le Premier ministre, Edouard Philippe.<\/p>\n\n\n\n<p>Peu apr\u00e8s midi, plusieurs dizaines de personnes se sont dirig\u00e9es dans le calme vers le centre commercial Atlantis, \u00e0 Saint-Herblain, en banlieue nantaise. Ils ont d\u00e9ambul\u00e9 dans la galerie commerciale alors que de nombreux usagers faisaient leurs courses. Pour des raisons de s\u00e9curit\u00e9, les clients ont \u00e9t\u00e9 enferm\u00e9s \u00e0 l&rsquo;int\u00e9rieur des magasins. Moins d&rsquo;une heure plus tard, les manifestants sont repartis de la zone commerciale. Aucun incident n&rsquo;a \u00e9t\u00e9 signal\u00e9. <\/p>\n","protected":false},"excerpt":{"rendered":"<p>Ce matin, de nombreux manifestants \u00e9taient rassembl\u00e9s sur le p\u00e9riph\u00e9rique nantais pour d\u00e9noncer la r\u00e9forme des retraites, qui a \u00e9t\u00e9 pr\u00e9sent\u00e9e hier par le Premier ministre, Edouard Philippe. Peu apr\u00e8s midi, plusieurs dizaines de personnes se sont dirig\u00e9es dans le calme vers le centre commercial Atlantis, \u00e0 Saint-Herblain, en banlieue nantaise. Ils ont d\u00e9ambul\u00e9 dans [&hellip;]<\/p>\n","protected":false},"author":2,"featured_media":13986,"comment_status":"open","ping_status":"open","sticky":false,"template":"","format":"standard","meta":{"_jetpack_memberships_contains_paid_content":false,"footnotes":"","jetpack_publicize_message":"","jetpack_publicize_feature_enabled":true,"jetpack_social_post_already_shared":true,"jetpack_social_options":{"image_generator_settings":{"template":"highway","default_image_id":0,"font":"","enabled":false},"version":2},"_wpas_customize_per_network":false},"categories":[405],"tags":[],"class_list":["post-13985","post","type-post","status-publish","format-standard","has-post-thumbnail","hentry","category-actu-france-monde"],"jetpack_publicize_connections":[],"jetpack_featured_media_url":"https:\/\/i0.wp.com\/www.iceagetv.com\/radiosite\/wp-content\/uploads\/2019\/12\/Des-manifestants-investissent-un-centre-commercial-pr%C3%A8s-de-Nantes.jpg?fit=638%2C208&ssl=1","jetpack_sharing_enabled":true,"_links":{"self":[{"href":"https:\/\/www.iceagetv.com\/radiosite\/wp-json\/wp\/v2\/posts\/13985","targetHints":{"allow":["GET"]}}],"collection":[{"href":"https:\/\/www.iceagetv.com\/radiosite\/wp-json\/wp\/v2\/posts"}],"about":[{"href":"https:\/\/www.iceagetv.com\/radiosite\/wp-json\/wp\/v2\/types\/post"}],"author":[{"embeddable":true,"href":"https:\/\/www.iceagetv.com\/radiosite\/wp-json\/wp\/v2\/users\/2"}],"replies":[{"embeddable":true,"href":"https:\/\/www.iceagetv.com\/radiosite\/wp-json\/wp\/v2\/comments?post=13985"}],"version-history":[{"count":1,"href":"https:\/\/www.iceagetv.com\/radiosite\/wp-json\/wp\/v2\/posts\/13985\/revisions"}],"predecessor-version":[{"id":13987,"href":"https:\/\/www.iceagetv.com\/radiosite\/wp-json\/wp\/v2\/posts\/13985\/revisions\/13987"}],"wp:featuredmedia":[{"embeddable":true,"href":"https:\/\/www.iceagetv.com\/radiosite\/wp-json\/wp\/v2\/media\/13986"}],"wp:attachment":[{"href":"https:\/\/www.iceagetv.com\/radiosite\/wp-json\/wp\/v2\/media?parent=13985"}],"wp:term":[{"taxonomy":"category","embeddable":true,"href":"https:\/\/www.iceagetv.com\/radiosite\/wp-json\/wp\/v2\/categories?post=13985"},{"taxonomy":"post_tag","embeddable":true,"href":"https:\/\/www.iceagetv.com\/radiosite\/wp-json\/wp\/v2\/tags?post=13985"}],"curies":[{"name":"wp","href":"https:\/\/api.w.org\/{rel}","templated":true}]}}