{"id":14002,"date":"2019-12-13T14:44:19","date_gmt":"2019-12-13T14:44:19","guid":{"rendered":"http:\/\/www.iceagetv.com\/radiosite\/?p=14002"},"modified":"2019-12-13T14:44:19","modified_gmt":"2019-12-13T14:44:19","slug":"un-homme-a-menace-des-policiers-avec-une-arme-blanche-a-la-defense-lindividu-qui-est-decede-a-ete-neutralise-par-les-forces-de-lordre-qui-ont-fait-feu","status":"publish","type":"post","link":"https:\/\/www.iceagetv.com\/radiosite\/un-homme-a-menace-des-policiers-avec-une-arme-blanche-a-la-defense-lindividu-qui-est-decede-a-ete-neutralise-par-les-forces-de-lordre-qui-ont-fait-feu\/","title":{"rendered":"Un homme a menac\u00e9 des policiers avec une arme blanche \u00e0 La D\u00e9fense &#8211; L&rsquo;individu, qui est d\u00e9c\u00e9d\u00e9, a \u00e9t\u00e9 neutralis\u00e9 par les forces de l&rsquo;ordre qui ont fait feu"},"content":{"rendered":"\n<p>Le pr\u00e9fet de police de Paris, Didier Lallement, est arriv\u00e9 sur place, \u00e0 La D\u00e9fense. Il a rencontr\u00e9 les policiers intervenants au commissariat situ\u00e9 dans le quartier d&rsquo;affaires.<\/p>\n\n\n\n<p><strong>Le point sur ce que l&rsquo;on sait \u00e0 la mi-journ\u00e9e<\/strong><\/p>\n\n\n\n<p>Un homme qui mena\u00e7ait des policiers avec une arme blanche a \u00e9t\u00e9 tu\u00e9 par balles vendredi matin dans le quartier d\u2019affaires de La D\u00e9fense, pr\u00e8s de Paris, ont indiqu\u00e9 les autorit\u00e9s.<\/p>\n\n\n\n<p>L\u2019homme, dont l\u2019identit\u00e9 n\u2019\u00e9tait pas encore pr\u00e9cis\u00e9e et aux motivations encore inconnues, a \u00e9t\u00e9 touch\u00e9 par balles au thorax et \u00e0 une cuisse, selon des sources polici\u00e8res. Le parquet de Nanterre a confirm\u00e9 la mort en fin de matin\u00e9e de cet homme qui n\u2019a bless\u00e9 aucun des fonctionnaires.<\/p>\n\n\n\n<p>\u00abIntervention en cours des effectifs de Police. Un homme mena\u00e7ant des policiers avec une arme blanche a \u00e9t\u00e9 neutralis\u00e9 par les fonctionnaires de Police intervenants. Evitez le secteur\u00bb, avait demand\u00e9 la pr\u00e9fecture en fin de matin\u00e9e sur Twitter.<\/p>\n\n\n\n<p>Selon une source polici\u00e8re, l\u2019homme muni d\u2019une arme blanche s\u2019est approch\u00e9 vers 10H20 de fonctionnaires de police d\u2019une brigade territoriale de contact. Les policiers ont fait usage de leurs armes \u00e0 au moins cinq reprises. Les faits se sont d\u00e9roul\u00e9s voie des b\u00e2tisseurs dans le quartier d\u2019affaires tr\u00e8s fr\u00e9quent\u00e9 de la D\u00e9fense, \u00e0 l\u2019ouest de la capitale.<\/p>\n\n\n\n<p>Selon une journaliste de l\u2019AFP sur place, les faits se sont d\u00e9roul\u00e9s dans un sous-sol du quartier. Des v\u00e9hicules de police et de pompiers \u00e9taient gar\u00e9s sur les deux c\u00f4t\u00e9s de cette voie de circulation assez \u00e9troite. Un p\u00e9rim\u00e8tre de s\u00e9curit\u00e9 a \u00e9t\u00e9 mis en place.<\/p>\n\n\n\n<p>Selon les premi\u00e8res constations, l\u2019homme serait \u00e2g\u00e9 d\u2019une trentaine d\u2019ann\u00e9es et ne disposait pas de papiers sur lui.<\/p>\n\n\n\n<p>De nombreuses attaques ou tentatives d\u2019attaques ont vis\u00e9 ces derni\u00e8res ann\u00e9es les forces de l\u2019ordre en France. D\u00e9but octobre, un agent administratif de la Pr\u00e9fecture de police de Paris, Micka\u00ebl Harpon, avait tu\u00e9 au couteau quatre de ses coll\u00e8gues dans l\u2019enceinte m\u00eame de la prestigieuse institution, avant d\u2019\u00eatre abattu. L\u2019enqu\u00eate sur cette tuerie, bien que confi\u00e9e \u00e0 des juges d\u2019instruction antiterroristes, n\u2019a pas encore pu d\u00e9terminer officiellement les motivations de cet agent, soup\u00e7onn\u00e9 de radicalisation. En plus de quatre ans, une vague d\u2019attentats sans pr\u00e9c\u00e9dent a fait 255 morts, si l\u2019on inclut ceux de la pr\u00e9fecture de police.<\/p>\n\n\n\n<p>La France est particuli\u00e8rement vis\u00e9e car elle fait partie de la coalition militaire internationale intervenue en Syrie et Irak contre le groupe jihadiste Etat islamique (EI), dont le chef Abou Bakr al-Baghdadi a \u00e9t\u00e9 tu\u00e9 fin octobre dans une op\u00e9ration commando am\u00e9ricaine.<\/p>\n\n\n\n<p>L\u2019organisation jihadiste a appel\u00e9 \u00e0 venger la mort de son chef, en mena\u00e7ant sp\u00e9cifiquement les Etats-Unis de repr\u00e9sailles.<\/p>\n\n\n\n<p>Le \u00abcalifat\u00bb territorial a \u00e9t\u00e9 d\u00e9fait apr\u00e8s la chute du dernier r\u00e9duit de l\u2019organisation ultraradical en mars dans l\u2019est de la Syrie, mais le groupe EI reste actif dans plusieurs r\u00e9gions du monde. <strong>L&rsquo;homme qui a menac\u00e9 des policiers \u00e0 la D\u00e9fense est d\u00e9c\u00e9d\u00e9, annoncent des sources concordantes \u00e0 l&rsquo;AFP<\/strong> <\/p>\n\n\n\n<p><strong>&nbsp;Le point sur ce que l&rsquo;on sait ce matin<br><\/strong><\/p>\n\n\n\n<p>Un homme mena\u00e7ant des policiers avec une arme blanche a \u00e9t\u00e9 \u00ab\u00a0neutralis\u00e9\u00a0\u00bb vendredi matin dans le quartier d&rsquo;affaires de la D\u00e9fense, pr\u00e8s de Paris, a indiqu\u00e9 la pr\u00e9fecture de police sur Twitter.<\/p>\n\n\n\n<p>\u00ab\u00a0Intervention en cours des effectifs de police. Un homme mena\u00e7ant des policiers avec une arme blanche a \u00e9t\u00e9 neutralis\u00e9 par les fonctionnaires de police intervenant. \u00c9vitez le secteur\u00a0\u00bb, a demand\u00e9 la pr\u00e9fecture.<\/p>\n\n\n\n<p>Selon une source polici\u00e8re, l&rsquo;homme muni d&rsquo;une arme blanche s&rsquo;est approch\u00e9 vers 10H20 (09h20 GMT) des fonctionnaires de police. Les policiers qui n&rsquo;ont pas \u00e9t\u00e9 bless\u00e9s, ont fait usage de leurs armes \u00e0 au moins cinq reprises, a pr\u00e9cis\u00e9 cette source.<\/p>\n\n\n\n<p>L&rsquo;homme dont l&rsquo;identit\u00e9 n&rsquo;\u00e9tait pas encore pr\u00e9cis\u00e9, a \u00e9t\u00e9 touch\u00e9 au thorax et \u00e0 une cuisse. <strong>: L&rsquo;homme qui a menac\u00e9 des policiers avec une arme blanche serait d\u00e9c\u00e9d\u00e9, selon Franceinfo qui l&rsquo;a appris de sources polici\u00e8res et syndicales. Touch\u00e9 \u00e0 la cuisse et au thorax, il est mort quelques minutes plus tard<\/strong>  Selon\u00a0<a rel=\"noreferrer noopener\" href=\"https:\/\/www.bfmtv.com\/police-justice\/un-homme-menacant-des-policiers-avec-une-arme-blanche-neutralise-a-la-defense-1823712.html\" target=\"_blank\">BFMTV<\/a>, les faits sont survenus \u00e0 10h. L&rsquo;homme arm\u00e9 d&rsquo;un couteau s&rsquo;est avanc\u00e9 vers trois policiers qui patrouillaient \u00e0 pied. \u00ab\u00a0Apr\u00e8s des sommations d&rsquo;usage demandant \u00e0 l&rsquo;homme de poser son couteau, les fonctionnaires ont sorti leurs armes et tir\u00e9 \u00e0 cinq reprises\u00a0\u00bb, pr\u00e9cisent nos confr\u00e8res qui indiquent que \u00ab\u00a0l&rsquo;homme a \u00e9t\u00e9 touch\u00e9 mais \u00e9tait conscient. A terre, il a d\u00e9clar\u00e9 aux policiers vouloir les tuer\u00a0\u00bb <\/p>\n\n\n\n<p><\/p>\n\n\n\n<p><br><\/p>\n","protected":false},"excerpt":{"rendered":"<p>Le pr\u00e9fet de police de Paris, Didier Lallement, est arriv\u00e9 sur place, \u00e0 La D\u00e9fense. Il a rencontr\u00e9 les policiers intervenants au commissariat situ\u00e9 dans le quartier d&rsquo;affaires. Le point sur ce que l&rsquo;on sait \u00e0 la mi-journ\u00e9e Un homme qui mena\u00e7ait des policiers avec une arme blanche a \u00e9t\u00e9 tu\u00e9 par balles vendredi matin [&hellip;]<\/p>\n","protected":false},"author":2,"featured_media":14003,"comment_status":"open","ping_status":"open","sticky":false,"template":"","format":"standard","meta":{"_jetpack_memberships_contains_paid_content":false,"footnotes":"","jetpack_publicize_message":"","jetpack_publicize_feature_enabled":true,"jetpack_social_post_already_shared":true,"jetpack_social_options":{"image_generator_settings":{"template":"highway","default_image_id":0,"font":"","enabled":false},"version":2},"_wpas_customize_per_network":false},"categories":[405],"tags":[],"class_list":["post-14002","post","type-post","status-publish","format-standard","has-post-thumbnail","hentry","category-actu-france-monde"],"jetpack_publicize_connections":[],"jetpack_featured_media_url":"https:\/\/i0.wp.com\/www.iceagetv.com\/radiosite\/wp-content\/uploads\/2019\/12\/Un-homme-a-menac%C3%A9-des-policiers-avec-une-arme-blanche-%C3%A0-La-D%C3%A9fense.jpg?fit=1196%2C450&ssl=1","jetpack_sharing_enabled":true,"_links":{"self":[{"href":"https:\/\/www.iceagetv.com\/radiosite\/wp-json\/wp\/v2\/posts\/14002","targetHints":{"allow":["GET"]}}],"collection":[{"href":"https:\/\/www.iceagetv.com\/radiosite\/wp-json\/wp\/v2\/posts"}],"about":[{"href":"https:\/\/www.iceagetv.com\/radiosite\/wp-json\/wp\/v2\/types\/post"}],"author":[{"embeddable":true,"href":"https:\/\/www.iceagetv.com\/radiosite\/wp-json\/wp\/v2\/users\/2"}],"replies":[{"embeddable":true,"href":"https:\/\/www.iceagetv.com\/radiosite\/wp-json\/wp\/v2\/comments?post=14002"}],"version-history":[{"count":1,"href":"https:\/\/www.iceagetv.com\/radiosite\/wp-json\/wp\/v2\/posts\/14002\/revisions"}],"predecessor-version":[{"id":14004,"href":"https:\/\/www.iceagetv.com\/radiosite\/wp-json\/wp\/v2\/posts\/14002\/revisions\/14004"}],"wp:featuredmedia":[{"embeddable":true,"href":"https:\/\/www.iceagetv.com\/radiosite\/wp-json\/wp\/v2\/media\/14003"}],"wp:attachment":[{"href":"https:\/\/www.iceagetv.com\/radiosite\/wp-json\/wp\/v2\/media?parent=14002"}],"wp:term":[{"taxonomy":"category","embeddable":true,"href":"https:\/\/www.iceagetv.com\/radiosite\/wp-json\/wp\/v2\/categories?post=14002"},{"taxonomy":"post_tag","embeddable":true,"href":"https:\/\/www.iceagetv.com\/radiosite\/wp-json\/wp\/v2\/tags?post=14002"}],"curies":[{"name":"wp","href":"https:\/\/api.w.org\/{rel}","templated":true}]}}