{"id":14017,"date":"2019-12-14T17:14:58","date_gmt":"2019-12-14T17:14:58","guid":{"rendered":"http:\/\/www.iceagetv.com\/radiosite\/?p=14017"},"modified":"2019-12-14T17:14:58","modified_gmt":"2019-12-14T17:14:58","slug":"patrick-sebastien-decide-dattaquer-france-2-apres-larret-de-ses-emissions-et-reclame-5-millions-deuros-estimant-etre-en-dependance-economique","status":"publish","type":"post","link":"https:\/\/www.iceagetv.com\/radiosite\/patrick-sebastien-decide-dattaquer-france-2-apres-larret-de-ses-emissions-et-reclame-5-millions-deuros-estimant-etre-en-dependance-economique\/","title":{"rendered":"Patrick S\u00e9bastien d\u00e9cide d&rsquo;attaquer France 2 apr\u00e8s l&rsquo;arr\u00eat de ses \u00e9missions et r\u00e9clame 5 millions d&rsquo;euros estimant \u00eatre en \u00ab\u00a0d\u00e9pendance \u00e9conomique"},"content":{"rendered":"\n<p>Un an apr\u00e8s l&rsquo;annonce de son \u00e9viction, Patrick S\u00e9bastien attaque France T\u00e9l\u00e9visions devant le tribunal de commerce,&nbsp;<a href=\"http:\/\/www.leparisien.fr\/culture-loisirs\/tv\/patrick-sebastien-reclame-5-millions-d-euros-a-france-televisions-14-12-2019-8217303.php\" target=\"_blank\" rel=\"noreferrer noopener\">selon le site du Parisien<\/a>.<\/p>\n\n\n\n<p>L&rsquo;animateur estime en effet que sa soci\u00e9t\u00e9 de production Magic TV s&rsquo;est retrouv\u00e9e dans \u00ab une situation de d\u00e9pendance \u00e9conomique \u00bb depuis 1996, et son \u00e9viction aurait engendr\u00e9 le licenciement d&rsquo;une grande partie de ses salari\u00e9s. Patrick S\u00e9bastien r\u00e9clame ainsi 5 millions d&rsquo;euros d&rsquo;indemnisation.\u00a0<a rel=\"noreferrer noopener\" href=\"http:\/\/www.leparisien.fr\/culture-loisirs\/tv\/patrick-sebastien-reclame-5-millions-d-euros-a-france-televisions-14-12-2019-8217303.php\" target=\"_blank\">Le Parisien<\/a>\u00a0pr\u00e9cise que cette somme correspond \u00e0 un an de chiffre d&rsquo;affaires de la saison 2018\/2019, sa derni\u00e8re sur France 2.\u00a0 De son c\u00f4t\u00e9, la direction de France T\u00e9l\u00e9vision n&rsquo;a pas souhait\u00e9 r\u00e9agir \u00e0 cette information. Nos confr\u00e8res pr\u00e9cisent toutefois que le groupe audiovisuel public esp\u00e9rait \u00e9viter cette\u00a0proc\u00e9dure judiciaire \u00ab\u00a0en annon\u00e7ant la non-reconduction du contrat de Patrick S\u00e9bastien huit mois avant la fin effective\u00a0\u00bb. <\/p>\n","protected":false},"excerpt":{"rendered":"<p>Un an apr\u00e8s l&rsquo;annonce de son \u00e9viction, Patrick S\u00e9bastien attaque France T\u00e9l\u00e9visions devant le tribunal de commerce,&nbsp;selon le site du Parisien. L&rsquo;animateur estime en effet que sa soci\u00e9t\u00e9 de production Magic TV s&rsquo;est retrouv\u00e9e dans \u00ab une situation de d\u00e9pendance \u00e9conomique \u00bb depuis 1996, et son \u00e9viction aurait engendr\u00e9 le licenciement d&rsquo;une grande partie de [&hellip;]<\/p>\n","protected":false},"author":2,"featured_media":14018,"comment_status":"open","ping_status":"open","sticky":false,"template":"","format":"standard","meta":{"_jetpack_memberships_contains_paid_content":false,"footnotes":"","jetpack_publicize_message":"","jetpack_publicize_feature_enabled":true,"jetpack_social_post_already_shared":true,"jetpack_social_options":{"image_generator_settings":{"template":"highway","default_image_id":0,"font":"","enabled":false},"version":2},"_wpas_customize_per_network":false},"categories":[68],"tags":[],"class_list":["post-14017","post","type-post","status-publish","format-standard","has-post-thumbnail","hentry","category-actu-culturelle"],"jetpack_publicize_connections":[],"jetpack_featured_media_url":"https:\/\/i0.wp.com\/www.iceagetv.com\/radiosite\/wp-content\/uploads\/2019\/12\/Patrick-S%C3%A9bastien-d%C3%A9cide-dattaquer-France-2-apr%C3%A8s-larr%C3%AAt-de-ses-%C3%A9missions.jpg?fit=696%2C296&ssl=1","jetpack_sharing_enabled":true,"_links":{"self":[{"href":"https:\/\/www.iceagetv.com\/radiosite\/wp-json\/wp\/v2\/posts\/14017","targetHints":{"allow":["GET"]}}],"collection":[{"href":"https:\/\/www.iceagetv.com\/radiosite\/wp-json\/wp\/v2\/posts"}],"about":[{"href":"https:\/\/www.iceagetv.com\/radiosite\/wp-json\/wp\/v2\/types\/post"}],"author":[{"embeddable":true,"href":"https:\/\/www.iceagetv.com\/radiosite\/wp-json\/wp\/v2\/users\/2"}],"replies":[{"embeddable":true,"href":"https:\/\/www.iceagetv.com\/radiosite\/wp-json\/wp\/v2\/comments?post=14017"}],"version-history":[{"count":1,"href":"https:\/\/www.iceagetv.com\/radiosite\/wp-json\/wp\/v2\/posts\/14017\/revisions"}],"predecessor-version":[{"id":14019,"href":"https:\/\/www.iceagetv.com\/radiosite\/wp-json\/wp\/v2\/posts\/14017\/revisions\/14019"}],"wp:featuredmedia":[{"embeddable":true,"href":"https:\/\/www.iceagetv.com\/radiosite\/wp-json\/wp\/v2\/media\/14018"}],"wp:attachment":[{"href":"https:\/\/www.iceagetv.com\/radiosite\/wp-json\/wp\/v2\/media?parent=14017"}],"wp:term":[{"taxonomy":"category","embeddable":true,"href":"https:\/\/www.iceagetv.com\/radiosite\/wp-json\/wp\/v2\/categories?post=14017"},{"taxonomy":"post_tag","embeddable":true,"href":"https:\/\/www.iceagetv.com\/radiosite\/wp-json\/wp\/v2\/tags?post=14017"}],"curies":[{"name":"wp","href":"https:\/\/api.w.org\/{rel}","templated":true}]}}