{"id":14020,"date":"2019-12-14T17:17:03","date_gmt":"2019-12-14T17:17:03","guid":{"rendered":"http:\/\/www.iceagetv.com\/radiosite\/?p=14020"},"modified":"2019-12-14T17:17:03","modified_gmt":"2019-12-14T17:17:03","slug":"greve-ratp-les-previsions-de-trafic-ligne-par-ligne-des-dimanche-14-et-lundi-15-decembre","status":"publish","type":"post","link":"https:\/\/www.iceagetv.com\/radiosite\/greve-ratp-les-previsions-de-trafic-ligne-par-ligne-des-dimanche-14-et-lundi-15-decembre\/","title":{"rendered":"Gr\u00e8ve RATP : les pr\u00e9visions de trafic, ligne par ligne, des dimanche 14 et lundi 15 d\u00e9cembre"},"content":{"rendered":"\n<p>Un m\u00e9tro quasi enti\u00e8rement \u00e0 l&rsquo;arr\u00eat, tout au long de la journ\u00e9e. Le trafic RATP sera extr\u00eamement limit\u00e9 dimanche, 10e jour&nbsp;<a href=\"http:\/\/www.leparisien.fr\/politique\/greve-que-chacun-prenne-ses-responsabilites-previent-edouard-philippe-13-12-2019-8217111.php\" target=\"_blank\" rel=\"noreferrer noopener\">d&rsquo;un mouvement de gr\u00e8ve massivement suivi<\/a>, avec deux lignes op\u00e9rationnelles seulement. Et sera encore tr\u00e8s perturb\u00e9 lundi. Le point sur le trafic en Ile-de-France, ligne par ligne.<\/p>\n\n\n\n<h2 class=\"wp-block-heading\">Les pr\u00e9visions de trafic pour ce dimanche<\/h2>\n\n\n\n<p>Seules les lignes 1 et 14 fonctionneront toute la journ\u00e9e, de m\u00eame que la ligne Orlyval. Toutes les autres lignes de m\u00e9tro seront ferm\u00e9es. Le RER A sera \u00e9galement ferm\u00e9 toute la journ\u00e9e. Le RER B fonctionnera lui avec 1 train sur 3.<\/p>\n\n\n\n<p>La RATP \u00ab invite ses voyageurs \u00e0 utiliser le r\u00e9seau de surface \u00bb, soit les bus et tramways. Le r\u00e9seau de bus circulera \u00ab avec un service assur\u00e9 \u00e0 60 % \u00bb tandis que le service tramway sera \u00ab quasi normal \u00bb.<\/p>\n\n\n\n<h2 class=\"wp-block-heading\">Les pr\u00e9visions de trafic pour ce lundi<\/h2>\n\n\n\n<p>La RATP donne de premi\u00e8res pr\u00e9visions pour lundi d\u00e8s ce samedi. Elle fournira toutefois des donn\u00e9es plus pr\u00e9cises dimanche en fin de journ\u00e9e.<\/p>\n\n\n\n<p><strong>Lignes 1, 14 et Orlyval :<\/strong>&nbsp;trafic normal toute la journ\u00e9e<\/p>\n\n\n\n<p><strong>Lignes 4, 7 et 9<\/strong>&nbsp;: circulation partielle aux heures de pointe.<\/p>\n\n\n\n<p><strong>Ligne 11<\/strong>&nbsp;: ouverte pour l&rsquo;heure du pointe du matin.<\/p>\n\n\n\n<p><strong>Lignes 3 et lignes 8 :<\/strong>&nbsp;ouvertes pour l&rsquo;heure de pointe du soir.<\/p>\n\n\n\n<p><strong>Lignes 2, 5, 6, 10, 12, 13, 3bis et 7bis&nbsp;<\/strong>: ferm\u00e9es.<\/p>\n\n\n\n<p><strong>RER A<\/strong>&nbsp;: 1 train sur 2 en heures de pointe.<\/p>\n\n\n\n<p><strong>RER B<\/strong>&nbsp;: 1 train sur 3 en heures de pointe.<\/p>\n\n\n\n<p><strong>Bus&nbsp;<\/strong>: le r\u00e9seau de bus circulera avec un service \u00ab assur\u00e9 \u00e0 50 % \u00bb.<\/p>\n\n\n\n<p><strong>Tramway<\/strong>&nbsp;: le trafic devrait \u00eatre \u00ab quasi normal \u00bb.<\/p>\n\n\n\n<p><\/p>\n\n\n\n<p><\/p>\n","protected":false},"excerpt":{"rendered":"<p>Un m\u00e9tro quasi enti\u00e8rement \u00e0 l&rsquo;arr\u00eat, tout au long de la journ\u00e9e. Le trafic RATP sera extr\u00eamement limit\u00e9 dimanche, 10e jour&nbsp;d&rsquo;un mouvement de gr\u00e8ve massivement suivi, avec deux lignes op\u00e9rationnelles seulement. Et sera encore tr\u00e8s perturb\u00e9 lundi. Le point sur le trafic en Ile-de-France, ligne par ligne. Les pr\u00e9visions de trafic pour ce dimanche Seules [&hellip;]<\/p>\n","protected":false},"author":2,"featured_media":14021,"comment_status":"open","ping_status":"open","sticky":false,"template":"","format":"standard","meta":{"_jetpack_memberships_contains_paid_content":false,"footnotes":"","jetpack_publicize_message":"","jetpack_publicize_feature_enabled":true,"jetpack_social_post_already_shared":true,"jetpack_social_options":{"image_generator_settings":{"template":"highway","default_image_id":0,"font":"","enabled":false},"version":2},"_wpas_customize_per_network":false},"categories":[405],"tags":[],"class_list":["post-14020","post","type-post","status-publish","format-standard","has-post-thumbnail","hentry","category-actu-france-monde"],"jetpack_publicize_connections":[],"jetpack_featured_media_url":"https:\/\/i0.wp.com\/www.iceagetv.com\/radiosite\/wp-content\/uploads\/2019\/12\/Gr%C3%A8ve-RATP.jpg?fit=932%2C582&ssl=1","jetpack_sharing_enabled":true,"_links":{"self":[{"href":"https:\/\/www.iceagetv.com\/radiosite\/wp-json\/wp\/v2\/posts\/14020","targetHints":{"allow":["GET"]}}],"collection":[{"href":"https:\/\/www.iceagetv.com\/radiosite\/wp-json\/wp\/v2\/posts"}],"about":[{"href":"https:\/\/www.iceagetv.com\/radiosite\/wp-json\/wp\/v2\/types\/post"}],"author":[{"embeddable":true,"href":"https:\/\/www.iceagetv.com\/radiosite\/wp-json\/wp\/v2\/users\/2"}],"replies":[{"embeddable":true,"href":"https:\/\/www.iceagetv.com\/radiosite\/wp-json\/wp\/v2\/comments?post=14020"}],"version-history":[{"count":1,"href":"https:\/\/www.iceagetv.com\/radiosite\/wp-json\/wp\/v2\/posts\/14020\/revisions"}],"predecessor-version":[{"id":14022,"href":"https:\/\/www.iceagetv.com\/radiosite\/wp-json\/wp\/v2\/posts\/14020\/revisions\/14022"}],"wp:featuredmedia":[{"embeddable":true,"href":"https:\/\/www.iceagetv.com\/radiosite\/wp-json\/wp\/v2\/media\/14021"}],"wp:attachment":[{"href":"https:\/\/www.iceagetv.com\/radiosite\/wp-json\/wp\/v2\/media?parent=14020"}],"wp:term":[{"taxonomy":"category","embeddable":true,"href":"https:\/\/www.iceagetv.com\/radiosite\/wp-json\/wp\/v2\/categories?post=14020"},{"taxonomy":"post_tag","embeddable":true,"href":"https:\/\/www.iceagetv.com\/radiosite\/wp-json\/wp\/v2\/tags?post=14020"}],"curies":[{"name":"wp","href":"https:\/\/api.w.org\/{rel}","templated":true}]}}