{"id":14034,"date":"2019-12-16T19:15:15","date_gmt":"2019-12-16T19:15:15","guid":{"rendered":"http:\/\/www.iceagetv.com\/radiosite\/?p=14034"},"modified":"2019-12-16T19:15:15","modified_gmt":"2019-12-16T19:15:15","slug":"reforme-des-retraites-quatre-choses-a-savoir-sur-la-demission-de-jean-paul-delevoye","status":"publish","type":"post","link":"https:\/\/www.iceagetv.com\/radiosite\/reforme-des-retraites-quatre-choses-a-savoir-sur-la-demission-de-jean-paul-delevoye\/","title":{"rendered":"R\u00e9forme des retraites : quatre choses \u00e0 savoir sur la d\u00e9mission de Jean-Paul Delevoye"},"content":{"rendered":"\n<p> Apr\u00e8s plusieurs jours de pol\u00e9mique, le haut-commissaire aux retraites, Jean-Paul Delevoye, a finalement remis sa d\u00e9mission au pr\u00e9sident de la R\u00e9publique, qui l&rsquo;a accept\u00e9e\u00a0<em>\u00ab\u00a0avec regret\u00a0\u00bb<\/em>, lundi 16 d\u00e9cembre. Fragilis\u00e9 par des soup\u00e7ons de conflits d&rsquo;int\u00e9r\u00eats apr\u00e8s des\u00a0<em>\u00ab\u00a0oublis\u00a0\u00bb<\/em>\u00a0dans sa d\u00e9claration d&rsquo;int\u00e9r\u00eats, Jean-Paul Delevoye\u00a0<a rel=\"noreferrer noopener\" href=\"https:\/\/www.francetvinfo.fr\/economie\/emploi\/carriere\/vie-professionnelle\/retraite\/jean-paul-delevoye-declare-finalement-treize-mandats-dans-sa-declaration-d-interets_3744909.html\" target=\"_blank\">a rectifi\u00e9 ce document en d\u00e9clarant treize mandats<\/a>, dont onze b\u00e9n\u00e9voles, soit dix de plus que dans la version initiale, selon une information du journal\u00a0<em>Le Monde<\/em>\u00a0publi\u00e9e samedi. <\/p>\n\n\n\n<h2 class=\"wp-block-heading\">Il&nbsp;a continu\u00e9 \u00e0 \u00eatre r\u00e9mun\u00e9r\u00e9 et a \u00ab\u00a0oubli\u00e9\u00a0\u00bb de d\u00e9clarer onze mandats<\/h2>\n\n\n\n<p>Dans la d\u00e9claration obligatoire faite \u00e0 la Haute autorit\u00e9 pour la transparence de la vie publique (HATVP), dont Jean-Paul Delevoye a d\u00fb s&rsquo;acquitter apr\u00e8s sa nomination en tant que haut-commissaire aux retraites, cet ancien \u00e9dile a omis de reporter certains des mandats qu&rsquo;il exerce toujours. C&rsquo;est d&rsquo;abord&nbsp;<em><a href=\"http:\/\/www.leparisien.fr\/economie\/retraites-jean-paul-delevoye-a-oublie-de-declarer-ses-liens-avec-le-monde-de-l-assurance-08-12-2019-8212557.php\" target=\"_blank\" rel=\"noreferrer noopener\">Le Parisien<\/a><\/em>&nbsp;qui r\u00e9v\u00e8le, lundi 8 d\u00e9cembre, que le haut-commissaire&nbsp;occupe la fonction de pr\u00e9sident du think-tank Parallaxe de \u00ab\u00a0HEP Education au sein du groupe de formation IGS\u00a0\u00bb depuis 2017. Il per\u00e7oit \u00e0 ce titre une coquette r\u00e9mun\u00e9ration, non compatible avec son poste en gouvernement. En 2018 et en 2019, il a per\u00e7u&nbsp; 5&nbsp;368,38&nbsp;euros mensuels, soit un montant annuel de 64&nbsp;420&nbsp;euros net.<\/p>\n\n\n\n<p>Plus grave&nbsp;:&nbsp;<em>Le Parisien<\/em>&nbsp;r\u00e9v\u00e8le \u00e9galement que Jean-Paul Delevoye entretient d&rsquo;\u00e9troits liens avec le monde de l&rsquo;assurance puisqu&rsquo;il est l&rsquo;un des administrateurs de l&rsquo;Ifpass, l&rsquo;Institut de formation de la profession de l&rsquo;assurance. Un ancien dirigeant de cet \u00e9tablissement indique d&rsquo;ailleurs au quotidien que&nbsp;<em>\u00ab\u00a0les liens avec Jean-Paul Delevoye sont pr\u00e9cieux, notamment parce que l&rsquo;ensemble du secteur est tr\u00e8s int\u00e9ress\u00e9 par la r\u00e9forme\u00a0\u00bb<\/em>.&nbsp;<\/p>\n\n\n\n<p>La s\u00e9quence ne s&rsquo;arr\u00eate pas l\u00e0.\u00a0<a rel=\"noreferrer noopener\" href=\"https:\/\/www.lemonde.fr\/politique\/article\/2019\/12\/14\/transparence-jean-paul-delevoye-declare-finalement-treize-mandats-et-regrette-une-erreur_6022904_823448.html\" target=\"_blank\"><em>Le Monde<\/em>\u00a0r\u00e9v\u00e8le quelques jours plus tard<\/a>, samedi 14 d\u00e9cembre, que la deuxi\u00e8me version de la d\u00e9claration d&rsquo;int\u00e9r\u00eats remise par Jean-Paul Delevoye compte finalement non pas trois mandats, comme initialement indiqu\u00e9, mais bien treize. Dix mandats ont donc \u00e9t\u00e9\u00a0<em>\u00ab\u00a0oubli\u00e9s\u00a0\u00bb<\/em>\u00a0de la d\u00e9claration d&rsquo;int\u00e9r\u00eats initiale.<\/p>\n\n\n\n<p>Sur ce total de 13 mandats, onze sont bien b\u00e9n\u00e9voles, confirme&nbsp;<em>Le Monde<\/em>. On compte notamment, dans&nbsp;<a href=\"https:\/\/www.francetvinfo.fr\/economie\/emploi\/carriere\/vie-professionnelle\/retraite\/jean-paul-delevoye-declare-finalement-treize-mandats-dans-sa-declaration-d-interets_3744909.html\" target=\"_blank\" rel=\"noreferrer noopener\">ces activit\u00e9s non r\u00e9mun\u00e9r\u00e9es<\/a>, son poste au conseil d&rsquo;administration d&rsquo;associations visant \u00e0 promouvoir la d\u00e9mocratie via la technologie, mais aussi dans une structure qui prodigue des cours d&rsquo;\u00e9veil \u00e0 l&rsquo;art aux enfants, ainsi qu&rsquo;au comit\u00e9 strat\u00e9gique de la F\u00e9d\u00e9ration fran\u00e7aise des diab\u00e9tiques, ou encore un r\u00f4le dans deux associations musicales.<\/p>\n\n\n\n<p>Par ailleurs, comme le rappelle le magazine&nbsp;<em><a href=\"https:\/\/www.marianne.net\/politique\/delevoye-demissionne-il-n-aura-pas-eu-le-temps-de-signaler-son-quatorzieme-mandat-6000\" target=\"_blank\" rel=\"noreferrer noopener\">Marianne<\/a>&nbsp;<\/em>lundi 16 d\u00e9cembre, le d\u00e9sormais ancien haut-commissaire aux retraites aurait \u00e9galement d\u00fb signaler un quatorzi\u00e8me mandat&nbsp;: celui de pr\u00e9sident du Conseil \u00e9conomique, social et environnemental (Cese). En effet, m\u00eame si ce mandat est termin\u00e9 depuis 2015, l&rsquo;obligation de d\u00e9claration couvre les cinq derni\u00e8res ann\u00e9es.&nbsp;Un mandat au titre duquel, pr\u00e9cise le site internet du Cese, Jean-Paul Delevoye percevait&nbsp;<em>\u00ab\u00a06&nbsp;330,32&nbsp;euros net par mois\u00a0\u00bb<\/em>, indique \u00e9galement&nbsp;<em>Marianne<\/em>.<\/p>\n\n\n\n<h2 class=\"wp-block-heading\">Les faits sont passibles de condamnation<\/h2>\n\n\n\n<p><a href=\"https:\/\/www.legifrance.gouv.fr\/affichTexteArticle.do?idArticle=LEGIARTI000006527487&amp;cidTexte=LEGITEXT000006071194&amp;dateTexte=19581005\" target=\"_blank\" rel=\"noreferrer noopener\">L&rsquo;article 23 de la Constitution<\/a>&nbsp;est clair : les fonctions de membre du gouvernement&nbsp;<em>\u00ab\u00a0sont incompatibles avec l&rsquo;exercice de tout mandat parlementaire, de toute fonction de repr\u00e9sentation professionnelle \u00e0 caract\u00e8re national et de tout emploi public ou de toute activit\u00e9 professionnelle\u00a0\u00bb<\/em>. Ses r\u00e9mun\u00e9rations en tant que&nbsp;pr\u00e9sident du think-tank Parallaxe de \u00ab\u00a0HEP Education au sein du groupe de formation IGS\u00a0\u00bb sont donc contraires aux dispositions constitutionnelles.<\/p>\n\n\n\n<p>Depuis 2013, la loi oblige tout ministre \u00e0 d\u00e9clarer ses responsabilit\u00e9s pr\u00e9sentes et pass\u00e9es, si celles-ci sont susceptibles de pr\u00e9senter un risque de conflits d&rsquo;int\u00e9r\u00eats et d&rsquo;influencer sa prise de d\u00e9cisions futures. Elle oblige m\u00eame \u00e0 d\u00e9clarer ses activit\u00e9s r\u00e9mun\u00e9r\u00e9es actuelles ou exerc\u00e9es dans les cinq ans avant la d\u00e9claration d&rsquo;int\u00e9r\u00eats.<\/p>\n\n\n\n<p>Ren\u00e9 Dosi\u00e8re, le pr\u00e9sident de l&rsquo;Observatoire de l&rsquo;\u00e9thique publique, interrog\u00e9 par franceinfo, consid\u00e9rait que Jean-Paul Delevoye \u00e9tait&nbsp;<em>\u00ab\u00a0consid\u00e9rablement fragilis\u00e9\u00a0\u00bb<\/em>. Selon lui, il&nbsp;est&nbsp;<em>\u00ab\u00a0invraisemblable\u00a0\u00bb<\/em>&nbsp;que ni le Premier ministre ni la Haute autorit\u00e9&nbsp;<em>\u00ab\u00a0n&rsquo;aient \u00e9t\u00e9 en mesure de faire respecter la Constitution\u00a0\u00bb.<\/em><\/p>\n\n\n\n<p><em>Le fait que [le Premier ministre et la Haute autorit\u00e9 pour la transparence de la vie publique] n&rsquo;aient pas \u00e9t\u00e9 en mesure de faire respecter la Constitution est quand m\u00eame un peu invraisemblable et montre qu&rsquo;il y a l\u00e0 comme un d\u00e9faut.<\/em>Ren\u00e9 Dosi\u00e8re<em>\u00e0 franceinfo<\/em><\/p>\n\n\n\n<p><em>\u00ab\u00a0Le fait de ne pas remplir sa d\u00e9claration est un d\u00e9lit p\u00e9nal passible de 45&nbsp;000&nbsp;euros d&rsquo;amende et de trois ans de prison. C&rsquo;est assez grave\u00a0\u00bb<\/em>, a rappel\u00e9 Jean-Christophe Picard, pr\u00e9sident de l&rsquo;association de lutte contre la corruption Anticor. La Haute autorit\u00e9 pour la transparence de la vie publique doit annoncer mercredi si elle estime que la justice doit \u00eatre saisie ou non.&nbsp;<em>\u00ab\u00a0Vu l&rsquo;ampleur des omissions, la question ne se pose m\u00eame plus\u00a0\u00bb<\/em>, poursuit Jean-Christophe Picard.&nbsp;<em>\u00ab\u00a0Comment voulez-vous travailler avec des personnes qui n&rsquo;arrivent m\u00eame pas \u00e0 remplir une d\u00e9claration de cinq pages&nbsp;?\u00a0\u00bb<\/em><\/p>\n\n\n\n<h2 class=\"wp-block-heading\">Le monde politique&nbsp;a r\u00e9clam\u00e9 son d\u00e9part<\/h2>\n\n\n\n<p>De Marine Le Pen qui le jugeait&nbsp;<em>\u00ab\u00a0disqualifi\u00e9 totalement\u00a0\u00bb<\/em>, \u00e0 La France insoumise, qui r\u00e9clamait sa d\u00e9mission, les oppositions&nbsp;ont condamn\u00e9 tout au long de la semaine les nouveaux&nbsp;<em>\u00ab\u00a0oublis\u00a0\u00bb<\/em>&nbsp;de d\u00e9clarations d&rsquo;activit\u00e9s de Jean-Paul Delevoye.&nbsp;<em>\u00ab\u00a0La suspicion de conflits d&rsquo;int\u00e9r\u00eats \u00e0 l&rsquo;\u00e9gard de M. Delevoye le disqualifie totalement pour continuer \u00e0 incarner cette discussion sur l&rsquo;avenir des Fran\u00e7ais et l&rsquo;avenir de leur retraite\u00a0\u00bb<\/em>,&nbsp;lan\u00e7ait notamment la pr\u00e9sidente du Rassemblement national lors du \u00ab\u00a0Grand Rendez-vous\u00a0\u00bb Europe 1-Cnews-<em>Les Echos<\/em>.<\/p>\n\n\n\n<p>A la gauche de la gauche aussi, le d\u00e9put\u00e9 LFI Alexis Corbi\u00e8re s&rsquo;en est pris sur BFMTV au haut-commissaire, dont il r\u00e9clamait&nbsp;<em>\u00ab\u00a0la d\u00e9mission\u00a0\u00bb.<\/em>&nbsp;<em>\u00ab\u00a0Qu&rsquo;il parte, avec son projet aussi\u00a0\u00bb<\/em>&nbsp;sur les retraites.&nbsp;<em>\u00ab\u00a0Cet homme est un menteur\u00a0\u00bb<\/em>&nbsp;et&nbsp;<em>\u00ab\u00a0sa parole n&rsquo;est pas cr\u00e9dible\u00a0\u00bb<\/em>, a assum\u00e9 ce proche de Jean-Luc M\u00e9lenchon. Du c\u00f4t\u00e9 des syndicats, Philippe Martinez, le secr\u00e9taire g\u00e9n\u00e9ral de la CGT a estim\u00e9 que le Haut-commissaire aux retraites repr\u00e9sentait&nbsp;<em>\u00ab\u00a0l&rsquo;anti-nouveau monde de M. Macron\u00a0\u00bb<\/em>, vu les sommes per\u00e7ues par Jean-Paul Delevoye,&nbsp;<em>\u00ab\u00a0la le\u00e7on [faite] aux citoyens\u00a0\u00bb<\/em>&nbsp;et les&nbsp;<em>\u00ab\u00a0conflits d&rsquo;int\u00e9r\u00eats\u00a0\u00bb<\/em>.&nbsp;<\/p>\n\n\n\n<p><\/p>\n\n\n\n<p><\/p>\n","protected":false},"excerpt":{"rendered":"<p>Apr\u00e8s plusieurs jours de pol\u00e9mique, le haut-commissaire aux retraites, Jean-Paul Delevoye, a finalement remis sa d\u00e9mission au pr\u00e9sident de la R\u00e9publique, qui l&rsquo;a accept\u00e9e\u00a0\u00ab\u00a0avec regret\u00a0\u00bb, lundi 16 d\u00e9cembre. Fragilis\u00e9 par des soup\u00e7ons de conflits d&rsquo;int\u00e9r\u00eats apr\u00e8s des\u00a0\u00ab\u00a0oublis\u00a0\u00bb\u00a0dans sa d\u00e9claration d&rsquo;int\u00e9r\u00eats, Jean-Paul Delevoye\u00a0a rectifi\u00e9 ce document en d\u00e9clarant treize mandats, dont onze b\u00e9n\u00e9voles, soit dix de [&hellip;]<\/p>\n","protected":false},"author":2,"featured_media":14035,"comment_status":"open","ping_status":"open","sticky":false,"template":"","format":"standard","meta":{"_jetpack_memberships_contains_paid_content":false,"footnotes":"","jetpack_publicize_message":"","jetpack_publicize_feature_enabled":true,"jetpack_social_post_already_shared":true,"jetpack_social_options":{"image_generator_settings":{"template":"highway","default_image_id":0,"font":"","enabled":false},"version":2},"_wpas_customize_per_network":false},"categories":[405],"tags":[],"class_list":["post-14034","post","type-post","status-publish","format-standard","has-post-thumbnail","hentry","category-actu-france-monde"],"jetpack_publicize_connections":[],"jetpack_featured_media_url":"https:\/\/i0.wp.com\/www.iceagetv.com\/radiosite\/wp-content\/uploads\/2019\/12\/Jean-Paul-Delevoye.jpg?fit=1023%2C385&ssl=1","jetpack_sharing_enabled":true,"_links":{"self":[{"href":"https:\/\/www.iceagetv.com\/radiosite\/wp-json\/wp\/v2\/posts\/14034","targetHints":{"allow":["GET"]}}],"collection":[{"href":"https:\/\/www.iceagetv.com\/radiosite\/wp-json\/wp\/v2\/posts"}],"about":[{"href":"https:\/\/www.iceagetv.com\/radiosite\/wp-json\/wp\/v2\/types\/post"}],"author":[{"embeddable":true,"href":"https:\/\/www.iceagetv.com\/radiosite\/wp-json\/wp\/v2\/users\/2"}],"replies":[{"embeddable":true,"href":"https:\/\/www.iceagetv.com\/radiosite\/wp-json\/wp\/v2\/comments?post=14034"}],"version-history":[{"count":1,"href":"https:\/\/www.iceagetv.com\/radiosite\/wp-json\/wp\/v2\/posts\/14034\/revisions"}],"predecessor-version":[{"id":14036,"href":"https:\/\/www.iceagetv.com\/radiosite\/wp-json\/wp\/v2\/posts\/14034\/revisions\/14036"}],"wp:featuredmedia":[{"embeddable":true,"href":"https:\/\/www.iceagetv.com\/radiosite\/wp-json\/wp\/v2\/media\/14035"}],"wp:attachment":[{"href":"https:\/\/www.iceagetv.com\/radiosite\/wp-json\/wp\/v2\/media?parent=14034"}],"wp:term":[{"taxonomy":"category","embeddable":true,"href":"https:\/\/www.iceagetv.com\/radiosite\/wp-json\/wp\/v2\/categories?post=14034"},{"taxonomy":"post_tag","embeddable":true,"href":"https:\/\/www.iceagetv.com\/radiosite\/wp-json\/wp\/v2\/tags?post=14034"}],"curies":[{"name":"wp","href":"https:\/\/api.w.org\/{rel}","templated":true}]}}