{"id":14043,"date":"2019-12-17T19:19:43","date_gmt":"2019-12-17T19:19:43","guid":{"rendered":"http:\/\/www.iceagetv.com\/radiosite\/?p=14043"},"modified":"2019-12-17T19:19:43","modified_gmt":"2019-12-17T19:19:43","slug":"greve-la-sncf-assure-que-tous-les-voyageurs-ayant-un-billet-de-tgv-pour-ce-week-end-pourront-se-deplacer","status":"publish","type":"post","link":"https:\/\/www.iceagetv.com\/radiosite\/greve-la-sncf-assure-que-tous-les-voyageurs-ayant-un-billet-de-tgv-pour-ce-week-end-pourront-se-deplacer\/","title":{"rendered":"Gr\u00e8ve : la SNCF assure que tous les voyageurs ayant un billet de TGV pour ce week-end pourront se d\u00e9placer"},"content":{"rendered":"\n<p>La SNCF pourra transporter ce week-end tous les passagers ayant un billet dans les TGV pour le d\u00e9part des vacances de No\u00ebl (du jeudi&nbsp;19 au dimanche 22&nbsp;d\u00e9cembre inclus), mais avec des changements d\u2019horaires dans la moiti\u00e9 des cas, a assur\u00e9 la directrice g\u00e9n\u00e9rale de Voyages SNCF, Rachel Picard, mardi 17&nbsp;d\u00e9cembre. Cela ne concerne pas les Intercit\u00e9s et les correspondances en TER.<\/p>\n\n\n\n<p>Au total, 53\u00a0% des passagers auront leur train confirm\u00e9, 15\u00a0% seront replac\u00e9s dans un train partant le m\u00eame jour, et les 32\u00a0% restants (plus de 250\u00a0000 voyageurs) devront \u00e9changer eux-m\u00eames leur billet pour une r\u00e9servation le m\u00eame jour et vers la m\u00eame destination, a-t-elle d\u00e9taill\u00e9. La SNCF assure qu\u2019il y a aujourd\u2019hui th\u00e9oriquement assez de places pour permettre \u00e0 ces 32\u00a0% de voyager ce week-end \u2013 mais \u00e9ventuellement avec une correspondance ou \u00e0 un horaire tr\u00e8s diff\u00e9rent. L\u2019entreprise conseille de faire l\u2019\u00e9change tr\u00e8s rapidement.<\/p>\n\n\n\n<p>La SNCF a \u00e9galement enjoint&nbsp;<em>\u00ab&nbsp;les voyageurs qui ne partent plus \u00e0 annuler rapidement leurs places afin de les lib\u00e9rer et d\u2019en faire profiter aux autres clients&nbsp;\u00bb.<\/em><\/p>\n\n\n\n<p>Le premier ministre, Edouard Philippe, avait appel\u00e9 les gr\u00e9vistes \u00e0 interrompre leur mouvement au moment de No\u00ebl. Les leaders des principaux syndicats avaient rejet\u00e9 cette id\u00e9e, invitant le gouvernement \u00e0\u00a0<em>\u00ab\u00a0prendre la d\u00e9cision de bon sens qui s\u2019impose\u00a0: le retrait de la r\u00e9forme par points\u00a0\u00bb,<\/em>\u00a0comme l\u2019avait d\u00e9clar\u00e9 Laurent Brun, chef de file de la CGT-Cheminots. Seul Laurent Berger, dirigeant de la CFDT, avait dit souhaiter une tr\u00eave pour les f\u00eates. Malgr\u00e9 cette incertitude pour la p\u00e9riode des f\u00eates, l\u2019opinion publique semble rester favorable au mouvement. Selon\u00a0<a href=\"https:\/\/www.lejdd.fr\/Politique\/sondage-apres-les-annonces-dedouard-philippe-les-francais-soutiennent-toujours-les-grevistes-3937447\">un sondage IFOP pour le\u00a0<em>JDD<\/em><\/a><em>,<\/em>\u00a054\u00a0% des Fran\u00e7ais soutiennent la gr\u00e8ve (contre 46\u00a0% le 1er\u00a0d\u00e9cembre avant le d\u00e9but du mouvement et 53\u00a0% apr\u00e8s la mobilisation du 5\u00a0d\u00e9cembre), et 30\u00a0% lui sont hostiles (m\u00eame proportion que la semaine pass\u00e9e). <\/p>\n\n\n\n<p><\/p>\n","protected":false},"excerpt":{"rendered":"<p>La SNCF pourra transporter ce week-end tous les passagers ayant un billet dans les TGV pour le d\u00e9part des vacances de No\u00ebl (du jeudi&nbsp;19 au dimanche 22&nbsp;d\u00e9cembre inclus), mais avec des changements d\u2019horaires dans la moiti\u00e9 des cas, a assur\u00e9 la directrice g\u00e9n\u00e9rale de Voyages SNCF, Rachel Picard, mardi 17&nbsp;d\u00e9cembre. Cela ne concerne pas les [&hellip;]<\/p>\n","protected":false},"author":2,"featured_media":14044,"comment_status":"open","ping_status":"open","sticky":false,"template":"","format":"standard","meta":{"_jetpack_memberships_contains_paid_content":false,"footnotes":"","jetpack_publicize_message":"","jetpack_publicize_feature_enabled":true,"jetpack_social_post_already_shared":true,"jetpack_social_options":{"image_generator_settings":{"template":"highway","default_image_id":0,"font":"","enabled":false},"version":2},"_wpas_customize_per_network":false},"categories":[405],"tags":[],"class_list":["post-14043","post","type-post","status-publish","format-standard","has-post-thumbnail","hentry","category-actu-france-monde"],"jetpack_publicize_connections":[],"jetpack_featured_media_url":"https:\/\/i0.wp.com\/www.iceagetv.com\/radiosite\/wp-content\/uploads\/2019\/12\/la-SNCF-assure-que-tous-les-voyageurs-ayant-un-billet-de-TGV-pour-ce-week-end-pourront-se-d%C3%A9placer.jpg?fit=565%2C400&ssl=1","jetpack_sharing_enabled":true,"_links":{"self":[{"href":"https:\/\/www.iceagetv.com\/radiosite\/wp-json\/wp\/v2\/posts\/14043","targetHints":{"allow":["GET"]}}],"collection":[{"href":"https:\/\/www.iceagetv.com\/radiosite\/wp-json\/wp\/v2\/posts"}],"about":[{"href":"https:\/\/www.iceagetv.com\/radiosite\/wp-json\/wp\/v2\/types\/post"}],"author":[{"embeddable":true,"href":"https:\/\/www.iceagetv.com\/radiosite\/wp-json\/wp\/v2\/users\/2"}],"replies":[{"embeddable":true,"href":"https:\/\/www.iceagetv.com\/radiosite\/wp-json\/wp\/v2\/comments?post=14043"}],"version-history":[{"count":1,"href":"https:\/\/www.iceagetv.com\/radiosite\/wp-json\/wp\/v2\/posts\/14043\/revisions"}],"predecessor-version":[{"id":14045,"href":"https:\/\/www.iceagetv.com\/radiosite\/wp-json\/wp\/v2\/posts\/14043\/revisions\/14045"}],"wp:featuredmedia":[{"embeddable":true,"href":"https:\/\/www.iceagetv.com\/radiosite\/wp-json\/wp\/v2\/media\/14044"}],"wp:attachment":[{"href":"https:\/\/www.iceagetv.com\/radiosite\/wp-json\/wp\/v2\/media?parent=14043"}],"wp:term":[{"taxonomy":"category","embeddable":true,"href":"https:\/\/www.iceagetv.com\/radiosite\/wp-json\/wp\/v2\/categories?post=14043"},{"taxonomy":"post_tag","embeddable":true,"href":"https:\/\/www.iceagetv.com\/radiosite\/wp-json\/wp\/v2\/tags?post=14043"}],"curies":[{"name":"wp","href":"https:\/\/api.w.org\/{rel}","templated":true}]}}