{"id":14049,"date":"2019-12-18T16:02:57","date_gmt":"2019-12-18T16:02:57","guid":{"rendered":"http:\/\/www.iceagetv.com\/radiosite\/?p=14049"},"modified":"2019-12-18T16:02:57","modified_gmt":"2019-12-18T16:02:57","slug":"affaire-delevoye-la-haute-autorite-pour-la-transparence-de-la-vie-publique-a-decide-de-saisir-la-justice","status":"publish","type":"post","link":"https:\/\/www.iceagetv.com\/radiosite\/affaire-delevoye-la-haute-autorite-pour-la-transparence-de-la-vie-publique-a-decide-de-saisir-la-justice\/","title":{"rendered":"Affaire Delevoye : la Haute Autorit\u00e9 pour la transparence de la vie publique a d\u00e9cid\u00e9 de saisir la justice"},"content":{"rendered":"\n<p> Selon les informations du\u00a0<em>Monde<\/em>, la Haute Autorit\u00e9 pour la transparence de la vie publique (HATVP) a d\u00e9cid\u00e9 de saisir la justice dans \u00ab\u00a0l\u2019affaire Delevoye\u00a0\u00bb, mercredi 18\u00a0d\u00e9cembre, lors d\u2019une r\u00e9union de son coll\u00e8ge, pour\u00a0<a href=\"https:\/\/www.lemonde.fr\/politique\/article\/2019\/12\/17\/cumul-de-mandats-de-jean-paul-delevoye-matignon-se-defend-de-tout-manquement_6023189_823448.html\">manquements aux obligations d\u00e9claratives<\/a>\u00a0d\u00e9coulant de la loi de 2013 relative \u00e0 la transparence. Cette saisine du procureur pourrait se faire sans contradictoire, ce qui signifie que l\u2019ex-haut-commissaire aux retraites n\u2019aura pas la possibilit\u00e9 de se d\u00e9fendre dans le d\u00e9lai de quinze jours habituellement pr\u00e9vu apr\u00e8s de telles d\u00e9lib\u00e9rations. Le r\u00e8glement g\u00e9n\u00e9ral de la HATVP accorde, en effet, un tel d\u00e9lai aux d\u00e9clarants pour pr\u00e9senter leurs contre-arguments et explications. <\/p>\n\n\n\n<p>Le caract\u00e8re exceptionnel de l\u2019affaire aura donc pouss\u00e9 l\u2019autorit\u00e9 administrative ind\u00e9pendante, charg\u00e9e du contr\u00f4le de la probit\u00e9 des responsables publics, \u00e0 agir vite. L\u2019article&nbsp;40 du code de proc\u00e9dure p\u00e9nale oblige toute autorit\u00e9 ou officier public \u00e0 signaler au parquet tout crime ou d\u00e9lit dont il aurait connaissance. Cette d\u00e9cision \u00e9tait attendue, y compris par M. Delevoye. L\u2019ex-ministre aux retraites savait qu\u2019il aurait \u00e0 payer le prix de ce qu\u2019il appelle sa&nbsp;<em>\u00ab&nbsp;l\u00e9g\u00e8ret\u00e9 coupable&nbsp;\u00bb<\/em>&nbsp;et ses&nbsp;<em>\u00ab&nbsp;multiples erreurs&nbsp;\u00bb<\/em>&nbsp;dans sa d\u00e9claration d\u2019int\u00e9r\u00eats de haut-commissaire aux retraites, publi\u00e9e le 7&nbsp;d\u00e9cembre. La loi du 11&nbsp;octobre&nbsp;2013 pr\u00e9voit une peine allant jusqu\u2019\u00e0 trois ans de prison et 45&nbsp;000&nbsp;euros d\u2019amende en cas de fausse d\u00e9claration aupr\u00e8s de la Haute autorit\u00e9.<\/p>\n\n\n\n<h2 class=\"wp-block-heading\">\u00ab&nbsp;Montant sous s\u00e9questre&nbsp;\u00bb<\/h2>\n\n\n\n<p>Pour l\u2019ex-ministre des retraites du gouvernement d\u2019Edouard Philippe, \u00e0 la sanction politique, d\u00e9j\u00e0 effective, s\u2019ajoute la menace d\u2019une sanction judiciaire. M.&nbsp;Delevoye a d\u00e9missionn\u00e9, lundi 16&nbsp;d\u00e9cembre, suite aux r\u00e9v\u00e9lations concernant les irr\u00e9gularit\u00e9s commises dans sa d\u00e9claration d\u2019int\u00e9r\u00eats. L\u2019ex- \u00ab&nbsp;Monsieur retraites&nbsp;\u00bb du gouvernement y avait omis dix mandats au total, pour l\u2019essentiel b\u00e9n\u00e9voles, comme l\u2019avait&nbsp;<a href=\"https:\/\/www.lemonde.fr\/politique\/article\/2019\/12\/14\/declaration-d-interets-les-oublis-en-serie-du-haut-commissaire-aux-retraites-jean-paul-delevoye_6022841_823448.html\">r\u00e9v\u00e9l\u00e9&nbsp;<em>Le Monde<\/em>&nbsp;samedi 14&nbsp;d\u00e9cembre<\/a>. Il indiquait, en outre, avoir per\u00e7u une r\u00e9mun\u00e9ration comme pr\u00e9sident d\u2019honneur d\u2019un think tank,alors qu\u2019il \u00e9tait en poste au gouvernement, un cumul strictement interdit par l\u2019article&nbsp;23 de la Constitution fran\u00e7aise.<\/p>\n\n\n\n<p><\/p>\n","protected":false},"excerpt":{"rendered":"<p>Selon les informations du\u00a0Monde, la Haute Autorit\u00e9 pour la transparence de la vie publique (HATVP) a d\u00e9cid\u00e9 de saisir la justice dans \u00ab\u00a0l\u2019affaire Delevoye\u00a0\u00bb, mercredi 18\u00a0d\u00e9cembre, lors d\u2019une r\u00e9union de son coll\u00e8ge, pour\u00a0manquements aux obligations d\u00e9claratives\u00a0d\u00e9coulant de la loi de 2013 relative \u00e0 la transparence. Cette saisine du procureur pourrait se faire sans contradictoire, ce [&hellip;]<\/p>\n","protected":false},"author":2,"featured_media":14050,"comment_status":"open","ping_status":"open","sticky":false,"template":"","format":"standard","meta":{"_jetpack_memberships_contains_paid_content":false,"footnotes":"","jetpack_publicize_message":"","jetpack_publicize_feature_enabled":true,"jetpack_social_post_already_shared":true,"jetpack_social_options":{"image_generator_settings":{"template":"highway","default_image_id":0,"font":"","enabled":false},"version":2},"_wpas_customize_per_network":false},"categories":[405],"tags":[],"class_list":["post-14049","post","type-post","status-publish","format-standard","has-post-thumbnail","hentry","category-actu-france-monde"],"jetpack_publicize_connections":[],"jetpack_featured_media_url":"https:\/\/i0.wp.com\/www.iceagetv.com\/radiosite\/wp-content\/uploads\/2019\/12\/Affaire-Delevoye.jpg?fit=1196%2C450&ssl=1","jetpack_sharing_enabled":true,"_links":{"self":[{"href":"https:\/\/www.iceagetv.com\/radiosite\/wp-json\/wp\/v2\/posts\/14049","targetHints":{"allow":["GET"]}}],"collection":[{"href":"https:\/\/www.iceagetv.com\/radiosite\/wp-json\/wp\/v2\/posts"}],"about":[{"href":"https:\/\/www.iceagetv.com\/radiosite\/wp-json\/wp\/v2\/types\/post"}],"author":[{"embeddable":true,"href":"https:\/\/www.iceagetv.com\/radiosite\/wp-json\/wp\/v2\/users\/2"}],"replies":[{"embeddable":true,"href":"https:\/\/www.iceagetv.com\/radiosite\/wp-json\/wp\/v2\/comments?post=14049"}],"version-history":[{"count":1,"href":"https:\/\/www.iceagetv.com\/radiosite\/wp-json\/wp\/v2\/posts\/14049\/revisions"}],"predecessor-version":[{"id":14051,"href":"https:\/\/www.iceagetv.com\/radiosite\/wp-json\/wp\/v2\/posts\/14049\/revisions\/14051"}],"wp:featuredmedia":[{"embeddable":true,"href":"https:\/\/www.iceagetv.com\/radiosite\/wp-json\/wp\/v2\/media\/14050"}],"wp:attachment":[{"href":"https:\/\/www.iceagetv.com\/radiosite\/wp-json\/wp\/v2\/media?parent=14049"}],"wp:term":[{"taxonomy":"category","embeddable":true,"href":"https:\/\/www.iceagetv.com\/radiosite\/wp-json\/wp\/v2\/categories?post=14049"},{"taxonomy":"post_tag","embeddable":true,"href":"https:\/\/www.iceagetv.com\/radiosite\/wp-json\/wp\/v2\/tags?post=14049"}],"curies":[{"name":"wp","href":"https:\/\/api.w.org\/{rel}","templated":true}]}}