{"id":14062,"date":"2019-12-19T07:54:39","date_gmt":"2019-12-19T07:54:39","guid":{"rendered":"http:\/\/www.iceagetv.com\/radiosite\/?p=14062"},"modified":"2019-12-19T07:54:39","modified_gmt":"2019-12-19T07:54:39","slug":"le-chanteur-alain-barriere-auteur-des-tubes-ma-vie-et-tu-ten-vas-est-decede-dun-arret-cardiaque-il-avait-ete-victime-dun-avc-apres-la-mort-de-sa-femme","status":"publish","type":"post","link":"https:\/\/www.iceagetv.com\/radiosite\/le-chanteur-alain-barriere-auteur-des-tubes-ma-vie-et-tu-ten-vas-est-decede-dun-arret-cardiaque-il-avait-ete-victime-dun-avc-apres-la-mort-de-sa-femme\/","title":{"rendered":"Le chanteur Alain Barri\u00e8re, auteur des tubes \u00ab\u00a0Ma Vie\u00a0\u00bb et \u00ab\u00a0Tu t\u2019en vas\u00a0\u00bb est d\u00e9c\u00e9d\u00e9 d&rsquo;un arr\u00eat cardiaque &#8211; Il avait \u00e9t\u00e9 victime d&rsquo;un AVC apr\u00e8s la mort de sa femme"},"content":{"rendered":"\n<p>\n\n06:23<\/p>\n\n\n\n<h1 class=\"wp-block-heading\">Le chanteur Alain Barri\u00e8re, auteur des tubes \u00ab\u00a0Ma Vie\u00a0\u00bb et \u00ab\u00a0Tu t\u2019en vas\u00a0\u00bb est d\u00e9c\u00e9d\u00e9 d&rsquo;un arr\u00eat cardiaque &#8211; Il avait \u00e9t\u00e9 victime d&rsquo;un AVC apr\u00e8s la mort de sa femme &#8211; Vid\u00e9o<\/h1>\n\n\n\n<p><a href=\"https:\/\/www.jeanmarcmorandini.com\/categorie-videos.html\">Vid\u00e9os<\/a>&nbsp;|&nbsp;<a href=\"https:\/\/www.jeanmarcmorandini.com\/actualite-alain-barriere.html\">alain barriere<\/a>,&nbsp;<a href=\"https:\/\/www.jeanmarcmorandini.com\/actualite-deces.html-1\">deces<\/a>,&nbsp;<a href=\"https:\/\/www.jeanmarcmorandini.com\/actualite-chanteur.html-0\">chanteur<\/a>,&nbsp;<a href=\"https:\/\/www.jeanmarcmorandini.com\/actualite-avc.html\">avc<\/a>,&nbsp;<a href=\"https:\/\/www.jeanmarcmorandini.com\/actualite-attaque-cardiaque.html\">attaque cardiaque<\/a><\/p>\n\n\n\n<figure><iframe loading=\"lazy\" src=\"https:\/\/www.dailymotion.com\/embed\/video\/x7pcnoy?autoPlay=1&amp;mute=1?autoplay=1&amp;mute=1\" allowfullscreen=\"\" width=\"770\" height=\"324\"><\/iframe><\/figure>\n\n\n\n<p>18542 vues&nbsp;&#8211;<a href=\"https:\/\/www.jeanmarcmorandini.com\/article-410947-le-chanteur-alain-barriere-auteur-des-tubes-ma-vie-et-tu-t-en-vas-est-decede-d-un-arret-cardiaque-il-avait-ete-victime-d-un-avc-apres-la-mort-de-sa-femme-video.html#comments\">3 commentaires<\/a><\/p>\n\n\n\n<p>Le chanteur Alain Barri\u00e8re, auteur des tubes \u00ab\u00a0Ma Vie\u00a0\u00bb et \u00ab\u00a0Tu t\u2019en vas\u00a0\u00bb est d\u00e9c\u00e9d\u00e9 d&rsquo;un arr\u00eat cardiaque&nbsp;\u00e0 Carnac (Morbihan), \u00e0 l\u2019\u00e2ge de 84 ans, a annonc\u00e9 son agent, Fabien Lec\u0153uvre. D\u00e9j\u00e0 victime de plusieurs AVC ces derni\u00e8res ann\u00e9es, il en avait subi un autre avant le d\u00e9c\u00e8s de sa femme d\u00e9but d\u00e9cembre. De son vrai nom Alain Bellec, il na\u00eet \u00e0 la Trinit\u00e9-sur-Mer (Morbihan) le 18 novembre 1935, dans une famille de mareyeurs. Dernier d\u2019une fratrie de trois, il est \u00e9lev\u00e9 par sa m\u00e8re seule. Il grandit dans entre la cri\u00e9e et le petit commerce familial.<\/p>\n\n\n\n<p>Promu vedette en 1964 apr\u00e8s Ma vie, une complainte tourment\u00e9e qui reste son titre le plus c\u00e9l\u00e8bre, le chanteur populaire conna\u00eet rapidement un passage \u00e0 vide et tentera jusqu&rsquo;\u00e0 la fin des ann\u00e9es 1980 plusieurs retours. Durant vingt ans, Alain Barri\u00e8re, de son vrai nom Alain Bellec, a \u00e9t\u00e9 poursuivi par de lourdes difficult\u00e9s financi\u00e8res, apr\u00e8s la construction co\u00fbteuse d&rsquo;un complexe h\u00f4telier-discoth\u00e8que \u00e0 Carnac, le \u00ab\u00a0Stirwen\u00a0\u00bb (\u00ab\u00a0\u00e9toile blanche\u00a0\u00bb), d\u00e9clar\u00e9 en faillite.<em>close<\/em><em>volume_off<\/em><\/p>\n\n\n\n<figure><iframe src=\"javascript:false\"><\/iframe><\/figure>\n\n\n\n<p>\u00c9cras\u00e9 par les dettes, r\u00e9volt\u00e9 par les rappels d&rsquo;imp\u00f4ts, le chanteur, d\u00e9pressif, d\u00e9clarait en 1989 : \u00ab\u00a0J&rsquo;ai v\u00e9cu l&rsquo;enfer. Ils ont foutu ma carri\u00e8re en l&rsquo;air. Ou je r\u00e8gle le probl\u00e8me avec le fisc ou je me fous en l&rsquo;air.\u00a0\u00bb Cette bataille hom\u00e9rique a trouv\u00e9 son \u00e9pilogue en 1998.<\/p>\n\n\n\n<p>Apr\u00e8s des exils successifs aux Etats-unis et au Canada, il n&rsquo;\u00e9tait revenu d\u00e9finitivement en France que dans les ann\u00e9es 90, o\u00f9 il avait tent\u00e9 de se relancer.<\/p>\n\n\n\n<p>En 2003, il fait ses adieux au public. Mais, il revient sur sc\u00e8ne en 2005 pour un enregistrement live au Stirwen. Puis, au printemps 2007, il est \u00e0 l\u2019Olympia et quelques mois plus tard au Palais des Congr\u00e8s. Mais, ne raison de ses probl\u00e8mes de sant\u00e9, il annonce son retrait d\u00e9finitif de la sc\u00e8ne en 2011.<\/p>\n","protected":false},"excerpt":{"rendered":"<p>06:23 Le chanteur Alain Barri\u00e8re, auteur des tubes \u00ab\u00a0Ma Vie\u00a0\u00bb et \u00ab\u00a0Tu t\u2019en vas\u00a0\u00bb est d\u00e9c\u00e9d\u00e9 d&rsquo;un arr\u00eat cardiaque &#8211; Il avait \u00e9t\u00e9 victime d&rsquo;un AVC apr\u00e8s la mort de sa femme &#8211; Vid\u00e9o Vid\u00e9os&nbsp;|&nbsp;alain barriere,&nbsp;deces,&nbsp;chanteur,&nbsp;avc,&nbsp;attaque cardiaque 18542 vues&nbsp;&#8211;3 commentaires Le chanteur Alain Barri\u00e8re, auteur des tubes \u00ab\u00a0Ma Vie\u00a0\u00bb et \u00ab\u00a0Tu t\u2019en vas\u00a0\u00bb est d\u00e9c\u00e9d\u00e9 [&hellip;]<\/p>\n","protected":false},"author":2,"featured_media":14063,"comment_status":"open","ping_status":"open","sticky":false,"template":"","format":"standard","meta":{"_jetpack_memberships_contains_paid_content":false,"footnotes":"","jetpack_publicize_message":"","jetpack_publicize_feature_enabled":true,"jetpack_social_post_already_shared":true,"jetpack_social_options":{"image_generator_settings":{"template":"highway","default_image_id":0,"font":"","enabled":false},"version":2},"_wpas_customize_per_network":false},"categories":[68],"tags":[],"class_list":["post-14062","post","type-post","status-publish","format-standard","has-post-thumbnail","hentry","category-actu-culturelle"],"jetpack_publicize_connections":[],"jetpack_featured_media_url":"https:\/\/i0.wp.com\/www.iceagetv.com\/radiosite\/wp-content\/uploads\/2019\/12\/Alain-Barri%C3%A8re.jpg?fit=1000%2C500&ssl=1","jetpack_sharing_enabled":true,"_links":{"self":[{"href":"https:\/\/www.iceagetv.com\/radiosite\/wp-json\/wp\/v2\/posts\/14062","targetHints":{"allow":["GET"]}}],"collection":[{"href":"https:\/\/www.iceagetv.com\/radiosite\/wp-json\/wp\/v2\/posts"}],"about":[{"href":"https:\/\/www.iceagetv.com\/radiosite\/wp-json\/wp\/v2\/types\/post"}],"author":[{"embeddable":true,"href":"https:\/\/www.iceagetv.com\/radiosite\/wp-json\/wp\/v2\/users\/2"}],"replies":[{"embeddable":true,"href":"https:\/\/www.iceagetv.com\/radiosite\/wp-json\/wp\/v2\/comments?post=14062"}],"version-history":[{"count":1,"href":"https:\/\/www.iceagetv.com\/radiosite\/wp-json\/wp\/v2\/posts\/14062\/revisions"}],"predecessor-version":[{"id":14064,"href":"https:\/\/www.iceagetv.com\/radiosite\/wp-json\/wp\/v2\/posts\/14062\/revisions\/14064"}],"wp:featuredmedia":[{"embeddable":true,"href":"https:\/\/www.iceagetv.com\/radiosite\/wp-json\/wp\/v2\/media\/14063"}],"wp:attachment":[{"href":"https:\/\/www.iceagetv.com\/radiosite\/wp-json\/wp\/v2\/media?parent=14062"}],"wp:term":[{"taxonomy":"category","embeddable":true,"href":"https:\/\/www.iceagetv.com\/radiosite\/wp-json\/wp\/v2\/categories?post=14062"},{"taxonomy":"post_tag","embeddable":true,"href":"https:\/\/www.iceagetv.com\/radiosite\/wp-json\/wp\/v2\/tags?post=14062"}],"curies":[{"name":"wp","href":"https:\/\/api.w.org\/{rel}","templated":true}]}}