{"id":14075,"date":"2019-12-20T15:48:43","date_gmt":"2019-12-20T15:48:43","guid":{"rendered":"http:\/\/www.iceagetv.com\/radiosite\/?p=14075"},"modified":"2019-12-20T15:48:43","modified_gmt":"2019-12-20T15:48:43","slug":"greve-jour-16-nouvelle-journee-a-quelques-heures-dun-grand-week-end-de-departs-lunsa-ferroviaire-a-decide-de-poursuivre-le-mouvement-demain-dans-sept-regions","status":"publish","type":"post","link":"https:\/\/www.iceagetv.com\/radiosite\/greve-jour-16-nouvelle-journee-a-quelques-heures-dun-grand-week-end-de-departs-lunsa-ferroviaire-a-decide-de-poursuivre-le-mouvement-demain-dans-sept-regions\/","title":{"rendered":"Gr\u00e8ve Jour 16 &#8211; Nouvelle journ\u00e9e \u00e0 quelques heures d\u2019un grand week-end de d\u00e9parts &#8211; L\u2019UNSA Ferroviaire a d\u00e9cid\u00e9 de poursuivre le mouvement demain dans sept r\u00e9gions"},"content":{"rendered":"\n<p> <strong>L\u2019UNSA Ferroviaire a d\u00e9cid\u00e9 de poursuivre le mouvement demain dans sept r\u00e9gions, annonce Didier Mathis, secr\u00e9taire g\u00e9n\u00e9ral, sur BFMTV. La direction de l&rsquo;UNSA Ferroviaire avait appel\u00e9 hier \u00e0 une tr\u00eave pour la p\u00e9riode de No\u00ebl.<\/strong> <\/p>\n\n\n\n<p>La SNCF a essuy\u00e9 des critiques vendredi pour avoir supprim\u00e9 le service \u00abJunior et compagnie\u00bb, qui prend en charge les enfants de 4 \u00e0 14 ans.<em>close<\/em><em>volume_off<\/em><\/p>\n\n\n\n<p>\u00abPour tenir les promesses des ministres (&#8230;) on a d\u00e9gag\u00e9 les enfants (non accompagn\u00e9s, ndlr) pour assurer de la place pour les adultes, qui d\u2019ailleurs paient leurs billets beaucoup plus cher\u00bb, a r\u00e9agi Philippe Martinez, secr\u00e9taire g\u00e9n\u00e9ral de la CGT. Un \u00abscandale\u00bb pour Xavier Bertrand, le pr\u00e9sident du conseil r\u00e9gional des Hauts-de-France. <strong>La SNCF annonce qu&rsquo;aujourd&rsquo;hui le taux global de gr\u00e9vistes est de 9,5 %. Il y a 58,3 % de conducteurs en gr\u00e8ve ce vendredi.<\/strong> <\/p>\n\n\n\n<p><strong>Le point sur la situation \u00e0 la mi-journ\u00e9e<br><\/strong><\/p>\n\n\n\n<p>Au seuil d\u2019un grand week-end de d\u00e9parts avant No\u00ebl, la France vit vendredi son 16e jour de gr\u00e8ve dans les transports contre la r\u00e9forme des retraites port\u00e9e par Edouard Philippe, qui a affich\u00e9 quelques \u00abavanc\u00e9es\u00bb pour arracher une tr\u00eave d\u2019ores et d\u00e9j\u00e0 compromise.<\/p>\n\n\n\n<p>La situation \u00e0 la SNCF s\u2019est un peu am\u00e9lior\u00e9e par rapport aux jours pr\u00e9c\u00e9dents avec la moiti\u00e9 des TGV et un Transilien sur quatre \u00aben moyenne\u00bb en circulation.<\/p>\n\n\n\n<p>Petit mieux aussi pour les usagers de la RATP, avec six lignes de m\u00e9tro ferm\u00e9es et une \u00abam\u00e9lioration globale\u00bb, selon la r\u00e9gie. A 07H45, le trafic \u00e9tait quasi normal pour les tramways et conforme aux pr\u00e9visions pour les RER et le m\u00e9tro.<\/p>\n\n\n\n<p>Pour les jours suivants, 59% des TGV et Intercit\u00e9s programm\u00e9s les 23 et 24 d\u00e9cembre sont supprim\u00e9s, et la moiti\u00e9 des voyageurs ayant r\u00e9serv\u00e9 devront \u00e9changer leur billet. Les annonces de la SNCF vendredi sur les trains circulant le jour et le lendemain de No\u00ebl sont tr\u00e8s attendues.<\/p>\n\n\n\n<p>Une tr\u00eave compl\u00e8te pour les f\u00eates para\u00eet hors de port\u00e9e. La CGT-Cheminots et SUD-Rail, 1\u00e8re et 3e f\u00e9d\u00e9rations syndicales de la SNCF, ont d\u00e9cid\u00e9 de continuer le mouvement. Et si le bureau de l\u2019Unsa ferroviaire, 2e syndicat de la compagnie, a invit\u00e9 \u00e0 \u00abune pause pour les vacances\u00bb, plusieurs de ses unions r\u00e9gionales et locales ne sont pas sur cette ligne.<\/p>\n\n\n\n<p>Les regards sont maintenant tourn\u00e9s vers la CFDT-Cheminots, 3e chez les conducteurs, qui doit se positionner vendredi sur la suite du mouvement. \u00abJe souhaite \u00e9videmment qu\u2019elle puisse aussi appeler \u00e0 une pause\u00bb, a soulign\u00e9 la ministre de la Transition \u00e9cologique Elisabeth Borne. \u00abJ\u2019esp\u00e8re que la CFDT-Cheminots aura une avanc\u00e9e positive dans la journ\u00e9e\u00bb, a abond\u00e9 la porte-parole du gouvernement Sibeth Ndiaye.<\/p>\n\n\n\n<p>A la RATP, l\u2019Unsa (1er syndicat), qui estime \u00abincompl\u00e8tes\u00bb les r\u00e9ponses \u00e0 ses revendications, pr\u00e9f\u00e8re laisser les assembl\u00e9es g\u00e9n\u00e9rales, \u00absouveraines, se positionner\u00bb.<\/p>\n\n\n\n<p>Le Premier ministre a de son c\u00f4t\u00e9 \u00abappel\u00e9 \u00e0 la responsabilit\u00e9 de chacun pour permettre tr\u00e8s vite aux millions de Fran\u00e7ais qui le souhaitent de rejoindre leurs familles en cette fin d\u2019ann\u00e9e\u00bb.<\/p>\n\n\n\n<p>Edouard Philippe \u00abn\u2019a pas, lui, d\u00e9cr\u00e9t\u00e9 la tr\u00eave puisqu\u2019il maintient son projet\u00bb, a critiqu\u00e9 vendredi le num\u00e9ro un de la CGT Philippe Martinez, estimant que \u00able gouvernement jette de l\u2019huile sur le feu\u00bb avec une \u00abcommunication\u00bb qui \u00abmet les cheminots en porte-\u00e0-faux\u00bb.<\/p>\n\n\n\n<p>Prise en compte \u00abplus g\u00e9n\u00e9reuse\u00bb de la p\u00e9nibilit\u00e9, main tendue sur la retraite progressive pour les fonctionnaires, \u00abam\u00e9liorations\u00bb concernant le minimum de pension, \u00abmarges de manoeuvre\u00bb pour parvenir \u00e0 l\u2019\u00e9quilibre financier, progressivit\u00e9 de la r\u00e9forme des r\u00e9gimes sp\u00e9ciaux&#8230; Apr\u00e8s deux jours de rencontres \u00e0 Matignon avec les syndicats et le patronat, Edouard Philippe a relev\u00e9 jeudi soir des \u00abavanc\u00e9es concr\u00e8tes\u00bb, et promis de nouvelles r\u00e9unions dans \u00ables premiers jours de janvier\u00bb sur le projet, qui doit \u00eatre transmis au Conseil d\u2019\u00c9tat avant No\u00ebl et pr\u00e9sent\u00e9 en Conseil des ministres le 22 janvier.<\/p>\n\n\n\n<p>Mais le chef du gouvernement est loin d\u2019avoir convaincu tous les partenaires sociaux.<\/p>\n\n\n\n<p>M\u00eame pour les syndicats favorables \u00e0 la r\u00e9forme, le compte n\u2019y est pas. La CFDT, a rappel\u00e9 son num\u00e9ro un Laurent Berger, reste \u00abfermement oppos\u00e9e\u00bb \u00e0 l&rsquo;\u00ab\u00e2ge d\u2019\u00e9quilibre\u00bb assorti d\u2019un bonus-malus que le gouvernement veut introduire d\u00e8s 2022 et fixer \u00e0 64 ans en 2027 pour inciter chacun \u00e0 travailler plus longtemps et assainir les comptes.<\/p>\n\n\n\n<p>\u00abLe Premier ministre a dit qu\u2019on pouvait imaginer un cocktail de mesures et il a \u00e9voqu\u00e9 notamment cette possibilit\u00e9 de cotisations (patronales). C\u2019est encore sur la table\u00bb, a affirm\u00e9 le dirigeant du premier syndicat fran\u00e7ais vendredi sur France Inter.<\/p>\n\n\n\n<p>&#8211; Bataille de l\u2019opinion ind\u00e9cise &#8211;<\/p>\n\n\n\n<p>\u00abLa seule chose de concr\u00e8te, c\u2019est que le Premier ministre n\u2019a pas entendu la rue\u00bb, a dit Philippe Martinez qui, au nom de l\u2019intersyndicale CGT, FO, FSU, Solidaires et quatre organisations de jeunesse, appelle \u00e0 une nouvelle \u00abpuissante\u00bb journ\u00e9e de gr\u00e8ves et de manifestations interprofessionnelles le 9 janvier.<\/p>\n\n\n\n<p>Emmanuel Macron \u00abdoit prendre la parole pour dire +on fait pause, on appuie sur le bouton stop, on revient autour de la table sans pr\u00e9alables+\u00bb, a estim\u00e9 vendredi Yves Veyrier, le num\u00e9ro un de Force ouvri\u00e8re.<\/p>\n\n\n\n<p>Certains secteurs d\u2019activit\u00e9s commencent \u00e0 souffrir de la gr\u00e8ve, notamment le commerce parisien avec des baisses de chiffre d\u2019affaire de 25% \u00e0 30% la semaine derni\u00e8re, selon Procos, la f\u00e9d\u00e9ration du commerce sp\u00e9cialis\u00e9.<\/p>\n\n\n\n<p>La bataille de l\u2019opinion, elle, reste ind\u00e9cise entre le gouvernement et les gr\u00e9vistes, au regard de r\u00e9cents sondages desquels n\u2019\u00e9merge pas encore de gagnant. C\u2019est surtout le projet d\u2019instaurer un \u00e2ge pivot ou d\u2019\u00e9quilibre, plus que le projet d\u2019un syst\u00e8me universel, qui cristallise les m\u00e9contentements.<\/p>\n\n\n\n<p><\/p>\n\n\n\n<p><\/p>\n","protected":false},"excerpt":{"rendered":"<p>L\u2019UNSA Ferroviaire a d\u00e9cid\u00e9 de poursuivre le mouvement demain dans sept r\u00e9gions, annonce Didier Mathis, secr\u00e9taire g\u00e9n\u00e9ral, sur BFMTV. La direction de l&rsquo;UNSA Ferroviaire avait appel\u00e9 hier \u00e0 une tr\u00eave pour la p\u00e9riode de No\u00ebl. La SNCF a essuy\u00e9 des critiques vendredi pour avoir supprim\u00e9 le service \u00abJunior et compagnie\u00bb, qui prend en charge les [&hellip;]<\/p>\n","protected":false},"author":2,"featured_media":14076,"comment_status":"open","ping_status":"open","sticky":false,"template":"","format":"standard","meta":{"_jetpack_memberships_contains_paid_content":false,"footnotes":"","jetpack_publicize_message":"","jetpack_publicize_feature_enabled":true,"jetpack_social_post_already_shared":true,"jetpack_social_options":{"image_generator_settings":{"template":"highway","default_image_id":0,"font":"","enabled":false},"version":2},"_wpas_customize_per_network":false},"categories":[405],"tags":[],"class_list":["post-14075","post","type-post","status-publish","format-standard","has-post-thumbnail","hentry","category-actu-france-monde"],"jetpack_publicize_connections":[],"jetpack_featured_media_url":"https:\/\/i0.wp.com\/www.iceagetv.com\/radiosite\/wp-content\/uploads\/2019\/12\/Gr%C3%A8ve-Jour-16.jpg?fit=1197%2C450&ssl=1","jetpack_sharing_enabled":true,"_links":{"self":[{"href":"https:\/\/www.iceagetv.com\/radiosite\/wp-json\/wp\/v2\/posts\/14075","targetHints":{"allow":["GET"]}}],"collection":[{"href":"https:\/\/www.iceagetv.com\/radiosite\/wp-json\/wp\/v2\/posts"}],"about":[{"href":"https:\/\/www.iceagetv.com\/radiosite\/wp-json\/wp\/v2\/types\/post"}],"author":[{"embeddable":true,"href":"https:\/\/www.iceagetv.com\/radiosite\/wp-json\/wp\/v2\/users\/2"}],"replies":[{"embeddable":true,"href":"https:\/\/www.iceagetv.com\/radiosite\/wp-json\/wp\/v2\/comments?post=14075"}],"version-history":[{"count":1,"href":"https:\/\/www.iceagetv.com\/radiosite\/wp-json\/wp\/v2\/posts\/14075\/revisions"}],"predecessor-version":[{"id":14077,"href":"https:\/\/www.iceagetv.com\/radiosite\/wp-json\/wp\/v2\/posts\/14075\/revisions\/14077"}],"wp:featuredmedia":[{"embeddable":true,"href":"https:\/\/www.iceagetv.com\/radiosite\/wp-json\/wp\/v2\/media\/14076"}],"wp:attachment":[{"href":"https:\/\/www.iceagetv.com\/radiosite\/wp-json\/wp\/v2\/media?parent=14075"}],"wp:term":[{"taxonomy":"category","embeddable":true,"href":"https:\/\/www.iceagetv.com\/radiosite\/wp-json\/wp\/v2\/categories?post=14075"},{"taxonomy":"post_tag","embeddable":true,"href":"https:\/\/www.iceagetv.com\/radiosite\/wp-json\/wp\/v2\/tags?post=14075"}],"curies":[{"name":"wp","href":"https:\/\/api.w.org\/{rel}","templated":true}]}}