{"id":14078,"date":"2019-12-21T08:20:49","date_gmt":"2019-12-21T08:20:49","guid":{"rendered":"http:\/\/www.iceagetv.com\/radiosite\/?p=14078"},"modified":"2019-12-21T08:20:49","modified_gmt":"2019-12-21T08:20:49","slug":"onze-departements-du-sud-de-la-france-places-en-vigilance-orange-pour-vents-violents-et-inondations-le-debut-du-phenomene-est-prevu-samedi-en-fin-de-journee-avec-larrivee-de-la-tempete","status":"publish","type":"post","link":"https:\/\/www.iceagetv.com\/radiosite\/onze-departements-du-sud-de-la-france-places-en-vigilance-orange-pour-vents-violents-et-inondations-le-debut-du-phenomene-est-prevu-samedi-en-fin-de-journee-avec-larrivee-de-la-tempete\/","title":{"rendered":"onze d\u00e9partements du sud de la France plac\u00e9s en vigilance orange pour \u00ab\u00a0vents violents\u00a0\u00bb et \u00ab\u00a0inondations\u00a0\u00bb Le d\u00e9but du ph\u00e9nom\u00e8ne est pr\u00e9vu samedi en fin de journ\u00e9e avec l&rsquo;arriv\u00e9e de la temp\u00eate"},"content":{"rendered":"\n<p>Le&nbsp;sud de la France est&nbsp;<a href=\"https:\/\/www.francetvinfo.fr\/meteo\/inondations\/\" target=\"_blank\" rel=\"noreferrer noopener\">en alerte<\/a>&nbsp;avec l&rsquo;arriv\u00e9e de la temp\u00eate Fabien. Au total, onze d\u00e9partements sont plac\u00e9s en vigilance orange aux \u00ab\u00a0vents violents\u00a0\u00bb ou aux \u00ab\u00a0inondations\u00a0\u00bb, annonce M\u00e9t\u00e9o France dans son&nbsp;<a href=\"http:\/\/vigilance.meteofrance.com\/Bulletin_nat.html?dept=france&amp;b=\" target=\"_blank\" rel=\"noreferrer noopener\">dernier bulletin<\/a>, samedi 21 d\u00e9cembre. Dans le d\u00e9tail, l&rsquo;alerte pour \u00ab\u00a0vents violents\u00a0\u00bb concerne huit d\u00e9partements du&nbsp;Sud-Est :&nbsp;la Charente, la Charente-Maritime, la Dordogne, le Gers, la Gironde, les Landes, le Lot-et-Garonne et les Pyr\u00e9n\u00e9es-Atlantiques.&nbsp;La Gironde est \u00e9galement pass\u00e9e en vigilance orange \u00ab\u00a0vagues-submersion\u00a0\u00bb pour la nuit prochaine, pr\u00e9cise l&rsquo;organisme de surveillance m\u00e9t\u00e9o.<\/p>\n\n\n\n<p>Trois d\u00e9partements du\u00a0sud-est de la France sont, par ailleurs, en alerte orange \u00ab\u00a0inondations\u00a0\u00bb. Il s&rsquo;agit\u00a0des Bouches-du-Rh\u00f4ne, de l&rsquo;H\u00e9rault et du Vaucluse.\u00a0 Le d\u00e9but du ph\u00e9nom\u00e8ne est pr\u00e9vu samedi, \u00e0 partir de 18 heures. Il devrait prendre fin dimanche, dans la matin\u00e9e. En revanche, l&rsquo;alerte pluie-inondation a \u00e9t\u00e9 lev\u00e9e samedi matin en Corse, qui a \u00e9t\u00e9 balay\u00e9e vendredi par un nouvel \u00e9pisode m\u00e9diterran\u00e9en.\u00a0 <\/p>\n","protected":false},"excerpt":{"rendered":"<p>Le&nbsp;sud de la France est&nbsp;en alerte&nbsp;avec l&rsquo;arriv\u00e9e de la temp\u00eate Fabien. Au total, onze d\u00e9partements sont plac\u00e9s en vigilance orange aux \u00ab\u00a0vents violents\u00a0\u00bb ou aux \u00ab\u00a0inondations\u00a0\u00bb, annonce M\u00e9t\u00e9o France dans son&nbsp;dernier bulletin, samedi 21 d\u00e9cembre. Dans le d\u00e9tail, l&rsquo;alerte pour \u00ab\u00a0vents violents\u00a0\u00bb concerne huit d\u00e9partements du&nbsp;Sud-Est :&nbsp;la Charente, la Charente-Maritime, la Dordogne, le Gers, la [&hellip;]<\/p>\n","protected":false},"author":2,"featured_media":14079,"comment_status":"open","ping_status":"open","sticky":false,"template":"","format":"standard","meta":{"_jetpack_memberships_contains_paid_content":false,"footnotes":"","jetpack_publicize_message":"","jetpack_publicize_feature_enabled":true,"jetpack_social_post_already_shared":true,"jetpack_social_options":{"image_generator_settings":{"template":"highway","default_image_id":0,"font":"","enabled":false},"version":2},"_wpas_customize_per_network":false},"categories":[14],"tags":[],"class_list":["post-14078","post","type-post","status-publish","format-standard","has-post-thumbnail","hentry","category-actu-meteo"],"jetpack_publicize_connections":[],"jetpack_featured_media_url":"https:\/\/i0.wp.com\/www.iceagetv.com\/radiosite\/wp-content\/uploads\/2019\/12\/onze-d%C3%A9partements-du-sud-de-la-France-plac%C3%A9s-en-vigilance-orange.jpg?fit=481%2C566&ssl=1","jetpack_sharing_enabled":true,"_links":{"self":[{"href":"https:\/\/www.iceagetv.com\/radiosite\/wp-json\/wp\/v2\/posts\/14078","targetHints":{"allow":["GET"]}}],"collection":[{"href":"https:\/\/www.iceagetv.com\/radiosite\/wp-json\/wp\/v2\/posts"}],"about":[{"href":"https:\/\/www.iceagetv.com\/radiosite\/wp-json\/wp\/v2\/types\/post"}],"author":[{"embeddable":true,"href":"https:\/\/www.iceagetv.com\/radiosite\/wp-json\/wp\/v2\/users\/2"}],"replies":[{"embeddable":true,"href":"https:\/\/www.iceagetv.com\/radiosite\/wp-json\/wp\/v2\/comments?post=14078"}],"version-history":[{"count":1,"href":"https:\/\/www.iceagetv.com\/radiosite\/wp-json\/wp\/v2\/posts\/14078\/revisions"}],"predecessor-version":[{"id":14080,"href":"https:\/\/www.iceagetv.com\/radiosite\/wp-json\/wp\/v2\/posts\/14078\/revisions\/14080"}],"wp:featuredmedia":[{"embeddable":true,"href":"https:\/\/www.iceagetv.com\/radiosite\/wp-json\/wp\/v2\/media\/14079"}],"wp:attachment":[{"href":"https:\/\/www.iceagetv.com\/radiosite\/wp-json\/wp\/v2\/media?parent=14078"}],"wp:term":[{"taxonomy":"category","embeddable":true,"href":"https:\/\/www.iceagetv.com\/radiosite\/wp-json\/wp\/v2\/categories?post=14078"},{"taxonomy":"post_tag","embeddable":true,"href":"https:\/\/www.iceagetv.com\/radiosite\/wp-json\/wp\/v2\/tags?post=14078"}],"curies":[{"name":"wp","href":"https:\/\/api.w.org\/{rel}","templated":true}]}}