{"id":14084,"date":"2019-12-21T14:27:10","date_gmt":"2019-12-21T14:27:10","guid":{"rendered":"http:\/\/www.iceagetv.com\/radiosite\/?p=14084"},"modified":"2019-12-21T14:27:10","modified_gmt":"2019-12-21T14:27:10","slug":"meteo-un-homme-porte-disparu-en-mediterranee-apres-avoir-chute-dun-voilier-18-departements-en-vigilance-orange-laeroport-dajaccio-evacue-et-ferme","status":"publish","type":"post","link":"https:\/\/www.iceagetv.com\/radiosite\/meteo-un-homme-porte-disparu-en-mediterranee-apres-avoir-chute-dun-voilier-18-departements-en-vigilance-orange-laeroport-dajaccio-evacue-et-ferme\/","title":{"rendered":"M\u00e9t\u00e9o &#8211; Un homme port\u00e9 disparu en M\u00e9diterran\u00e9e apr\u00e8s avoir chut\u00e9 d&rsquo;un voilier &#8211; 18 d\u00e9partements en vigilance orange &#8211; L&rsquo;a\u00e9roport d&rsquo;Ajaccio \u00e9vacu\u00e9 et ferm\u00e9"},"content":{"rendered":"\n<p>&nbsp;Les commer\u00e7ants du march\u00e9 de No\u00ebl d&rsquo;Ajaccio ont obligation de fermer avant 15h<\/p>\n\n\n\n<p>Les pistes de l\u2019a\u00e9roport d\u2019Ajaccio submerg\u00e9es par la crue de la Gravona. \u00ab\u00a0L&rsquo;eau est pass\u00e9e par dessus les digues. On est sur un cas de crue centennale\u00a0\u00bb, indiqu\u00e9 Alain Charrier, secr\u00e9taire g\u00e9n\u00e9ral de la pr\u00e9fecture de Corse-du-Sud. La S\u00e9curit\u00e9 civile publie d&rsquo;ailleurs une photo des pistes:<\/p>\n\n\n\n<p><strong>LE POINT SUR LA SITUATION A 14h30<\/strong><\/p>\n\n\n\n<p>Un homme disparu en M\u00e9diterran\u00e9e apr\u00e8s avoir chut\u00e9 d&rsquo;un voilier, l&rsquo;a\u00e9roport d&rsquo;Ajaccio ferm\u00e9 en raison des inondations et quelques routes coup\u00e9es: le Sud-Est a \u00e9t\u00e9 de nouveau frapp\u00e9 par de fortes pluies entre vendredi et samedi.<\/p>\n\n\n\n<p>Apr\u00e8s avoir subi deux violents \u00ab\u00a0\u00e9pisodes m\u00e9diterran\u00e9ens\u00a0\u00bb qui ont fait 14 morts en un mois, la C\u00f4te d&rsquo;Azur, la Provence et la Corse ont \u00e9t\u00e9 \u00e0 nouveau touch\u00e9es par des pluies abondantes et des vents forts vendredi.<\/p>\n\n\n\n<p>Pr\u00e8s de Marseille, dans le golfe de Fos-sur-Mer, le Centre r\u00e9gional op\u00e9rationnel de surveillance et de sauvetage en M\u00e9diterran\u00e9e a signal\u00e9 vers 19h15 vendredi deux hommes \u00e0 la mer \u00e0 la suite d&rsquo;une chute d&rsquo;un voilier, a indiqu\u00e9 la pr\u00e9fecture maritime de Toulon dans un communiqu\u00e9.<\/p>\n\n\n\n<p>Les secouristes, aid\u00e9s d&rsquo;un h\u00e9licopt\u00e8re de la Marine nationale, ont retrouv\u00e9 l&rsquo;un des deux accroch\u00e9 \u00e0 une bou\u00e9e, en hypothermie. Le deuxi\u00e8me homme est toujours port\u00e9 disparu, m\u00eame si la situation m\u00e9t\u00e9o s&rsquo;est largement am\u00e9lior\u00e9e.<\/p>\n\n\n\n<p>En Corse, des pluies abondantes ont touch\u00e9 la Corse-du-Sud vendredi faisant gonfler la rivi\u00e8re Gravona qui a son embouchure dans le Golfe d&rsquo;Ajaccio, pr\u00e8s de l&rsquo;a\u00e9roport.<\/p>\n\n\n\n<p>\u00ab\u00a0L\u2019eau est pass\u00e9e par dessus les digues de l\u2019a\u00e9roport d&rsquo;Ajaccio. Nous allons proc\u00e9der dans les prochaines minutes \u00e0 sa fermeture\u00a0\u00bb, a indiqu\u00e9 \u00e0 l&rsquo;AFP Alain Charrier, secr\u00e9taire g\u00e9n\u00e9ral de la pr\u00e9fecture de Corse-du-Sud. \u00ab\u00a0On est sur un cas de crue centennale\u00a0\u00bb, a-t-il ajout\u00e9.<\/p>\n\n\n\n<p>Des dizaines de passagers qui attendaient samedi de partir vers Marseille ou Paris pour les f\u00eates de fin d&rsquo;ann\u00e9e ont \u00e9t\u00e9 inform\u00e9s qu&rsquo;ils devaient rentrer chez eux car il y a de l&rsquo;eau sur la piste, a constat\u00e9 un photographe de l&rsquo;AFP sur place. L&rsquo;a\u00e9roport est en cours de fermeture, a-t-il confirm\u00e9.<\/p>\n\n\n\n<p>M\u00eame s\u2019il ne pleut plus \u00e0 l\u2019heure actuelle pr\u00e8s d&rsquo;Ajaccio, la vigilance reste de mise sur plusieurs routes proches de cours d&rsquo;eau o\u00f9 l&rsquo;eau continue de monter, a ajout\u00e9 M. Charrier.<\/p>\n\n\n\n<p>La Haute-Corse est elle en vigilance orange pour un \u00ab\u00a0\u00e9pisode de vent violent \u00e0 partir de la seconde partie\u00a0\u00bb de la nuit de samedi \u00e0 dimanche, a mis en garde M\u00e9t\u00e9o France dans son dernier bulletin samedi.<\/p>\n\n\n\n<p>Sur la C\u00f4te d&rsquo;Azur, o\u00f9 la vigilance orange a \u00e9t\u00e9 lev\u00e9e sur les Alpes-Maritimes et le Var, \u00ab\u00a0l&rsquo;\u00e9pisode a \u00e9t\u00e9 plus l\u00e9ger qu&rsquo;on l&rsquo;aurait pens\u00e9\u00a0\u00bb, a toutefois indiqu\u00e9 \u00e0 l&rsquo;AFP une source de gendarmerie samedi.<\/p>\n\n\n\n<p>Dans les Alpes-Maritimes, les pompiers ont effectu\u00e9 149 interventions vendredi, notamment pour des \u00e9boulements au-dessus de Menton. \u00ab\u00a0Il y a eu de grosses coul\u00e9es de boue, des terrains qui se sont effondr\u00e9s, mais rien de comparable avec les derni\u00e8res fois\u00a0\u00bb, ont indiqu\u00e9 les pompiers \u00e0 l&rsquo;AFP.<\/p>\n\n\n\n<p>Samedi matin, la gendarmerie a fait part de la d\u00e9couverte du corps d&rsquo;un homme, recherch\u00e9 depuis d\u00e9but d\u00e9cembre, dans un cours d&rsquo;eau pr\u00e8s de Mandelieu-La-Napoule (Alpes-Maritimes), portant \u00e0 quatorze le nombre de morts dans des intemp\u00e9ries dans la r\u00e9gion en un mois.<\/p>\n\n\n\n<p>Plusieurs routes ont \u00e9t\u00e9 coup\u00e9es \u00e0 la circulation: sur l&rsquo;A8, la sortie 47 (Villeneuve-Loubet) reste ferm\u00e9e pour une dur\u00e9e ind\u00e9termin\u00e9e.<\/p>\n\n\n\n<p>L&rsquo;acc\u00e8s aux stations de ski Isola 2000 et Auron \u00e9tait toujours ferm\u00e9 samedi matin, alors que d\u00e9butent les vacances de No\u00ebl.<\/p>\n\n\n\n<p>A l&rsquo;a\u00e9roport de Nice, ferm\u00e9 une partie de la journ\u00e9e de vendredi, des retards \u00e9taient toujours signal\u00e9s samedi. Outre les vigilances oranges en Corse, M\u00e9t\u00e9o France a aussi mis en garde contre des risques d&rsquo;inondations dans les Bouches-du-Rh\u00f4ne, le Vaucluse et le Gard. Apr\u00e8s l&rsquo;\u00e9vacuation et la fermeture de l&rsquo;a\u00e9roport\u00a0Napol\u00e9on Bonaparte d&rsquo;Ajaccio, la pr\u00e9fecture redoute une situation \u00ab\u00a0extr\u00eamement critique\u00a0\u00bb. Sur\u00a0<a rel=\"noreferrer noopener\" href=\"https:\/\/www.francetvinfo.fr\/france\/corse\/corse\/corse-du-sud-la-prefecture-redoute-une-situation-extremement-critique-et-s-apprete-a-bloquer-les-acces-a-ajaccio_3754289.html\" target=\"_blank\">franceinfo<\/a>\u00a0Alain Charrier, le secr\u00e9taire g\u00e9n\u00e9ral de la pr\u00e9fecture de Corse du Sud, explique:\u00a0\u00ab\u00a0Nous avons pour objectif de mettre en s\u00e9curit\u00e9 l&rsquo;ensemble des personnes de l&rsquo;a\u00e9roport mais aussi de mettre en s\u00e9curit\u00e9 les passagers des voitures qui souhaitent arriver \u00e0 Ajaccio malgr\u00e9 les routes inond\u00e9es\u00a0\u00bb,\u00a0 <\/p>\n\n\n\n<p><\/p>\n","protected":false},"excerpt":{"rendered":"<p>&nbsp;Les commer\u00e7ants du march\u00e9 de No\u00ebl d&rsquo;Ajaccio ont obligation de fermer avant 15h Les pistes de l\u2019a\u00e9roport d\u2019Ajaccio submerg\u00e9es par la crue de la Gravona. \u00ab\u00a0L&rsquo;eau est pass\u00e9e par dessus les digues. On est sur un cas de crue centennale\u00a0\u00bb, indiqu\u00e9 Alain Charrier, secr\u00e9taire g\u00e9n\u00e9ral de la pr\u00e9fecture de Corse-du-Sud. La S\u00e9curit\u00e9 civile publie d&rsquo;ailleurs [&hellip;]<\/p>\n","protected":false},"author":2,"featured_media":14085,"comment_status":"open","ping_status":"open","sticky":false,"template":"","format":"standard","meta":{"_jetpack_memberships_contains_paid_content":false,"footnotes":"","jetpack_publicize_message":"","jetpack_publicize_feature_enabled":true,"jetpack_social_post_already_shared":true,"jetpack_social_options":{"image_generator_settings":{"template":"highway","default_image_id":0,"font":"","enabled":false},"version":2},"_wpas_customize_per_network":false},"categories":[14],"tags":[],"class_list":["post-14084","post","type-post","status-publish","format-standard","has-post-thumbnail","hentry","category-actu-meteo"],"jetpack_publicize_connections":[],"jetpack_featured_media_url":"https:\/\/i0.wp.com\/www.iceagetv.com\/radiosite\/wp-content\/uploads\/2019\/12\/18-d%C3%A9partements-en-vigilance-orange.jpg?fit=639%2C270&ssl=1","jetpack_sharing_enabled":true,"_links":{"self":[{"href":"https:\/\/www.iceagetv.com\/radiosite\/wp-json\/wp\/v2\/posts\/14084","targetHints":{"allow":["GET"]}}],"collection":[{"href":"https:\/\/www.iceagetv.com\/radiosite\/wp-json\/wp\/v2\/posts"}],"about":[{"href":"https:\/\/www.iceagetv.com\/radiosite\/wp-json\/wp\/v2\/types\/post"}],"author":[{"embeddable":true,"href":"https:\/\/www.iceagetv.com\/radiosite\/wp-json\/wp\/v2\/users\/2"}],"replies":[{"embeddable":true,"href":"https:\/\/www.iceagetv.com\/radiosite\/wp-json\/wp\/v2\/comments?post=14084"}],"version-history":[{"count":1,"href":"https:\/\/www.iceagetv.com\/radiosite\/wp-json\/wp\/v2\/posts\/14084\/revisions"}],"predecessor-version":[{"id":14086,"href":"https:\/\/www.iceagetv.com\/radiosite\/wp-json\/wp\/v2\/posts\/14084\/revisions\/14086"}],"wp:featuredmedia":[{"embeddable":true,"href":"https:\/\/www.iceagetv.com\/radiosite\/wp-json\/wp\/v2\/media\/14085"}],"wp:attachment":[{"href":"https:\/\/www.iceagetv.com\/radiosite\/wp-json\/wp\/v2\/media?parent=14084"}],"wp:term":[{"taxonomy":"category","embeddable":true,"href":"https:\/\/www.iceagetv.com\/radiosite\/wp-json\/wp\/v2\/categories?post=14084"},{"taxonomy":"post_tag","embeddable":true,"href":"https:\/\/www.iceagetv.com\/radiosite\/wp-json\/wp\/v2\/tags?post=14084"}],"curies":[{"name":"wp","href":"https:\/\/api.w.org\/{rel}","templated":true}]}}