{"id":14108,"date":"2019-12-23T15:03:48","date_gmt":"2019-12-23T15:03:48","guid":{"rendered":"http:\/\/www.iceagetv.com\/radiosite\/?p=14108"},"modified":"2019-12-23T15:03:48","modified_gmt":"2019-12-23T15:03:48","slug":"retraites-manifestation-surprise-gare-de-lyon-la-police-intervient","status":"publish","type":"post","link":"https:\/\/www.iceagetv.com\/radiosite\/retraites-manifestation-surprise-gare-de-lyon-la-police-intervient\/","title":{"rendered":"Retraites : manifestation surprise gare de Lyon, la police intervient"},"content":{"rendered":"\n<p><strong>Un rassemblement de gr\u00e9vistes \u00e0 proximit\u00e9 de la gare parisienne a conduit \u00e0 un face \u00e0 face tendu avec les forces de l&rsquo;ordre. Le trafic sur la ligne 1 du m\u00e9tro a \u00e9t\u00e9 bri\u00e8vement interrompu.<\/strong><\/p>\n\n\n\n<p>La gare de Lyon a \u00e9t\u00e9 le th\u00e9\u00e2tre d&rsquo;une manifestation impr\u00e9vue ce lundi 23 d\u00e9cembre, dans le cadre du mouvement de contestation contre la r\u00e9forme des retraites. Des dizaines de personnes ont p\u00e9n\u00e9tr\u00e9 pendant quelques minutes dans les couloirs de la gare parisienne.<\/p>\n\n\n\n<p>Des fumig\u00e8nes ont \u00e9t\u00e9 allum\u00e9s, causant un nuage de fum\u00e9e qui s&rsquo;est propag\u00e9 dans les souterrains du m\u00e9tro. L&rsquo;acc\u00e8s \u00e0 la ligne 1, qui fonctionne normalement malgr\u00e9 le mouvement social, a \u00e9t\u00e9 perturb\u00e9.\u00a0<strong>Le trafic a \u00e9t\u00e9 interrompu pendant une vingtaine de minutes,<\/strong>\u00a0a pr\u00e9cis\u00e9 une porte-parole de la RATP.  Cette action faisait suite \u00e0 un<strong>\u00a0rassemblement interprofessionnel devant le si\u00e8ge de la RATP<\/strong>, auquel participaient des dizaines de\u00a0<a href=\"https:\/\/actu.orange.fr\/france\/reforme-des-retraites-des-artistes-et-intellectuels-appellent-a-soutenir-financierement-les-grevistes-de-la-ratp-et-la-sncf-magic-CNT000001mjMKW.html\">manifestants contre le projet de r\u00e9forme des retraites.<\/a>\u00a0La ministre de la Transition \u00e9cologique et solidaire a condamn\u00e9 des actions qu&rsquo;elle qualifie \u00ab\u00a0d&rsquo;inadmissibles\u00a0\u00bb, d\u00e9plorant un d\u00e9tournement du droit de gr\u00e8ve en \u00ab\u00a0droit \u00e0 intimider les voyageurs\u00a0\u00bb. <\/p>\n\n\n\n<p>\n\nPar ailleurs, \u00ab\u00a0trois gr\u00e9vistes non SNCF sont venus occuper les voies SNCF, Gare de Lyon, pendant une dizaine de minutes. Ils ont mis leur vie en danger\u00a0\u00bb, a relev\u00e9 un porte-parole de la SNCF, pr\u00e9cisant que<strong>&nbsp;\u00ab\u00a0leur action n&rsquo;a pas eu d&rsquo;incidence sur le trafic ferroviaire\u00a0\u00bb<\/strong>.<\/p>\n\n\n\n<p>Malgr\u00e9 les appels du gouvernement \u00e0 une tr\u00eave pendant les f\u00eates de fin d&rsquo;ann\u00e9e,&nbsp;la CGT-Cheminots et SUD-Rail ont pr\u00e9vu des \u00ab\u00a0actions\u00a0\u00bb le 28 d\u00e9cembre.\n\n<\/p>\n\n\n\n<p><\/p>\n","protected":false},"excerpt":{"rendered":"<p>Un rassemblement de gr\u00e9vistes \u00e0 proximit\u00e9 de la gare parisienne a conduit \u00e0 un face \u00e0 face tendu avec les forces de l&rsquo;ordre. Le trafic sur la ligne 1 du m\u00e9tro a \u00e9t\u00e9 bri\u00e8vement interrompu. La gare de Lyon a \u00e9t\u00e9 le th\u00e9\u00e2tre d&rsquo;une manifestation impr\u00e9vue ce lundi 23 d\u00e9cembre, dans le cadre du mouvement [&hellip;]<\/p>\n","protected":false},"author":2,"featured_media":14109,"comment_status":"open","ping_status":"open","sticky":false,"template":"","format":"standard","meta":{"_jetpack_memberships_contains_paid_content":false,"footnotes":"","jetpack_publicize_message":"","jetpack_publicize_feature_enabled":true,"jetpack_social_post_already_shared":true,"jetpack_social_options":{"image_generator_settings":{"template":"highway","default_image_id":0,"font":"","enabled":false},"version":2},"_wpas_customize_per_network":false},"categories":[405],"tags":[2726],"class_list":["post-14108","post","type-post","status-publish","format-standard","has-post-thumbnail","hentry","category-actu-france-monde","tag-manifestation-surprise-gare-de-lyon"],"jetpack_publicize_connections":[],"jetpack_featured_media_url":"https:\/\/i0.wp.com\/www.iceagetv.com\/radiosite\/wp-content\/uploads\/2019\/12\/7manifestation-surprise-gare-de-Lyon-la-police-intervient.jpg?fit=980%2C450&ssl=1","jetpack_sharing_enabled":true,"_links":{"self":[{"href":"https:\/\/www.iceagetv.com\/radiosite\/wp-json\/wp\/v2\/posts\/14108","targetHints":{"allow":["GET"]}}],"collection":[{"href":"https:\/\/www.iceagetv.com\/radiosite\/wp-json\/wp\/v2\/posts"}],"about":[{"href":"https:\/\/www.iceagetv.com\/radiosite\/wp-json\/wp\/v2\/types\/post"}],"author":[{"embeddable":true,"href":"https:\/\/www.iceagetv.com\/radiosite\/wp-json\/wp\/v2\/users\/2"}],"replies":[{"embeddable":true,"href":"https:\/\/www.iceagetv.com\/radiosite\/wp-json\/wp\/v2\/comments?post=14108"}],"version-history":[{"count":1,"href":"https:\/\/www.iceagetv.com\/radiosite\/wp-json\/wp\/v2\/posts\/14108\/revisions"}],"predecessor-version":[{"id":14110,"href":"https:\/\/www.iceagetv.com\/radiosite\/wp-json\/wp\/v2\/posts\/14108\/revisions\/14110"}],"wp:featuredmedia":[{"embeddable":true,"href":"https:\/\/www.iceagetv.com\/radiosite\/wp-json\/wp\/v2\/media\/14109"}],"wp:attachment":[{"href":"https:\/\/www.iceagetv.com\/radiosite\/wp-json\/wp\/v2\/media?parent=14108"}],"wp:term":[{"taxonomy":"category","embeddable":true,"href":"https:\/\/www.iceagetv.com\/radiosite\/wp-json\/wp\/v2\/categories?post=14108"},{"taxonomy":"post_tag","embeddable":true,"href":"https:\/\/www.iceagetv.com\/radiosite\/wp-json\/wp\/v2\/tags?post=14108"}],"curies":[{"name":"wp","href":"https:\/\/api.w.org\/{rel}","templated":true}]}}