{"id":14111,"date":"2019-12-23T15:05:52","date_gmt":"2019-12-23T15:05:52","guid":{"rendered":"http:\/\/www.iceagetv.com\/radiosite\/?p=14111"},"modified":"2019-12-23T15:05:52","modified_gmt":"2019-12-23T15:05:52","slug":"intemperies-la-multiplication-des-tempetes-est-elle-exceptionnelle-pour-la-saison","status":"publish","type":"post","link":"https:\/\/www.iceagetv.com\/radiosite\/intemperies-la-multiplication-des-tempetes-est-elle-exceptionnelle-pour-la-saison\/","title":{"rendered":"Intemp\u00e9ries : la multiplication des temp\u00eates est-elle exceptionnelle pour la saison ?"},"content":{"rendered":"\n<p> Les temp\u00eates et les \u00e9pisodes m\u00e9diterran\u00e9ens s&rsquo;encha\u00eenent depuis plus\u00a0d&rsquo;un mois en France. Dernier coup de vent en date : la\u00a0<a rel=\"noreferrer noopener\" href=\"https:\/\/www.francetvinfo.fr\/meteo\/inondations\/direct-intemperies-des-milliers-de-foyers-sans-electricite-quatre-departements-en-vigilance-orange_3756483.html\" target=\"_blank\">temp\u00eate Fabien<\/a>, qui a balay\u00e9\u00a0le sud-ouest de la France\u00a0ainsi que la\u00a0<a rel=\"noreferrer noopener\" href=\"https:\/\/www.francetvinfo.fr\/france\/corse\/corse\/intemperies-en-corse-air-corsica-a-mis-en-place-un-pont-aerien-de-87-vols-ce-lundi_3756495.html\" target=\"_blank\">Corse<\/a>,\u00a0le week-end des\u00a021 et 22 d\u00e9cembre, laissant 12 000 foyers priv\u00e9s d&rsquo;\u00e9lectricit\u00e9 lundi \u00e0 la mi-journ\u00e9e, principalement en Nouvelle-Aquitaine. <\/p>\n\n\n\n<p>Cette&nbsp;multiplication des temp\u00eates est-elle vraiment exceptionnelle&nbsp;pour la saison ?&nbsp;Patrick Galois, ing\u00e9nieur pr\u00e9visionniste \u00e0 M\u00e9t\u00e9o France, r\u00e9pond \u00e0 franceinfo.&nbsp;<\/p>\n\n\n\n<p><strong> Peut-on dire que ce d\u00e9but d&rsquo;hiver est particuli\u00e8rement perturb\u00e9 ?<\/strong><\/p>\n\n\n\n<p><strong>Patrick Galois :<\/strong>&nbsp;Le temps&nbsp;perturb\u00e9 de cet hiver est dans la prolongation des perturbations que l&rsquo;on a d\u00e9j\u00e0 eues au cours de l&rsquo;automne. On a fait face \u00e0 un mois de novembre bien arros\u00e9 avec une succession de temp\u00eates&nbsp;: il y a eu&nbsp;<a href=\"https:\/\/www.francetvinfo.fr\/meteo\/tempete\/tempete-amelie\/\">Am\u00e9lie<\/a>, bien s\u00fbr, et&nbsp;Fabien, ce week-end, pour les plus marquantes. Mais on peut \u00e9galement citer C\u00e9cilia, les 22 et 23&nbsp;novembre, Daniel, les 16 et 17&nbsp;d\u00e9cembre, ou encore Elsa, les 19 et 20 d\u00e9cembre. Entre ces temp\u00eates, de multiples coups de vent n&rsquo;ont pas \u00e9t\u00e9 nomm\u00e9s, notamment sur les c\u00f4tes et dans&nbsp;l&rsquo;int\u00e9rieur des terres. Dans ces zones, peu de r\u00e9gions ont \u00e9t\u00e9 \u00e9pargn\u00e9es.&nbsp;Donc oui, clairement, ce d\u00e9but d&rsquo;hiver est rude.&nbsp;<\/p>\n\n\n\n<p><strong>Ces temp\u00eates sont-elles exceptionnelles ?<\/strong><\/p>\n\n\n\n<p>On l&rsquo;a constat\u00e9 \u00e0 plusieurs reprises : les vents de ces derniers jours, li\u00e9s \u00e0 Elsa et Fabien, ont franchi des records. Vendredi, dans le Massif central,&nbsp;il y a eu des rafales \u00e0 130 km\/h, autour de la r\u00e9gion de Saint-Etienne. C&rsquo;est du jamais vu depuis qu&rsquo;on a des relev\u00e9s comparables, soit depuis une quarantaine d&rsquo;ann\u00e9es.&nbsp;<\/p>\n\n\n\n<p>Ce week-end, \u00e0 Bordeaux, il y a eu des rafales \u00e0 141 km\/h, c&rsquo;est la 4e valeur la plus forte de ces quarante derni\u00e8res ann\u00e9es. Le record datait d&rsquo;il y a dix ans avec la temp\u00eate Klaus [consid\u00e9r\u00e9e comme la plus destructrice depuis les temp\u00eates de 1999]. On a enregistr\u00e9 170 km\/h \u00e0 Bastia, un record \u00e9galement. Et puis le vent a d\u00e9pass\u00e9 les 200 km\/h dans la r\u00e9gion du cap Corse sans que l&rsquo;on puisse \u00eatre plus pr\u00e9cis, car l&rsquo;appareil qui mesure la vitesse du vent, l&rsquo;an\u00e9mom\u00e8tre, s&rsquo;arr\u00eate \u00e0 216 km\/h, donc les vents ont pu aller bien au-del\u00e0.&nbsp;&nbsp;<\/p>\n\n\n\n<p><strong>Est-ce qu&rsquo;il s&rsquo;agissait&nbsp;d&rsquo;une \u00ab\u00a0mini-tornade\u00a0\u00bb dans le B\u00e9arn ?<\/strong><\/p>\n\n\n\n<p>Le terme \u00ab\u00a0mini-tornade\u00a0\u00bb n&rsquo;est pas correct : soit il y a une tornade, soit il n&rsquo;y en n&rsquo;a pas.&nbsp;Au vu des images qui ont \u00e9t\u00e9 post\u00e9es sur les r\u00e9seaux sociaux, il est probable que la commune de Serres-Sainte-Marie a \u00e9t\u00e9 frapp\u00e9e par une tornade, vu&nbsp;qu&rsquo;une vingtaine de maisons ont \u00e9t\u00e9 gravement endommag\u00e9es.&nbsp;<\/p>\n\n\n\n<p>Pour en \u00eatre certain, l&rsquo;Observatoire fran\u00e7ais des tornades et orages violents&nbsp;<a href=\"http:\/\/www.keraunos.org\/\" target=\"_blank\" rel=\"noreferrer noopener\">Keraunos<\/a>&nbsp;a lanc\u00e9 une enqu\u00eate sur place. Une tornade est caract\u00e9ris\u00e9e par un ph\u00e9nom\u00e8ne tourbillonnaire, provoquant des d\u00e9g\u00e2ts&nbsp;particuliers, qui ne sont pas les m\u00eames&nbsp;que lors d&rsquo;une temp\u00eate classique. Les signes typiques du passage d&rsquo;une tornade, c&rsquo;est un corridor sur quelques dizaines de m\u00e8tres avec des d\u00e9bris regroup\u00e9s dans la m\u00eame zone. Les arbres sont souvent sectionn\u00e9s \u00e0 quelques m\u00e8tres du sol dans ce couloir.&nbsp;<\/p>\n\n\n\n<p><strong>A quoi faut-il s&rsquo;attendre les prochaines semaines ?&nbsp;<\/strong><\/p>\n\n\n\n<p>On ne peut pas faire de projections pour janvier mais nous avons une bonne nouvelle : un anticyclone arrive \u00e0 partir de mercredi et il va apporter un temps calme sur la majeure partie du pays, sans intemp\u00e9ries pluvieuses, ou tr\u00e8s peu. On n&rsquo;aura pas du soleil partout mais au moins on sera \u00e9pargn\u00e9 par les pr\u00e9cipitations. Jusqu&rsquo;au 31, on aura des temp\u00e9ratures douces, fr\u00f4lant les 20 \u00b0C autour de Perpignan. De quoi passer No\u00ebl au balcon, comme dit l&rsquo;adage.&nbsp;<\/p>\n\n\n\n<p><\/p>\n","protected":false},"excerpt":{"rendered":"<p>Les temp\u00eates et les \u00e9pisodes m\u00e9diterran\u00e9ens s&rsquo;encha\u00eenent depuis plus\u00a0d&rsquo;un mois en France. Dernier coup de vent en date : la\u00a0temp\u00eate Fabien, qui a balay\u00e9\u00a0le sud-ouest de la France\u00a0ainsi que la\u00a0Corse,\u00a0le week-end des\u00a021 et 22 d\u00e9cembre, laissant 12 000 foyers priv\u00e9s d&rsquo;\u00e9lectricit\u00e9 lundi \u00e0 la mi-journ\u00e9e, principalement en Nouvelle-Aquitaine. Cette&nbsp;multiplication des temp\u00eates est-elle vraiment exceptionnelle&nbsp;pour la [&hellip;]<\/p>\n","protected":false},"author":2,"featured_media":14112,"comment_status":"open","ping_status":"open","sticky":false,"template":"","format":"standard","meta":{"_jetpack_memberships_contains_paid_content":false,"footnotes":"","jetpack_publicize_message":"","jetpack_publicize_feature_enabled":true,"jetpack_social_post_already_shared":true,"jetpack_social_options":{"image_generator_settings":{"template":"highway","default_image_id":0,"font":"","enabled":false},"version":2},"_wpas_customize_per_network":false},"categories":[14],"tags":[],"class_list":["post-14111","post","type-post","status-publish","format-standard","has-post-thumbnail","hentry","category-actu-meteo"],"jetpack_publicize_connections":[],"jetpack_featured_media_url":"https:\/\/i0.wp.com\/www.iceagetv.com\/radiosite\/wp-content\/uploads\/2019\/12\/la-multiplication-des-temp%C3%AAtes-est-elle-exceptionnelle-pour-la-saison.jpg?fit=1197%2C450&ssl=1","jetpack_sharing_enabled":true,"_links":{"self":[{"href":"https:\/\/www.iceagetv.com\/radiosite\/wp-json\/wp\/v2\/posts\/14111","targetHints":{"allow":["GET"]}}],"collection":[{"href":"https:\/\/www.iceagetv.com\/radiosite\/wp-json\/wp\/v2\/posts"}],"about":[{"href":"https:\/\/www.iceagetv.com\/radiosite\/wp-json\/wp\/v2\/types\/post"}],"author":[{"embeddable":true,"href":"https:\/\/www.iceagetv.com\/radiosite\/wp-json\/wp\/v2\/users\/2"}],"replies":[{"embeddable":true,"href":"https:\/\/www.iceagetv.com\/radiosite\/wp-json\/wp\/v2\/comments?post=14111"}],"version-history":[{"count":1,"href":"https:\/\/www.iceagetv.com\/radiosite\/wp-json\/wp\/v2\/posts\/14111\/revisions"}],"predecessor-version":[{"id":14113,"href":"https:\/\/www.iceagetv.com\/radiosite\/wp-json\/wp\/v2\/posts\/14111\/revisions\/14113"}],"wp:featuredmedia":[{"embeddable":true,"href":"https:\/\/www.iceagetv.com\/radiosite\/wp-json\/wp\/v2\/media\/14112"}],"wp:attachment":[{"href":"https:\/\/www.iceagetv.com\/radiosite\/wp-json\/wp\/v2\/media?parent=14111"}],"wp:term":[{"taxonomy":"category","embeddable":true,"href":"https:\/\/www.iceagetv.com\/radiosite\/wp-json\/wp\/v2\/categories?post=14111"},{"taxonomy":"post_tag","embeddable":true,"href":"https:\/\/www.iceagetv.com\/radiosite\/wp-json\/wp\/v2\/tags?post=14111"}],"curies":[{"name":"wp","href":"https:\/\/api.w.org\/{rel}","templated":true}]}}