{"id":14117,"date":"2019-12-23T19:14:09","date_gmt":"2019-12-23T19:14:09","guid":{"rendered":"http:\/\/www.iceagetv.com\/radiosite\/?p=14117"},"modified":"2019-12-23T19:14:09","modified_gmt":"2019-12-23T19:14:09","slug":"greve-ce-que-prevoient-la-sncf-et-la-ratp-pour-mardi-et-mercredi","status":"publish","type":"post","link":"https:\/\/www.iceagetv.com\/radiosite\/greve-ce-que-prevoient-la-sncf-et-la-ratp-pour-mardi-et-mercredi\/","title":{"rendered":"Gr\u00e8ve : ce que pr\u00e9voient la SNCF et la RATP pour mardi et mercredi"},"content":{"rendered":"\n<p> La RATP pr\u00e9voit un trafic \u00ab<em>encore perturb\u00e9<\/em>\u00bb mardi, et \u00ab<em>tr\u00e8s r\u00e9duit<\/em>\u00bb mercredi. La SNCF pr\u00e9voit quant \u00e0 elle un trafic similaire \u00e0 celui d&rsquo;aujourd&rsquo;hui.  La gr\u00e8ve continue dans les transports. Pour mardi, la SNCF pr\u00e9voit un trafic toujours tr\u00e8s perturb\u00e9, tout comme la RATP. Cette derni\u00e8re conseille aux voyageurs qui le peuvent d&rsquo;\u00e9viter d&#8217;emprunter son r\u00e9seau, et pr\u00e9sente \u00e0 nouveau ses excuses \u00e0 ses voyageurs. Voici le d\u00e9tail des pr\u00e9visions du trafic pour mardi 24 d\u00e9cembre. <\/p>\n\n\n\n<h2 class=\"wp-block-heading\">Un trafic encore perturb\u00e9 \u00e0 la SNCF<\/h2>\n\n\n\n<p>A la SNCF, la situation reste compliqu\u00e9e. Le groupe pr\u00e9voit toujours deux\u00a0<strong>TGV<\/strong>\u00a0sur cinq et deux\u00a0<strong>Ouigo<\/strong>\u00a0sur cinq,\u00a0<a rel=\"noreferrer noopener\" target=\"_blank\" href=\"https:\/\/www.lefigaro.fr\/flash-eco\/greve-dans-les-transports-les-previsions-de-trafic-pour-les-22-et-23-decembre-20191221\">\u00e0 l&rsquo;instar de lundi<\/a>. Dans le d\u00e9tail, deux trains sur cinq circuleront sur les axes Est, Atlantique, Nord et Sud-Sst.<\/p>\n\n\n\n<p>\u00c0&nbsp;<strong>l&rsquo;International<\/strong>, le service sera \u00abnormal\u00bb sur l&rsquo;Eurostar, et les deux tiers des Thalys seront assur\u00e9s. Un tiers des trains seulement fonctionnera vers la Suisse, l&rsquo;Italie et l&rsquo;Allemagne, contre la moiti\u00e9 de ceux en direction de l&rsquo;Espagne.<\/p>\n\n\n\n<p>De m\u00eame, mardi, un&nbsp;<strong>Transilien<\/strong>&nbsp;sur cinq seulement circulera. La SNCF rappelle que les lignes D, E, P, N, U, T4 et T11 \u00abfermeront de mani\u00e8re anticip\u00e9e en fin de journ\u00e9e\u00bb, jusqu&rsquo;au 25 d\u00e9cembre \u00aben d\u00e9but d&rsquo;apr\u00e8s-midi\u00bb.<\/p>\n\n\n\n<p>Seulement quatre&nbsp;<strong>TER&nbsp;<\/strong>sur dix circuleront sur le r\u00e9seau SNCF. Les r\u00e9gions Centre-Val-de-Loire, Provence-Alpes-C\u00f4te d&rsquo;Azur et Nouvelle-Aquitaine sont les plus touch\u00e9es, avec trois circulations sur dix, l\u00e0 o\u00f9 l&rsquo;Auvergne-Rh\u00f4ne-Alpes b\u00e9n\u00e9ficie de 70% des circulations assur\u00e9es (dont une majorit\u00e9 en bus).<\/p>\n\n\n\n<p>Enfin, le trafic reste r\u00e9duit sur le r\u00e9seau&nbsp;<strong>Intercit\u00e9s<\/strong>, avec 20% des trajets de jour assur\u00e9s, et aucun la nuit.<\/p>\n\n\n\n<h2 class=\"wp-block-heading\">RATP&nbsp;: un trafic toujours perturb\u00e9 dans le m\u00e9tro francilien<\/h2>\n\n\n\n<p>Les lignes&nbsp;<strong>1&nbsp;<\/strong>et&nbsp;<strong>14&nbsp;<\/strong>fonctionneront normalement, avec un risque de saturation, de m\u00eame que l&rsquo;<strong>Orlyval<\/strong>.<\/p>\n\n\n\n<p>Les lignes&nbsp;<strong>2, 3, 4, 7, 8, 9, 10 et 11<\/strong>&nbsp;ne fonctionneront que de 6h30 \u00e0 9h puis de 15h30 \u00e0 18h30, avec un nombre de trains r\u00e9duit et certaines stations ferm\u00e9es.<\/p>\n\n\n\n<p>Les lignes&nbsp;<strong>3bis, 5, 6, 7bis, 12 et 13<\/strong>&nbsp;seront encore totalement interrompues.<\/p>\n\n\n\n<h2 class=\"wp-block-heading\">RER<\/h2>\n\n\n\n<p>Le&nbsp;<strong>RER A<\/strong>&nbsp;ne sera ouvert que de 6h30 \u00e0 9h30 puis de 16h30 \u00e0 19h, avec un train sur deux environ.<\/p>\n\n\n\n<p>Le&nbsp;<strong>RER B<\/strong>, quant \u00e0 lui, n&rsquo;aura qu&rsquo;un train sur trois, de 6h30 \u00e0 9h30 puis de 16h30 \u00e0 18h30.<\/p>\n\n\n\n<h2 class=\"wp-block-heading\"><strong>Bus<\/strong><\/h2>\n\n\n\n<p>La RATP pr\u00e9voit que les deux tiers des bus circuleront tout au long de la journ\u00e9e.<\/p>\n\n\n\n<h2 class=\"wp-block-heading\">Tramways<\/h2>\n\n\n\n<p>Les lignes&nbsp;<strong>2, 5, 6, 7 et 8<\/strong>&nbsp;fonctionneront normalement.<\/p>\n\n\n\n<p>Les lignes&nbsp;<strong>1, 3a et 3b<\/strong>&nbsp;circuleront avec un trafic \u00ab<em>quasi normal<\/em>\u00bb.<\/p>\n\n\n\n<h2 class=\"wp-block-heading\">Un trafic \u00abtr\u00e8s r\u00e9duit\u00bb mercredi 25 d\u00e9cembre<\/h2>\n\n\n\n<p>Par ailleurs, la RATP s&rsquo;attend \u00e0 un trafic \u00abtr\u00e8s r\u00e9duit\u00bb sur l&rsquo;ensemble de son r\u00e9seau, mercredi. Le trafic sera \u00abquasi normal\u00bb sur les r\u00e9seaux&nbsp;<strong>bus et tramway<\/strong>, avec 80% des bus disponibles, et les lignes&nbsp;<strong>1 et 14<\/strong>&nbsp;du m\u00e9tro circuleront sans difficult\u00e9. Cependant, le&nbsp;<strong>RER A<\/strong>&nbsp;sera ferm\u00e9 toute la journ\u00e9e, de m\u00eame que&nbsp;<strong>toutes les autres lignes de m\u00e9tro<\/strong>. Le&nbsp;<strong>RER B<\/strong>, quant \u00e0 lui, fonctionnera avec un train sur trois seulement, de midi \u00e0 18h.<\/p>\n\n\n\n<p>De son c\u00f4t\u00e9, la\u00a0<strong>SNCF<\/strong>\u00a0a dit s&rsquo;attendre \u00e0 un trafic similaire \u00e0 celui du 23-24 d\u00e9cembre, pour les journ\u00e9es du 25-26 d\u00e9cembre. Cela se traduit concr\u00e8tement par 41% des TGV et des Intercit\u00e9s en fonctionnement ces deux jours.<\/p>\n\n\n\n<h2 class=\"wp-block-heading\">Sur les routes, d&rsquo;importants bouchons attendus mardi<\/h2>\n\n\n\n<p>Pour mardi,&nbsp;<a target=\"_blank\" rel=\"noreferrer noopener\" href=\"https:\/\/www.bison-fute.gouv.fr\/du-20-12-au-25-12.html\">Bison Fut\u00e9 conseille<\/a>&nbsp;de quitter ou traverser l&rsquo;\u00cele-de-France \u00abavant 11h\u00bb, pour \u00e9viter les bouchons. \u00abLa circulation est particuli\u00e8rement dense aux abords des magasins\u00bb, et \u00abde vendredi jusqu&rsquo;\u00e0 mardi, les bouchons seront tr\u00e8s importants\u00bb, en particulier l&rsquo;apr\u00e8s-midi, note le site internet. Le 24 sera \u00abune journ\u00e9e difficile en \u00cele-de-France\u00bb,&nbsp;<a target=\"_blank\" rel=\"noreferrer noopener\" href=\"http:\/\/www.sytadin.fr\/sys\/alert_reseau.jsp.html#490258\">souligne de son c\u00f4t\u00e9 Sytadin<\/a>&nbsp;: mardi est class\u00e9 \u00aborange\u00bb dans le sens des d\u00e9parts.\u00ab Les axes desservant les zones commerciales conna\u00eetront une circulation dense. Il en est de m\u00eame pour les secteurs commerciaux des centres des grandes villes\u00bb, peut-on lire.<\/p>\n\n\n\n<p><\/p>\n","protected":false},"excerpt":{"rendered":"<p>La RATP pr\u00e9voit un trafic \u00abencore perturb\u00e9\u00bb mardi, et \u00abtr\u00e8s r\u00e9duit\u00bb mercredi. La SNCF pr\u00e9voit quant \u00e0 elle un trafic similaire \u00e0 celui d&rsquo;aujourd&rsquo;hui. La gr\u00e8ve continue dans les transports. Pour mardi, la SNCF pr\u00e9voit un trafic toujours tr\u00e8s perturb\u00e9, tout comme la RATP. Cette derni\u00e8re conseille aux voyageurs qui le peuvent d&rsquo;\u00e9viter d&#8217;emprunter son [&hellip;]<\/p>\n","protected":false},"author":2,"featured_media":14118,"comment_status":"open","ping_status":"open","sticky":false,"template":"","format":"standard","meta":{"_jetpack_memberships_contains_paid_content":false,"footnotes":"","jetpack_publicize_message":"","jetpack_publicize_feature_enabled":true,"jetpack_social_post_already_shared":true,"jetpack_social_options":{"image_generator_settings":{"template":"highway","default_image_id":0,"font":"","enabled":false},"version":2},"_wpas_customize_per_network":false},"categories":[405],"tags":[],"class_list":["post-14117","post","type-post","status-publish","format-standard","has-post-thumbnail","hentry","category-actu-france-monde"],"jetpack_publicize_connections":[],"jetpack_featured_media_url":"https:\/\/i0.wp.com\/www.iceagetv.com\/radiosite\/wp-content\/uploads\/2019\/12\/ce-que-pr%C3%A9voient-la-SNCF-et-la-RATP-pour-mardi-et-mercredi.jpeg?fit=616%2C347&ssl=1","jetpack_sharing_enabled":true,"_links":{"self":[{"href":"https:\/\/www.iceagetv.com\/radiosite\/wp-json\/wp\/v2\/posts\/14117","targetHints":{"allow":["GET"]}}],"collection":[{"href":"https:\/\/www.iceagetv.com\/radiosite\/wp-json\/wp\/v2\/posts"}],"about":[{"href":"https:\/\/www.iceagetv.com\/radiosite\/wp-json\/wp\/v2\/types\/post"}],"author":[{"embeddable":true,"href":"https:\/\/www.iceagetv.com\/radiosite\/wp-json\/wp\/v2\/users\/2"}],"replies":[{"embeddable":true,"href":"https:\/\/www.iceagetv.com\/radiosite\/wp-json\/wp\/v2\/comments?post=14117"}],"version-history":[{"count":1,"href":"https:\/\/www.iceagetv.com\/radiosite\/wp-json\/wp\/v2\/posts\/14117\/revisions"}],"predecessor-version":[{"id":14119,"href":"https:\/\/www.iceagetv.com\/radiosite\/wp-json\/wp\/v2\/posts\/14117\/revisions\/14119"}],"wp:featuredmedia":[{"embeddable":true,"href":"https:\/\/www.iceagetv.com\/radiosite\/wp-json\/wp\/v2\/media\/14118"}],"wp:attachment":[{"href":"https:\/\/www.iceagetv.com\/radiosite\/wp-json\/wp\/v2\/media?parent=14117"}],"wp:term":[{"taxonomy":"category","embeddable":true,"href":"https:\/\/www.iceagetv.com\/radiosite\/wp-json\/wp\/v2\/categories?post=14117"},{"taxonomy":"post_tag","embeddable":true,"href":"https:\/\/www.iceagetv.com\/radiosite\/wp-json\/wp\/v2\/tags?post=14117"}],"curies":[{"name":"wp","href":"https:\/\/api.w.org\/{rel}","templated":true}]}}