{"id":14130,"date":"2019-12-25T12:19:06","date_gmt":"2019-12-25T12:19:06","guid":{"rendered":"http:\/\/www.iceagetv.com\/radiosite\/?p=14130"},"modified":"2019-12-25T12:19:06","modified_gmt":"2019-12-25T12:19:06","slug":"appels-a-la-paix-et-la-reconciliation-dans-le-monde-pour-le-septieme-urbi-et-orbi-du-pape-francois","status":"publish","type":"post","link":"https:\/\/www.iceagetv.com\/radiosite\/appels-a-la-paix-et-la-reconciliation-dans-le-monde-pour-le-septieme-urbi-et-orbi-du-pape-francois\/","title":{"rendered":"Appels \u00e0 la paix et la r\u00e9conciliation dans le monde pour le septi\u00e8me \u00ab urbi et orbi \u00bb du pape Fran\u00e7ois"},"content":{"rendered":"\n<p> Le pape Fran\u00e7ois a adress\u00e9 son traditionnel message\u00a0<em>\u00ab\u00a0urbi et orbi\u00a0\u00bb<\/em>\u00a0(<em>\u00e0 la ville et au monde<\/em>, en latin) \u00e0 l\u2019occasion de son septi\u00e8me No\u00ebl \u00e0 la t\u00eate de l\u2019Eglise, mercredi 25\u00a0d\u00e9cembre au Vatican. Le souverain pontife, qui a f\u00eat\u00e9 le 17\u00a0d\u00e9cembre ses 83\u00a0ans, a prononc\u00e9 son discours \u00e0 la mi-journ\u00e9e devant des milliers de fid\u00e8les mass\u00e9s sur la place Saint-Pierre. Il s\u2019est livr\u00e9 \u00e0 un vaste tour d\u2019horizon des zones de conflits dans le monde. <\/p>\n\n\n\n<ul class=\"wp-block-list\"><li>Garantir la s\u00e9curit\u00e9&nbsp;\u00bb au Moyen-Orient, notamment en Syrie<\/li><\/ul>\n\n\n\n<p>Fran\u00e7ois a \u00e9voqu\u00e9\u00a0<em>\u00ab\u00a0les nombreux enfants qui subissent la guerre et les conflits au Moyen-Orient et dans divers pays du monde\u00a0\u00bb<\/em>. Souhaitant tout particuli\u00e8rement\u00a0<em>\u00ab\u00a0le r\u00e9confort du bien-aim\u00e9 peuple syrien qui ne voit pas encore la fin des hostilit\u00e9s qui ont d\u00e9chir\u00e9 le pays en cette d\u00e9cennie\u00a0\u00bb<\/em>, le souverain pontife a esp\u00e9r\u00e9 voir secou\u00e9es\u00a0<em>\u00ab\u00a0les consciences des hommes de bonne volont\u00e9\u00a0\u00bb<\/em>.<\/p>\n\n\n\n<p>Il a appel\u00e9&nbsp;<em>\u00ab&nbsp;les gouvernants et la communaut\u00e9 internationale \u00e0 trouver des solutions qui garantissent la s\u00e9curit\u00e9 et la coexistence pacifique des peuples de la r\u00e9gion&nbsp;\u00bb<\/em>&nbsp;dont les souffrances doivent prendre fin.<\/p>\n\n\n\n<p>L\u2019Argentin a aussi eu une pens\u00e9e de&nbsp;<em>\u00ab&nbsp;soutien pour le peuple libanais, afin qu\u2019il puisse sortir de la crise actuelle et red\u00e9couvre sa vocation d\u2019\u00eatre un messager de libert\u00e9 et d\u2019harmonieuse coexistence pour tous&nbsp;\u00bb<\/em>. Il a aussi soulign\u00e9 que les habitants de Terre sainte&nbsp;<em>\u00ab&nbsp;attendent des jours de paix, de s\u00e9curit\u00e9&nbsp;\u00bb<\/em>, \u00e9voquant aussi&nbsp;<em>\u00ab&nbsp;les tensions sociales&nbsp;\u00bb<\/em>&nbsp;en Irak et la&nbsp;<em>\u00ab&nbsp;grave crise humanitaire au Y\u00e9men&nbsp;\u00bb<\/em>.<\/p>\n\n\n\n<ul class=\"wp-block-list\"><li>Les nations am\u00e9ricaines encourag\u00e9es \u00e0 \u00ab&nbsp;favoriser la justice et la r\u00e9conciliation&nbsp;\u00bb<\/li><\/ul>\n\n\n\n<p>Jorge Bergoglio a regrett\u00e9 en outre que plusieurs nations du continent am\u00e9ricain&nbsp;<em>\u00ab&nbsp;traversent une p\u00e9riode d\u2019agitations sociales et politiques&nbsp;\u00bb<\/em>, en souhaitant plus particuli\u00e8rement que le peuple v\u00e9n\u00e9zu\u00e9lien tr\u00e8s&nbsp;<em>\u00ab&nbsp;\u00e9prouv\u00e9 par des tensions politiques et \u00e9conomiques&nbsp;\u00bb<\/em>&nbsp;obtienne&nbsp;<em>\u00ab&nbsp;l\u2019aide dont il a besoin&nbsp;\u00bb<\/em>. Il a encourag\u00e9 plus g\u00e9n\u00e9ralement dans cette r\u00e9gion les efforts&nbsp;<em>\u00ab&nbsp;pour favoriser la justice et la r\u00e9conciliation&nbsp;\u00bb<\/em>&nbsp;et surmonter&nbsp;<em>\u00ab&nbsp;les nombreuses formes de pauvret\u00e9 qui offensent la dignit\u00e9 de toute personne&nbsp;\u00bb<\/em>.<\/p>\n\n\n\n<ul class=\"wp-block-list\"><li>\u00ab&nbsp;R\u00e9confort&nbsp;\u00bb aux missionnaires et les fid\u00e8les pers\u00e9cut\u00e9s en Afrique<\/li><\/ul>\n\n\n\n<p>Evoquant le continent africain o\u00f9 r\u00e8gnent&nbsp;<em>\u00ab&nbsp;violences, calamit\u00e9s naturelles ou urgences sanitaires&nbsp;\u00bb<\/em>, le pape<em>&nbsp;\u00ab&nbsp;a en outre voulu exprimer son r\u00e9confort&nbsp;\u00bb&nbsp;<\/em>\u00e0 tous ceux qui sont&nbsp;<em>\u00ab&nbsp;pers\u00e9cut\u00e9s \u00e0 cause de leur foi religieuse, sp\u00e9cialement les missionnaires et les fid\u00e8les kidnapp\u00e9s&nbsp;\u00bb.<\/em><\/p>\n\n\n\n<p>Il a d\u00e9nonc\u00e9 les agissements&nbsp;<em>\u00ab&nbsp;des groupes extr\u00e9mistes sur le continent africain, surtout au Burkina Faso, au Mali, au Niger et au Nigeria&nbsp;\u00bb.<\/em>&nbsp;Le souverain pontife a aussi sp\u00e9cifiquement appel\u00e9 \u00e0&nbsp;<em>\u00ab&nbsp;la paix pour la population qui vit dans les r\u00e9gions orientales de la R\u00e9publique D\u00e9mocratique du Congo, meurtrie par des conflits persistants&nbsp;\u00bb<\/em>.<\/p>\n\n\n\n<ul class=\"wp-block-list\"><li>Pour No\u00ebl, le pape Fran\u00e7ois avait c\u00e9l\u00e9br\u00e9 l\u2019amour \u00ab\u00a0gratuit\u00a0\u00bb<\/li><\/ul>\n\n\n\n<p>Lors de sa traditionnelle hom\u00e9lie de No\u00ebl, mardi soir, le pape avait c\u00e9l\u00e9br\u00e9 l\u2019amour&nbsp;<em>\u00ab&nbsp;inconditionnel&nbsp;\u00bb<\/em>&nbsp;et&nbsp;<em>\u00ab&nbsp;gratuit&nbsp;\u00bb<\/em>&nbsp;face \u00e0 la logique marchande, devant des milliers de fid\u00e8les.&nbsp;<em>\u00ab&nbsp;No\u00ebl nous rappelle que Dieu continue d\u2019aimer tout homme, m\u00eame le pire&nbsp;\u00bb<\/em>, a soulign\u00e9 le chef des 1,3&nbsp;milliard de catholiques dans le monde, lors de la messe dans basilique Saint-Pierre de Rome.<\/p>\n\n\n\n<p>\u00ab&nbsp;N\u2019attendons pas que notre prochain devienne bon pour lui faire du bien, que l\u2019Eglise soit parfaite pour l\u2019aimer, que les autres nous consid\u00e8rent pour les servir. Commen\u00e7ons les premiers.&nbsp;\u00bb<\/p>\n\n\n\n<ul class=\"wp-block-list\"><li><\/li><\/ul>\n\n\n\n<p><\/p>\n\n\n\n<p><\/p>\n","protected":false},"excerpt":{"rendered":"<p>Le pape Fran\u00e7ois a adress\u00e9 son traditionnel message\u00a0\u00ab\u00a0urbi et orbi\u00a0\u00bb\u00a0(\u00e0 la ville et au monde, en latin) \u00e0 l\u2019occasion de son septi\u00e8me No\u00ebl \u00e0 la t\u00eate de l\u2019Eglise, mercredi 25\u00a0d\u00e9cembre au Vatican. Le souverain pontife, qui a f\u00eat\u00e9 le 17\u00a0d\u00e9cembre ses 83\u00a0ans, a prononc\u00e9 son discours \u00e0 la mi-journ\u00e9e devant des milliers de fid\u00e8les mass\u00e9s [&hellip;]<\/p>\n","protected":false},"author":2,"featured_media":14131,"comment_status":"open","ping_status":"open","sticky":false,"template":"","format":"standard","meta":{"_jetpack_memberships_contains_paid_content":false,"footnotes":"","jetpack_publicize_message":"","jetpack_publicize_feature_enabled":true,"jetpack_social_post_already_shared":true,"jetpack_social_options":{"image_generator_settings":{"template":"highway","default_image_id":0,"font":"","enabled":false},"version":2},"_wpas_customize_per_network":false},"categories":[405],"tags":[],"class_list":["post-14130","post","type-post","status-publish","format-standard","has-post-thumbnail","hentry","category-actu-france-monde"],"jetpack_publicize_connections":[],"jetpack_featured_media_url":"https:\/\/i0.wp.com\/www.iceagetv.com\/radiosite\/wp-content\/uploads\/2019\/12\/Appels-%C3%A0-la-paix-et-la-r%C3%A9conciliation-dans-le-monde.jpg?fit=553%2C369&ssl=1","jetpack_sharing_enabled":true,"_links":{"self":[{"href":"https:\/\/www.iceagetv.com\/radiosite\/wp-json\/wp\/v2\/posts\/14130","targetHints":{"allow":["GET"]}}],"collection":[{"href":"https:\/\/www.iceagetv.com\/radiosite\/wp-json\/wp\/v2\/posts"}],"about":[{"href":"https:\/\/www.iceagetv.com\/radiosite\/wp-json\/wp\/v2\/types\/post"}],"author":[{"embeddable":true,"href":"https:\/\/www.iceagetv.com\/radiosite\/wp-json\/wp\/v2\/users\/2"}],"replies":[{"embeddable":true,"href":"https:\/\/www.iceagetv.com\/radiosite\/wp-json\/wp\/v2\/comments?post=14130"}],"version-history":[{"count":1,"href":"https:\/\/www.iceagetv.com\/radiosite\/wp-json\/wp\/v2\/posts\/14130\/revisions"}],"predecessor-version":[{"id":14132,"href":"https:\/\/www.iceagetv.com\/radiosite\/wp-json\/wp\/v2\/posts\/14130\/revisions\/14132"}],"wp:featuredmedia":[{"embeddable":true,"href":"https:\/\/www.iceagetv.com\/radiosite\/wp-json\/wp\/v2\/media\/14131"}],"wp:attachment":[{"href":"https:\/\/www.iceagetv.com\/radiosite\/wp-json\/wp\/v2\/media?parent=14130"}],"wp:term":[{"taxonomy":"category","embeddable":true,"href":"https:\/\/www.iceagetv.com\/radiosite\/wp-json\/wp\/v2\/categories?post=14130"},{"taxonomy":"post_tag","embeddable":true,"href":"https:\/\/www.iceagetv.com\/radiosite\/wp-json\/wp\/v2\/tags?post=14130"}],"curies":[{"name":"wp","href":"https:\/\/api.w.org\/{rel}","templated":true}]}}