{"id":14139,"date":"2019-12-26T10:37:34","date_gmt":"2019-12-26T10:37:34","guid":{"rendered":"http:\/\/www.iceagetv.com\/radiosite\/?p=14139"},"modified":"2019-12-26T10:37:34","modified_gmt":"2019-12-26T10:37:34","slug":"si-les-tempetes-de-1999-avaient-lieu-aujourdhui-la-quasi-totalite-de-la-france-serait-en-alerte-rouge","status":"publish","type":"post","link":"https:\/\/www.iceagetv.com\/radiosite\/si-les-tempetes-de-1999-avaient-lieu-aujourdhui-la-quasi-totalite-de-la-france-serait-en-alerte-rouge\/","title":{"rendered":"Si les temp\u00eates de 1999 avaient lieu aujourd&rsquo;hui, la quasi-totalit\u00e9 de la France serait en alerte rouge"},"content":{"rendered":"\n<h2 class=\"wp-block-heading\">De la performance des pr\u00e9visions \u00e0 l&rsquo;information des populations, beaucoup de choses ont chang\u00e9 en 20 ans, assure M\u00e9t\u00e9o-France. Si les temp\u00eates \u00ab\u00a0Lothar\u00a0\u00bb et \u00ab\u00a0Martin\u00a0\u00bb balayaient la France aujourd&rsquo;hui, 79 d\u00e9partements seraient plac\u00e9s en&nbsp;vigilance rouge.&nbsp;<\/h2>\n\n\n\n<p>Vingt ans apr\u00e8s les faits,\u00a0<a rel=\"noreferrer noopener\" href=\"https:\/\/www.bfmtv.com\/planete\/1987-1999-deux-grosses-tempetes-france-36583.html\" target=\"_blank\">la catastrophe est rest\u00e9e grav\u00e9e dans les\u00a0m\u00e9moires collectives<\/a>. Arbres d\u00e9racin\u00e9s, toitures arrach\u00e9es, c\u00e2bles \u00e9lectriques \u00e9croul\u00e9s sur le bitume, voitures ensevelies\u2026 Les 26 et 27 d\u00e9cembre 1999, la France est balay\u00e9e par deux temp\u00eates d\u2019une violence inou\u00efe.<\/p>\n\n\n\n<p>Lothar\u00a0\u00bb&nbsp;souffle sur 60% des d\u00e9partements fran\u00e7ais du nord. Le lendemain \u00ab\u00a0Martin\u00a0\u00bb&nbsp;s\u2019abat sur les d\u00e9partements du sud avec des rafales exceptionnelles, dont un pic \u00e0 198 km\/h enregistr\u00e9 sur l\u2019\u00cele d\u2019Ol\u00e9ron. Deux jours apr\u00e8s les \u00e9v\u00e9nements, le bilan est lourd: 92 morts, 270 millions d\u2019arbres arrach\u00e9s et trois ans de r\u00e9colte an\u00e9anties.<\/p>\n\n\n\n<h3 class=\"wp-block-heading\">Un manque d&rsquo;anticipation en 1999<\/h3>\n\n\n\n<p>\u00c0 l\u2019\u00e9poque, les pr\u00e9visionnistes n\u2019avaient pas saisi \u00e0 temps l\u2019urgence de la situation. Pour \u00ab\u00a0Lothar\u00a0\u00bb, les mod\u00e8les de&nbsp;<a href=\"http:\/\/www.meteofrance.com\/accueil\" target=\"_blank\" rel=\"noreferrer noopener\">M\u00e9t\u00e9o-France<\/a>&nbsp;en vigueur \u00e0&nbsp;l\u2019\u00e9poque avaient fourni des pr\u00e9visions pertinentes \u00e0 partir du 25 d\u00e9cembre. \u00ab\u00a0Cependant, le d\u00e9veloppement explosif de la temp\u00eate est sous-estim\u00e9&nbsp;du fait de son caract\u00e8re exceptionnel\u00a0\u00bb, explique l&rsquo;institut m\u00e9t\u00e9orologique.<\/p>\n\n\n\n<p>Deux jours plus tard, le&nbsp;sc\u00e9nario d\u2019\u00e9volution de Martin adopt\u00e9 par M\u00e9t\u00e9o-France au vu des r\u00e9sultats pr\u00e9voit le passage d\u2019une forte temp\u00eate n\u00e9cessitant le d\u00e9clenchement d\u2019une alerte au niveau national. Pour autant, il&nbsp;ne permet pas d\u2019anticiper pr\u00e9cis\u00e9ment la trajectoire du ph\u00e9nom\u00e8ne.<\/p>\n\n\n\n<blockquote class=\"wp-block-quote is-layout-flow wp-block-quote-is-layout-flow\"><p>\u00ab\u00a0On a vu que les populations avaient \u00e9t\u00e9 surprises, qu&rsquo;elles n&rsquo;avaient pas \u00e9t\u00e9 pr\u00e9par\u00e9es et avaient parfois eu des comportements qui les ont expos\u00e9es, des gens qui sont mont\u00e9s sur les toits par exemple\u00a0\u00bb, se souvient Fran\u00e7ois Lalaurette, directeur des op\u00e9rations \u00e0 M\u00e9t\u00e9o-France, aupr\u00e8s de l&rsquo;AFP.<\/p><\/blockquote>\n\n\n\n<h3 class=\"wp-block-heading\">36 heures de gagn\u00e9es sur les pr\u00e9visions en 20 ans<\/h3>\n\n\n\n<p><a href=\"https:\/\/www.bfmtv.com\/planete\/pourquoi-les-tempetes-de-1999-etaient-si-violentes-854536.html#content\/contribution\/edit\" target=\"_blank\" rel=\"noreferrer noopener\">Les temp\u00eates de 1999&nbsp;<\/a>marquent&nbsp;le point de d\u00e9part d&rsquo;une&nbsp;r\u00e9flexion lanc\u00e9e par M\u00e9t\u00e9o-France \u00e0 la demande du minist\u00e8re de l\u2019Environnement pour am\u00e9liorer l\u2019information des populations. Cette r\u00e9flexion a abouti \u00e0 la naissance, en 2001, de la Vigilance m\u00e9t\u00e9orologique.<\/p>\n\n\n\n<p>Vingt ans apr\u00e8s les faits, M\u00e9t\u00e9o France a imagin\u00e9 les cartes qui auraient \u00e9t\u00e9 produites si ces temp\u00eates avaient lieu de nos jours.&nbsp;Pour \u00ab\u00a0Lothar\u00a0\u00bb dans le nord de la France, 46 d\u00e9partements auraient \u00e9t\u00e9 plac\u00e9s en vigilance rouge et 19 en vigilance orange.<\/p>\n\n\n\n<blockquote class=\"wp-block-quote is-layout-flow wp-block-quote-is-layout-flow\"><p>\u00ab\u00a0L\u2019am\u00e9lioration continue de nos mod\u00e8les de pr\u00e9visions num\u00e9riques du temps, permettrait aujourd\u2019hui d\u2019obtenir 36 heures d\u2019anticipations sur la pr\u00e9vision de l\u2019arriv\u00e9e de Lothar\u00a0\u00bb, estime M\u00e9t\u00e9o-France.<\/p><cite> Pour Martin, 35 d\u00e9partements fran\u00e7ais et l\u2019Andorre auraient \u00e9t\u00e9 plac\u00e9s en alerte rouge, 16 en orange. \u00ab\u00a0Tout cela sans compter les progr\u00e8s de l&rsquo;observation. Ces pr\u00e9visions rejou\u00e9es utilisent en effet un \u00e9tat initial qui ne peut incorporer que les observations de l&rsquo;\u00e9poque\u00a0\u00bb, souligne M\u00e9t\u00e9o France, m\u00eame si\u00a0les erreurs en mati\u00e8re de trajectoire existent toujours de nos jours. <\/cite><\/blockquote>\n\n\n\n<p><\/p>\n","protected":false},"excerpt":{"rendered":"<p>De la performance des pr\u00e9visions \u00e0 l&rsquo;information des populations, beaucoup de choses ont chang\u00e9 en 20 ans, assure M\u00e9t\u00e9o-France. Si les temp\u00eates \u00ab\u00a0Lothar\u00a0\u00bb et \u00ab\u00a0Martin\u00a0\u00bb balayaient la France aujourd&rsquo;hui, 79 d\u00e9partements seraient plac\u00e9s en&nbsp;vigilance rouge.&nbsp; Vingt ans apr\u00e8s les faits,\u00a0la catastrophe est rest\u00e9e grav\u00e9e dans les\u00a0m\u00e9moires collectives. Arbres d\u00e9racin\u00e9s, toitures arrach\u00e9es, c\u00e2bles \u00e9lectriques \u00e9croul\u00e9s sur [&hellip;]<\/p>\n","protected":false},"author":2,"featured_media":14140,"comment_status":"open","ping_status":"open","sticky":false,"template":"","format":"standard","meta":{"_jetpack_memberships_contains_paid_content":false,"footnotes":"","jetpack_publicize_message":"","jetpack_publicize_feature_enabled":true,"jetpack_social_post_already_shared":true,"jetpack_social_options":{"image_generator_settings":{"template":"highway","default_image_id":0,"font":"","enabled":false},"version":2},"_wpas_customize_per_network":false},"categories":[14],"tags":[],"class_list":["post-14139","post","type-post","status-publish","format-standard","has-post-thumbnail","hentry","category-actu-meteo"],"jetpack_publicize_connections":[],"jetpack_featured_media_url":"https:\/\/i0.wp.com\/www.iceagetv.com\/radiosite\/wp-content\/uploads\/2019\/12\/Si-les-temp%C3%AAtes-de-1999.jpeg?fit=1108%2C708&ssl=1","jetpack_sharing_enabled":true,"_links":{"self":[{"href":"https:\/\/www.iceagetv.com\/radiosite\/wp-json\/wp\/v2\/posts\/14139","targetHints":{"allow":["GET"]}}],"collection":[{"href":"https:\/\/www.iceagetv.com\/radiosite\/wp-json\/wp\/v2\/posts"}],"about":[{"href":"https:\/\/www.iceagetv.com\/radiosite\/wp-json\/wp\/v2\/types\/post"}],"author":[{"embeddable":true,"href":"https:\/\/www.iceagetv.com\/radiosite\/wp-json\/wp\/v2\/users\/2"}],"replies":[{"embeddable":true,"href":"https:\/\/www.iceagetv.com\/radiosite\/wp-json\/wp\/v2\/comments?post=14139"}],"version-history":[{"count":1,"href":"https:\/\/www.iceagetv.com\/radiosite\/wp-json\/wp\/v2\/posts\/14139\/revisions"}],"predecessor-version":[{"id":14141,"href":"https:\/\/www.iceagetv.com\/radiosite\/wp-json\/wp\/v2\/posts\/14139\/revisions\/14141"}],"wp:featuredmedia":[{"embeddable":true,"href":"https:\/\/www.iceagetv.com\/radiosite\/wp-json\/wp\/v2\/media\/14140"}],"wp:attachment":[{"href":"https:\/\/www.iceagetv.com\/radiosite\/wp-json\/wp\/v2\/media?parent=14139"}],"wp:term":[{"taxonomy":"category","embeddable":true,"href":"https:\/\/www.iceagetv.com\/radiosite\/wp-json\/wp\/v2\/categories?post=14139"},{"taxonomy":"post_tag","embeddable":true,"href":"https:\/\/www.iceagetv.com\/radiosite\/wp-json\/wp\/v2\/tags?post=14139"}],"curies":[{"name":"wp","href":"https:\/\/api.w.org\/{rel}","templated":true}]}}