{"id":14148,"date":"2019-12-27T12:33:51","date_gmt":"2019-12-27T12:33:51","guid":{"rendered":"http:\/\/www.iceagetv.com\/radiosite\/?p=14148"},"modified":"2019-12-27T12:33:51","modified_gmt":"2019-12-27T12:33:51","slug":"cest-a-nouveau-la-guerre-depuis-hier-entre-laeticia-et-laura-a-propos-du-projet-d-exhumation-du-corps-de-johnny-hallyday","status":"publish","type":"post","link":"https:\/\/www.iceagetv.com\/radiosite\/cest-a-nouveau-la-guerre-depuis-hier-entre-laeticia-et-laura-a-propos-du-projet-d-exhumation-du-corps-de-johnny-hallyday\/","title":{"rendered":"C&rsquo;est \u00e0 nouveau la guerre depuis hier entre Laeticia et Laura \u00e0 propos du projet d&rsquo; exhumation du corps de Johnny Hallyday"},"content":{"rendered":"\n<p><strong>Le chanteur, d\u00e9c\u00e9d\u00e9 le 5 d\u00e9cembre 2017, \u00ab\u2009avait demand\u00e9 \u00e0 reposer au cimeti\u00e8re marin de Lorient \u00e0 Saint-Barth\u00e9lemy, dans un caveau \u00e0 construire\u2009\u00bb, \u00e9crit l\u2019avocat de Laeticia Hallyday dans une lettre adress\u00e9e hier au pr\u00e9sident de la collectivit\u00e9 Bruno Magras.<\/strong>&nbsp;Mais depuis son inhumation le 11 d\u00e9cembre 2017 sur la petite \u00eele antillaise, le rockeur repose dans un cercueil qui \u00ab\u2009a \u00e9t\u00e9 de mani\u00e8re provisoire enseveli directement dans le sable, dans l\u2019attente de son d\u00e9placement\u2009\u00bb, poursuit Me Gilles Gauer dans ce courrier dont l\u2019AFP a eu copie.<\/p>\n\n\n\n<p>Il r\u00e9clame donc que le transfert du cercueil dans le caveau que Laeticia Hallyday a fait construire \u00e0 moins d\u2019un m\u00e8tre ait lieu rapidement au nom du \u00ab\u2009respect de la volont\u00e9 de Johnny\u2009\u00bb, mais aussi de \u00ab\u2009l\u2019imp\u00e9ratif de la protection de la dignit\u00e9 de sa s\u00e9pulture et de son corps\u2009\u00bb.\u00a0<\/p>\n\n\n\n<p>\u2009Le sable de mer, tr\u00e8s agressif et tr\u00e8s corrosif [\u2026] pourrait alt\u00e9rer de fa\u00e7on significative le bois du cercueil, ce \u00e0 quoi nous pouvons ajouter le danger des gros crabes de terre tr\u00e8s nombreux dans le cimeti\u00e8re de Lorient\u2009\u00bb, assure l\u2019avocat, citant le fossoyeur en chef des cimeti\u00e8res de Saint-Barth\u00e9lemy. Celui-ci a \u00e9crit le 18 d\u00e9cembre \u00e0 la veuve pour l\u2019avertir des \u00ab\u2009risques de laisser (le cercueil) plus longtemps \u00e0 m\u00eame le sable\u2009\u00bb.<\/p>\n\n\n\n<figure><iframe allowfullscreen=\"\"><\/iframe><\/figure>\n\n\n\n<p>\u00ab\u2009Il existe \u00e0 ce jour une obligation juridique et une urgence \u00e9thique \u00e0 ce que ce d\u00e9placement puisse \u00eatre autoris\u00e9 et accompli sans d\u00e9lai\u2009\u00bb, insiste Me Gauer, \u00e9voquant une \u00ab\u2009urgence absolue\u2009\u00bb. Selon Me Gauer, c\u2019est la fille du chanteur, Laura Smet, qui s\u2019y oppose.<\/p>\n\n\n\n<p>\u00ab\u2009Deux ans apr\u00e8s l\u2019inhumation provisoire de Johnny, l\u2019opposition individuelle de Madame Laura Smet ne peut bloquer ce que le droit et la dignit\u00e9 imposent\u2009\u00bb, \u00e9crit le conseil. Laeticia Hallyday a fait construire un caveau familial depuis plusieurs mois juste \u00e0 c\u00f4t\u00e9 de la premi\u00e8re tombe.<\/p>\n\n\n\n<p>Mais l\u2019exhumation et le transfert du cercueil ont \u00e9t\u00e9 suspendus par la Collectivit\u00e9 d\u00e9but octobre \u00e0 la demande de Laura Smet, qui estimait n\u2019avoir pas \u00e9t\u00e9 pr\u00e9alablement consult\u00e9e sur ce transfert.<\/p>\n\n\n\n<p><strong>Hier soir, Laura Smet a r\u00e9agi sur le r\u00e9seau social Instagram en se disant \u00ab\u2009choqu\u00e9e\u2009\u00bb par les affirmations de l\u2019avocat. \u00ab\u2009Je n\u2019ai malheureusement jamais \u00e9t\u00e9 consult\u00e9e sur la question de (la) s\u00e9pulture, Laeticia ayant fait seule le choix de la s\u00e9pulture actuelle dont elle connaissait parfaitement les conditions\u2009.<\/strong>&nbsp;\u2009J\u2019ai d\u00e9couvert dans la presse l\u2019\u00e9t\u00e9 dernier le projet de transfert. J\u2019ai imm\u00e9diatement donn\u00e9 mon accord sur le principe de l\u2019exhumation si tous les h\u00e9ritiers d\u00e9finissent ensemble les d\u00e9tails\u2009\u00bb, poursuit-elle.<\/p>\n\n\n\n<p>\u00ab\u2009\u00c0 ce jour, \u00e0 part de vagues informations, aucun d\u00e9tail pr\u00e9cis ne m\u2019a \u00e9t\u00e9 donn\u00e9 sur cette exhumation\u2009\u00bb, ajoute Laura Smet, selon laquelle \u00ab\u2009imaginer son p\u00e8re exhum\u00e9 dans l\u2019improvisation serait un nouvel affront \u00e0 sa m\u00e9moire\u2009\u00bb. \u00ab\u2009Je ne peux m\u2019y r\u00e9soudre et je ne me laisserai pas instrumentaliser\u2009\u00bb, conclut Laura Smet.<\/p>\n\n\n\n<p>Pour sa part, l\u2019avocat de la veuve assure que celle-ci a partag\u00e9 \u00ab\u2009toutes les informations dont elle a<\/p>\n\n\n\n<p><\/p>\n","protected":false},"excerpt":{"rendered":"<p>Le chanteur, d\u00e9c\u00e9d\u00e9 le 5 d\u00e9cembre 2017, \u00ab\u2009avait demand\u00e9 \u00e0 reposer au cimeti\u00e8re marin de Lorient \u00e0 Saint-Barth\u00e9lemy, dans un caveau \u00e0 construire\u2009\u00bb, \u00e9crit l\u2019avocat de Laeticia Hallyday dans une lettre adress\u00e9e hier au pr\u00e9sident de la collectivit\u00e9 Bruno Magras.&nbsp;Mais depuis son inhumation le 11 d\u00e9cembre 2017 sur la petite \u00eele antillaise, le rockeur repose [&hellip;]<\/p>\n","protected":false},"author":2,"featured_media":14149,"comment_status":"open","ping_status":"open","sticky":false,"template":"","format":"standard","meta":{"_jetpack_memberships_contains_paid_content":false,"footnotes":"","jetpack_publicize_message":"","jetpack_publicize_feature_enabled":true,"jetpack_social_post_already_shared":true,"jetpack_social_options":{"image_generator_settings":{"template":"highway","default_image_id":0,"font":"","enabled":false},"version":2},"_wpas_customize_per_network":false},"categories":[68],"tags":[],"class_list":["post-14148","post","type-post","status-publish","format-standard","has-post-thumbnail","hentry","category-actu-culturelle"],"jetpack_publicize_connections":[],"jetpack_featured_media_url":"https:\/\/i0.wp.com\/www.iceagetv.com\/radiosite\/wp-content\/uploads\/2019\/12\/Cest-%C3%A0-nouveau-la-guerre-depuis-hier-entre-Laeticia-et-Laura.jpg?fit=692%2C308&ssl=1","jetpack_sharing_enabled":true,"_links":{"self":[{"href":"https:\/\/www.iceagetv.com\/radiosite\/wp-json\/wp\/v2\/posts\/14148","targetHints":{"allow":["GET"]}}],"collection":[{"href":"https:\/\/www.iceagetv.com\/radiosite\/wp-json\/wp\/v2\/posts"}],"about":[{"href":"https:\/\/www.iceagetv.com\/radiosite\/wp-json\/wp\/v2\/types\/post"}],"author":[{"embeddable":true,"href":"https:\/\/www.iceagetv.com\/radiosite\/wp-json\/wp\/v2\/users\/2"}],"replies":[{"embeddable":true,"href":"https:\/\/www.iceagetv.com\/radiosite\/wp-json\/wp\/v2\/comments?post=14148"}],"version-history":[{"count":1,"href":"https:\/\/www.iceagetv.com\/radiosite\/wp-json\/wp\/v2\/posts\/14148\/revisions"}],"predecessor-version":[{"id":14150,"href":"https:\/\/www.iceagetv.com\/radiosite\/wp-json\/wp\/v2\/posts\/14148\/revisions\/14150"}],"wp:featuredmedia":[{"embeddable":true,"href":"https:\/\/www.iceagetv.com\/radiosite\/wp-json\/wp\/v2\/media\/14149"}],"wp:attachment":[{"href":"https:\/\/www.iceagetv.com\/radiosite\/wp-json\/wp\/v2\/media?parent=14148"}],"wp:term":[{"taxonomy":"category","embeddable":true,"href":"https:\/\/www.iceagetv.com\/radiosite\/wp-json\/wp\/v2\/categories?post=14148"},{"taxonomy":"post_tag","embeddable":true,"href":"https:\/\/www.iceagetv.com\/radiosite\/wp-json\/wp\/v2\/tags?post=14148"}],"curies":[{"name":"wp","href":"https:\/\/api.w.org\/{rel}","templated":true}]}}