{"id":14157,"date":"2019-12-28T07:51:35","date_gmt":"2019-12-28T07:51:35","guid":{"rendered":"http:\/\/www.iceagetv.com\/radiosite\/?p=14157"},"modified":"2019-12-28T07:51:35","modified_gmt":"2019-12-28T07:51:35","slug":"la-creche-installee-devant-leglise-notre-dame-de-dijon-vandalisee-pour-la-troisieme-fois-en-10-jours-avec-des-sacs-poubelles-et-des-ordures","status":"publish","type":"post","link":"https:\/\/www.iceagetv.com\/radiosite\/la-creche-installee-devant-leglise-notre-dame-de-dijon-vandalisee-pour-la-troisieme-fois-en-10-jours-avec-des-sacs-poubelles-et-des-ordures\/","title":{"rendered":"La cr\u00e8che install\u00e9e devant l\u2019\u00e9glise Notre-Dame de Dijon vandalis\u00e9e pour la troisi\u00e8me fois en 10 jours avec des sacs-poubelles et des ordures"},"content":{"rendered":"\n<p>Le p\u00e8re Emmanuel Pic d\u00e9plore, aupr\u00e8s de La Croix, que la cr\u00e8che de sa paroisse, Notre-Dame de Dijon, ait \u00e9t\u00e9 vandalis\u00e9e trois fois pendant la p\u00e9riode de No\u00ebl. La derni\u00e8re fois, le jour de No\u00ebl, des sacs-poubelle et des ordures ont \u00e9t\u00e9 d\u00e9vers\u00e9s sur cette repr\u00e9sentation de la Nativit\u00e9<\/p>\n\n\n\n<p>La premi\u00e8re d\u00e9gradation a eu lieu dans la nuit du 18 au 19 d\u00e9cembre, la seconde dans celle du 19 au 20 d\u00e9cembre et la troisi\u00e8me pendant la nuit de No\u00ebl, du 24 au 25 d\u00e9cembre. Install\u00e9e sur le parvis de l\u2019\u00e9glise, cette cr\u00e8che \u00ab est tr\u00e8s populaire et attire \u00e9norm\u00e9ment de monde \u00bb, explique le pr\u00eatre, assurant qu\u2019elle n\u2019avait jamais \u00e9t\u00e9 d\u00e9grad\u00e9e jusqu\u2019ici, malgr\u00e9 les affrontements voisins entre \u00ab gilets jaunes \u00bb et forces de l\u2019ordre de l\u2019ann\u00e9e derni\u00e8re.<\/p>\n\n\n\n<p>En arrivant \u00e0 l\u2019\u00e9glise le 25 d\u00e9cembre, le pr\u00eatre raconte que le sacristain a vu une personne s\u2019\u00e9loigner de la cr\u00e8che en disant : \u00ab Ce sont des cadeaux pour le petit J\u00e9sus \u00bb. L\u00e9g\u00e8re compensation, \u00ab nous sommes inond\u00e9s de messages de soutien de la mairie, d\u2019amis chr\u00e9tiens, musulmans et juifs \u00bb, se r\u00e9jouit-il.<\/p>\n\n\n\n<p>Mais la cr\u00e8che de Dijon n\u2019est pas la seule \u00e0 avoir \u00e9t\u00e9 vandalis\u00e9e. Comme le rapporte La Croix, \u00e0 Saint-Eloy-les-Mines (Puy-de-D\u00f4me), des santons ont \u00e9t\u00e9 d\u00e9capit\u00e9s \u00e0 la mi-d\u00e9cembre. Quelques jours plus t\u00f4t, une repr\u00e9sentation d\u2019une cr\u00e8che vivante a \u00e9t\u00e9 perturb\u00e9e \u00e0 Toulouse (Haute-Garonne) par des manifestants se d\u00e9finissant comme \u00ab anticapitalistes \u00bb.<\/p>\n","protected":false},"excerpt":{"rendered":"<p>Le p\u00e8re Emmanuel Pic d\u00e9plore, aupr\u00e8s de La Croix, que la cr\u00e8che de sa paroisse, Notre-Dame de Dijon, ait \u00e9t\u00e9 vandalis\u00e9e trois fois pendant la p\u00e9riode de No\u00ebl. La derni\u00e8re fois, le jour de No\u00ebl, des sacs-poubelle et des ordures ont \u00e9t\u00e9 d\u00e9vers\u00e9s sur cette repr\u00e9sentation de la Nativit\u00e9 La premi\u00e8re d\u00e9gradation a eu lieu [&hellip;]<\/p>\n","protected":false},"author":2,"featured_media":14158,"comment_status":"open","ping_status":"open","sticky":false,"template":"","format":"standard","meta":{"_jetpack_memberships_contains_paid_content":false,"footnotes":"","jetpack_publicize_message":"","jetpack_publicize_feature_enabled":true,"jetpack_social_post_already_shared":true,"jetpack_social_options":{"image_generator_settings":{"template":"highway","default_image_id":0,"font":"","enabled":false},"version":2},"_wpas_customize_per_network":false},"categories":[405],"tags":[],"class_list":["post-14157","post","type-post","status-publish","format-standard","has-post-thumbnail","hentry","category-actu-france-monde"],"jetpack_publicize_connections":[],"jetpack_featured_media_url":"https:\/\/i0.wp.com\/www.iceagetv.com\/radiosite\/wp-content\/uploads\/2019\/12\/La-cr%C3%A8che-install%C3%A9e-devant-l%E2%80%99%C3%A9glise-Notre-Dame-de-Dijon.jpg?fit=698%2C295&ssl=1","jetpack_sharing_enabled":true,"_links":{"self":[{"href":"https:\/\/www.iceagetv.com\/radiosite\/wp-json\/wp\/v2\/posts\/14157","targetHints":{"allow":["GET"]}}],"collection":[{"href":"https:\/\/www.iceagetv.com\/radiosite\/wp-json\/wp\/v2\/posts"}],"about":[{"href":"https:\/\/www.iceagetv.com\/radiosite\/wp-json\/wp\/v2\/types\/post"}],"author":[{"embeddable":true,"href":"https:\/\/www.iceagetv.com\/radiosite\/wp-json\/wp\/v2\/users\/2"}],"replies":[{"embeddable":true,"href":"https:\/\/www.iceagetv.com\/radiosite\/wp-json\/wp\/v2\/comments?post=14157"}],"version-history":[{"count":1,"href":"https:\/\/www.iceagetv.com\/radiosite\/wp-json\/wp\/v2\/posts\/14157\/revisions"}],"predecessor-version":[{"id":14159,"href":"https:\/\/www.iceagetv.com\/radiosite\/wp-json\/wp\/v2\/posts\/14157\/revisions\/14159"}],"wp:featuredmedia":[{"embeddable":true,"href":"https:\/\/www.iceagetv.com\/radiosite\/wp-json\/wp\/v2\/media\/14158"}],"wp:attachment":[{"href":"https:\/\/www.iceagetv.com\/radiosite\/wp-json\/wp\/v2\/media?parent=14157"}],"wp:term":[{"taxonomy":"category","embeddable":true,"href":"https:\/\/www.iceagetv.com\/radiosite\/wp-json\/wp\/v2\/categories?post=14157"},{"taxonomy":"post_tag","embeddable":true,"href":"https:\/\/www.iceagetv.com\/radiosite\/wp-json\/wp\/v2\/tags?post=14157"}],"curies":[{"name":"wp","href":"https:\/\/api.w.org\/{rel}","templated":true}]}}