{"id":14161,"date":"2019-12-28T14:35:38","date_gmt":"2019-12-28T14:35:38","guid":{"rendered":"http:\/\/www.iceagetv.com\/radiosite\/?p=14161"},"modified":"2019-12-28T17:12:13","modified_gmt":"2019-12-28T17:12:13","slug":"greve-jour-24-incidents-en-cours-en-tete-de-cortege-a-paris-au-niveau-du-centre-pompidou-les-images-de-jerome-rodrigues-a-terre-il-affirme-avoir-recu-un-coup-de-la-part-dun-policier","status":"publish","type":"post","link":"https:\/\/www.iceagetv.com\/radiosite\/greve-jour-24-incidents-en-cours-en-tete-de-cortege-a-paris-au-niveau-du-centre-pompidou-les-images-de-jerome-rodrigues-a-terre-il-affirme-avoir-recu-un-coup-de-la-part-dun-policier\/","title":{"rendered":"Gr\u00e8ve Jour 24 &#8211; Gr\u00e8ve Jour 24 &#8211; La manifestation s&rsquo;est termin\u00e9e dans le calme Place du Ch\u00e2telet \u00e0 Paris apr\u00e8s quelques incidents sans gravit\u00e9 cet apr\u00e8s-midi"},"content":{"rendered":"\n<p> \u00a0La RATP publie ses pr\u00e9visions pour demain dimanche avec un trafic quasi nul pour le m\u00e9tro<\/p>\n\n\n\n<p> La manifestation s&rsquo;est termin\u00e9e dans le calme Place du Ch\u00e2telet \u00e0 Paris apr\u00e8s quelques incidents sans gravit\u00e9 cet apr\u00e8s-midi <\/p>\n\n\n\n<p>Barricades, incendies de poubelles, abribus d\u00e9truits, les incidents se multiplient \u00e0 Paris- La police vient de donner l&rsquo;ordre de dispersion<\/p>\n\n\n\n<p> <strong><a href=\"https:\/\/www.francetvinfo.fr\/en-direct\/#\">GREVE<\/a><\/strong>&nbsp;L&rsquo;un des leaders des \u00ab\u00a0gilets jaunes\u00a0\u00bb, J\u00e9r\u00f4me Rodrigues, a \u00e9t\u00e9 l\u00e9g\u00e8rement bless\u00e9 en d\u00e9but d&rsquo;apr\u00e8s-midi lors de la manifestation contre la r\u00e9forme des retraites \u00e0 Paris, a appris franceinfo de sources concordantes. Selon son t\u00e9moignage, il a subi un coup de bouclier de la part d&rsquo;un policier et a \u00e9t\u00e9 incommod\u00e9 par des fum\u00e9es de gaz lacrymog\u00e8ne. Il a, toujours selon lui, \u00e9t\u00e9 l\u00e9g\u00e8rement bless\u00e9 \u00e0 son \u0153il, gravement touch\u00e9 le 26 janvier dernier. Contact\u00e9e, une source polici\u00e8re confirme l&rsquo;utilisation de gaz, mais pas les coups. <\/p>\n\n\n\n<p><strong>Dans l&rsquo;imm\u00e9diat la manifestation se d\u00e9roule globalement dans le calme, malgr\u00e9 la col\u00e8re de J\u00e9rome Rodrigues furieux et il affirme avoir \u00e9t\u00e9 touch\u00e9 par des policiers il y a un peu plus d&rsquo;une heure .&nbsp;<\/strong>Dans le cort\u00e8ge, J\u00e9r\u00f4me Rodrigues a d\u00e9nonc\u00e9 des violences polici\u00e8res, se tenant l&rsquo;\u0153il droit, celui d\u00e9j\u00e0 mutil\u00e9, et accusant un policier de lui avoir mis \u00ab un coup de bouclier \u00bb. \u00ab Qu&rsquo;est-ce que je leur ai fait ? Je pr\u00f4ne le pacifisme \u00bb, a-t-il assur\u00e9 au Parisien.&nbsp;Sur des vid\u00e9os diffus\u00e9es sur les r\u00e9seaux, on aper\u00e7oit le leader des Gilets jaunes et des forces de l&rsquo;ordre se faire face et se repousser mutuellement  La manifestation interprofessionnelle organis\u00e9e par les unions r\u00e9gionales CGT, FO, Solidaires et FSU, s&rsquo;est \u00e9lanc\u00e9e de la gare du Nord.  <strong>Selon plusieurs vid\u00e9os diffus\u00e9s sur le net, J\u00e9r\u00f4me Rodrigues leader des Gilets Jaunes a \u00e9t\u00e9 gaz\u00e9 par les forces de l&rsquo;ordre quasiment \u00e0 bout portant.&nbsp;<\/strong>  Un \u00ab\u00a0gilet jaune\u00a0\u00bb a \u00e9t\u00e9 condamn\u00e9 par le tribunal correctionnel de Nancy (Meurthe-et-Moselle) \u00e0 trois ans et demi de prison, dont six mois avec sursis, hier. En d\u00e9cembre 2018, il avait bless\u00e9 trois policiers avec un engin explosif qu&rsquo;il avait fabriqu\u00e9. Il a \u00e9galement \u00e9t\u00e9 reconnu coupable d&rsquo;avoir d\u00e9grad\u00e9 deux radars en Meurthe-et-Moselle. acte59 <\/p>\n","protected":false},"excerpt":{"rendered":"<p>\u00a0La RATP publie ses pr\u00e9visions pour demain dimanche avec un trafic quasi nul pour le m\u00e9tro La manifestation s&rsquo;est termin\u00e9e dans le calme Place du Ch\u00e2telet \u00e0 Paris apr\u00e8s quelques incidents sans gravit\u00e9 cet apr\u00e8s-midi Barricades, incendies de poubelles, abribus d\u00e9truits, les incidents se multiplient \u00e0 Paris- La police vient de donner l&rsquo;ordre de dispersion [&hellip;]<\/p>\n","protected":false},"author":2,"featured_media":14162,"comment_status":"open","ping_status":"open","sticky":false,"template":"","format":"standard","meta":{"_jetpack_memberships_contains_paid_content":false,"footnotes":"","jetpack_publicize_message":"","jetpack_publicize_feature_enabled":true,"jetpack_social_post_already_shared":true,"jetpack_social_options":{"image_generator_settings":{"template":"highway","default_image_id":0,"font":"","enabled":false},"version":2},"_wpas_customize_per_network":false},"categories":[405],"tags":[],"class_list":["post-14161","post","type-post","status-publish","format-standard","has-post-thumbnail","hentry","category-actu-france-monde"],"jetpack_publicize_connections":[],"jetpack_featured_media_url":"https:\/\/i0.wp.com\/www.iceagetv.com\/radiosite\/wp-content\/uploads\/2019\/12\/Gr%C3%A8ve-Jour-24.jpg?fit=877%2C385&ssl=1","jetpack_sharing_enabled":true,"_links":{"self":[{"href":"https:\/\/www.iceagetv.com\/radiosite\/wp-json\/wp\/v2\/posts\/14161","targetHints":{"allow":["GET"]}}],"collection":[{"href":"https:\/\/www.iceagetv.com\/radiosite\/wp-json\/wp\/v2\/posts"}],"about":[{"href":"https:\/\/www.iceagetv.com\/radiosite\/wp-json\/wp\/v2\/types\/post"}],"author":[{"embeddable":true,"href":"https:\/\/www.iceagetv.com\/radiosite\/wp-json\/wp\/v2\/users\/2"}],"replies":[{"embeddable":true,"href":"https:\/\/www.iceagetv.com\/radiosite\/wp-json\/wp\/v2\/comments?post=14161"}],"version-history":[{"count":5,"href":"https:\/\/www.iceagetv.com\/radiosite\/wp-json\/wp\/v2\/posts\/14161\/revisions"}],"predecessor-version":[{"id":14174,"href":"https:\/\/www.iceagetv.com\/radiosite\/wp-json\/wp\/v2\/posts\/14161\/revisions\/14174"}],"wp:featuredmedia":[{"embeddable":true,"href":"https:\/\/www.iceagetv.com\/radiosite\/wp-json\/wp\/v2\/media\/14162"}],"wp:attachment":[{"href":"https:\/\/www.iceagetv.com\/radiosite\/wp-json\/wp\/v2\/media?parent=14161"}],"wp:term":[{"taxonomy":"category","embeddable":true,"href":"https:\/\/www.iceagetv.com\/radiosite\/wp-json\/wp\/v2\/categories?post=14161"},{"taxonomy":"post_tag","embeddable":true,"href":"https:\/\/www.iceagetv.com\/radiosite\/wp-json\/wp\/v2\/tags?post=14161"}],"curies":[{"name":"wp","href":"https:\/\/api.w.org\/{rel}","templated":true}]}}