{"id":14190,"date":"2019-12-31T15:00:28","date_gmt":"2019-12-31T15:00:28","guid":{"rendered":"http:\/\/www.iceagetv.com\/radiosite\/?p=14190"},"modified":"2019-12-31T15:00:28","modified_gmt":"2019-12-31T15:00:28","slug":"greve-une-conductrice-non-greviste-escortee-sous-les-huees-sur-le-quai-du-metro-enquete-de-la-ratp","status":"publish","type":"post","link":"https:\/\/www.iceagetv.com\/radiosite\/greve-une-conductrice-non-greviste-escortee-sous-les-huees-sur-le-quai-du-metro-enquete-de-la-ratp\/","title":{"rendered":"Gr\u00e8ve : une conductrice non-gr\u00e9viste escort\u00e9e sous les hu\u00e9es sur le quai du m\u00e9tro, enqu\u00eate de la RATP"},"content":{"rendered":"\n<p>La vid\u00e9o, film\u00e9e depuis un quai de m\u00e9tro de la ligne 6 \u00e0 la station Place d&rsquo;Italie et diffus\u00e9e lundi, a depuis \u00e9t\u00e9 supprim\u00e9e par son auteure&#8230; mais republi\u00e9e par de nombreux internautes. On y voit&nbsp;<a href=\"http:\/\/www.leparisien.fr\/info-paris-ile-de-france-oise\/transports\/greve-ratp-et-sncf-metros-bus-rer-tramways-les-previsions-de-trafic-pour-ce-mardi-en-ile-de-france-30-12-2019-8226273.php\" target=\"_blank\" rel=\"noreferrer noopener\">une conductrice de m\u00e9tro qui s&rsquo;appr\u00eate \u00e0 prendre son service<\/a>, \u00eatre s\u00e9rieusement malmen\u00e9e et siffl\u00e9e par un groupe de gr\u00e9vistes majoritairement masculins.<\/p>\n\n\n\n<p>Prot\u00e9g\u00e9e par des agents portant des brassards fluo RATP Exploitation, elle est finalement parvenue \u00e0 gagner la cabine de conduite sous les hu\u00e9es des opposants\u00a0<a rel=\"noreferrer noopener\" href=\"http:\/\/www.leparisien.fr\/economie\/point-par-point-le-nouveau-systeme-de-retraite-12-12-2019-8215629.php\" target=\"_blank\">\u00e0 l&rsquo;universalisation du r\u00e9gime des retraites.<\/a><\/p>\n\n\n\n<p>Ce mardi, une enqu\u00eate a \u00e9t\u00e9 ouverte a indiqu\u00e9 la RATP. \u00ab Hier (lundi) matin, une conductrice a \u00e9t\u00e9 victime d&rsquo;intimidations de la part d&rsquo;une vingtaine de gr\u00e9vistes lors de sa prise de service. Ces agissements sont inacceptables \u00bb, a indiqu\u00e9 un porte-parole.<\/p>\n\n\n\n<h2 class=\"wp-block-heading\">\u00ab Soutien total \u00bb de la RATP<\/h2>\n\n\n\n<p>\u00ab La RATP condamne fermement ces actes et apporte son soutien total \u00e0 sa conductrice face \u00e0 ces comportements irresponsables \u00bb, a-t-il ajout\u00e9, notant qu&rsquo;\u00ab une enqu\u00eate interne a \u00e9t\u00e9 ouverte \u00bb. \u00ab La RATP appelle \u00e0 l&rsquo;apaisement et rappelle que si le droit de gr\u00e8ve est un droit, emp\u00eacher le travail des agents est r\u00e9pr\u00e9hensible \u00bb, a soulign\u00e9 le porte-parole.<\/p>\n\n\n\n<p>Par&nbsp;I.P, S.C avec AFPLe&nbsp;31 d\u00e9cembre 2019 \u00e0 12h39, modifi\u00e9 le 31 d\u00e9cembre 2019 \u00e0 12h55<\/p>\n\n\n\n<p>La vid\u00e9o, film\u00e9e depuis un quai de m\u00e9tro de la ligne 6 \u00e0 la station Place d&rsquo;Italie et diffus\u00e9e lundi, a depuis \u00e9t\u00e9 supprim\u00e9e par son auteure&#8230; mais republi\u00e9e par de nombreux internautes. On y voit&nbsp;<a href=\"http:\/\/www.leparisien.fr\/info-paris-ile-de-france-oise\/transports\/greve-ratp-et-sncf-metros-bus-rer-tramways-les-previsions-de-trafic-pour-ce-mardi-en-ile-de-france-30-12-2019-8226273.php\" target=\"_blank\" rel=\"noreferrer noopener\">une conductrice de m\u00e9tro qui s&rsquo;appr\u00eate \u00e0 prendre son service<\/a>, \u00eatre s\u00e9rieusement malmen\u00e9e et siffl\u00e9e par un groupe de gr\u00e9vistes majoritairement masculins.<\/p>\n\n\n\n<p>Prot\u00e9g\u00e9e par des agents portant des brassards fluo RATP Exploitation, elle est finalement parvenue \u00e0 gagner la cabine de conduite sous les hu\u00e9es des opposants&nbsp;<a href=\"http:\/\/www.leparisien.fr\/economie\/point-par-point-le-nouveau-systeme-de-retraite-12-12-2019-8215629.php\" target=\"_blank\" rel=\"noreferrer noopener\">\u00e0 l&rsquo;universalisation du r\u00e9gime des retraites.<\/a>PUBLICIT\u00c9<\/p>\n\n\n\n<p>Ce mardi, une enqu\u00eate a \u00e9t\u00e9 ouverte a indiqu\u00e9 la RATP. \u00ab Hier (lundi) matin, une conductrice a \u00e9t\u00e9 victime d&rsquo;intimidations de la part d&rsquo;une vingtaine de gr\u00e9vistes lors de sa prise de service. Ces agissements sont inacceptables \u00bb, a indiqu\u00e9 un porte-parole.<\/p>\n\n\n\n<h2 class=\"wp-block-heading\">\u00ab Soutien total \u00bb de la RATP<\/h2>\n\n\n\n<p>\u00ab La RATP condamne fermement ces actes et apporte son soutien total \u00e0 sa conductrice face \u00e0 ces comportements irresponsables \u00bb, a-t-il ajout\u00e9, notant qu&rsquo;\u00ab une enqu\u00eate interne a \u00e9t\u00e9 ouverte \u00bb. \u00ab La RATP appelle \u00e0 l&rsquo;apaisement et rappelle que si le droit de gr\u00e8ve est un droit, emp\u00eacher le travail des agents est r\u00e9pr\u00e9hensible \u00bb, a soulign\u00e9 le porte-parole.PUBLICIT\u00c9<\/p>\n\n\n\n<p>La diffusion de cette vid\u00e9o a suscit\u00e9 de nombreuses r\u00e9actions, dont celle de Val\u00e9rie P\u00e9cresse qui s&rsquo;est dite \u00ab scandalis\u00e9e par la violence des gr\u00e9vistes a l&rsquo;\u00e9gard d&rsquo;une conductrice @RATPGroup qui assure simplement la continuit\u00e9 du service public au b\u00e9n\u00e9fice des voyageurs<\/p>\n\n\n\n<p>Aucune cause ne justifie de telles insultes et un tel harc\u00e8lement. Des sanctions exemplaires doivent \u00eatre prises \u00bb, a tweet\u00e9 la pr\u00e9sidente de la r\u00e9gion et d&rsquo;Ile-de-France Mobilit\u00e9s, l&rsquo;autorit\u00e9 r\u00e9gionale des transports.<\/p>\n\n\n\n<h2 class=\"wp-block-heading\">\u00ab La libert\u00e9 de travailler est un droit absolu \u00bb<\/h2>\n\n\n\n<p>La conductrice chahut\u00e9e n&rsquo;est pas une cadre ou une&nbsp;<a href=\"http:\/\/www.leparisien.fr\/info-paris-ile-de-france-oise\/transports\/greve-sncf-et-ratp-quand-des-cadres-prennent-le-relais-des-conducteurs-grevistes-08-12-2019-8212362.php\" target=\"_blank\" rel=\"noreferrer noopener\">membre de la \u00abr\u00e9serve g\u00e9n\u00e9rale\u00bb<\/a>, ce groupe d&rsquo;agents qui sont l\u00e0 pour suppl\u00e9er les gr\u00e9vistes. \u00ab C&rsquo;est une conductrice &lsquo;normale &lsquo; qui reprenait le travail \u00bb, pr\u00e9cise la RATP.<\/p>\n\n\n\n<p><\/p>\n\n\n\n<p><\/p>\n\n\n\n<p><\/p>\n","protected":false},"excerpt":{"rendered":"<p>La vid\u00e9o, film\u00e9e depuis un quai de m\u00e9tro de la ligne 6 \u00e0 la station Place d&rsquo;Italie et diffus\u00e9e lundi, a depuis \u00e9t\u00e9 supprim\u00e9e par son auteure&#8230; mais republi\u00e9e par de nombreux internautes. On y voit&nbsp;une conductrice de m\u00e9tro qui s&rsquo;appr\u00eate \u00e0 prendre son service, \u00eatre s\u00e9rieusement malmen\u00e9e et siffl\u00e9e par un groupe de gr\u00e9vistes [&hellip;]<\/p>\n","protected":false},"author":2,"featured_media":14191,"comment_status":"open","ping_status":"open","sticky":false,"template":"","format":"standard","meta":{"_jetpack_memberships_contains_paid_content":false,"footnotes":"","jetpack_publicize_message":"","jetpack_publicize_feature_enabled":true,"jetpack_social_post_already_shared":true,"jetpack_social_options":{"image_generator_settings":{"template":"highway","default_image_id":0,"font":"","enabled":false},"version":2},"_wpas_customize_per_network":false},"categories":[405],"tags":[],"class_list":["post-14190","post","type-post","status-publish","format-standard","has-post-thumbnail","hentry","category-actu-france-monde"],"jetpack_publicize_connections":[],"jetpack_featured_media_url":"https:\/\/i0.wp.com\/www.iceagetv.com\/radiosite\/wp-content\/uploads\/2019\/12\/une-conductrice-non-gr%C3%A9viste-escort%C3%A9e-sous-les-hu%C3%A9es-sur-le-quai-du-m%C3%A9tro.jpg?fit=932%2C582&ssl=1","jetpack_sharing_enabled":true,"_links":{"self":[{"href":"https:\/\/www.iceagetv.com\/radiosite\/wp-json\/wp\/v2\/posts\/14190","targetHints":{"allow":["GET"]}}],"collection":[{"href":"https:\/\/www.iceagetv.com\/radiosite\/wp-json\/wp\/v2\/posts"}],"about":[{"href":"https:\/\/www.iceagetv.com\/radiosite\/wp-json\/wp\/v2\/types\/post"}],"author":[{"embeddable":true,"href":"https:\/\/www.iceagetv.com\/radiosite\/wp-json\/wp\/v2\/users\/2"}],"replies":[{"embeddable":true,"href":"https:\/\/www.iceagetv.com\/radiosite\/wp-json\/wp\/v2\/comments?post=14190"}],"version-history":[{"count":1,"href":"https:\/\/www.iceagetv.com\/radiosite\/wp-json\/wp\/v2\/posts\/14190\/revisions"}],"predecessor-version":[{"id":14192,"href":"https:\/\/www.iceagetv.com\/radiosite\/wp-json\/wp\/v2\/posts\/14190\/revisions\/14192"}],"wp:featuredmedia":[{"embeddable":true,"href":"https:\/\/www.iceagetv.com\/radiosite\/wp-json\/wp\/v2\/media\/14191"}],"wp:attachment":[{"href":"https:\/\/www.iceagetv.com\/radiosite\/wp-json\/wp\/v2\/media?parent=14190"}],"wp:term":[{"taxonomy":"category","embeddable":true,"href":"https:\/\/www.iceagetv.com\/radiosite\/wp-json\/wp\/v2\/categories?post=14190"},{"taxonomy":"post_tag","embeddable":true,"href":"https:\/\/www.iceagetv.com\/radiosite\/wp-json\/wp\/v2\/tags?post=14190"}],"curies":[{"name":"wp","href":"https:\/\/api.w.org\/{rel}","templated":true}]}}