{"id":14199,"date":"2020-01-01T09:48:05","date_gmt":"2020-01-01T09:48:05","guid":{"rendered":"http:\/\/www.iceagetv.com\/radiosite\/?p=14199"},"modified":"2020-01-01T09:48:05","modified_gmt":"2020-01-01T09:48:05","slug":"brexit-proces-weinstein-et-charlie-hebdo-elections-municipales-presidentielle-americaine-neuf-evenements-qui-vont-rythmer-2020","status":"publish","type":"post","link":"https:\/\/www.iceagetv.com\/radiosite\/brexit-proces-weinstein-et-charlie-hebdo-elections-municipales-presidentielle-americaine-neuf-evenements-qui-vont-rythmer-2020\/","title":{"rendered":"Brexit, proc\u00e8s Weinstein et \u00ab\u00a0Charlie Hebdo\u00a0\u00bb, \u00e9lections municipales, pr\u00e9sidentielle am\u00e9ricaine&#8230; Neuf \u00e9v\u00e9nements qui vont rythmer 2020"},"content":{"rendered":"\n<p> Des comp\u00e9titions sportives, des proc\u00e8s tr\u00e8s attendus, des \u00e9lections en France et \u00e0 l&rsquo;\u00e9tranger, des sommets internationaux&#8230; Si l&rsquo;actualit\u00e9 de 2020 reste \u00e0 \u00e9crire, on conna\u00eet d\u00e9j\u00e0 les grands \u00e9v\u00e9nements qui vont rythmer cette nouvelle ann\u00e9e. <\/p>\n\n\n\n<p><strong>6 janvier :&nbsp;<\/strong><a href=\"https:\/\/www.francetvinfo.fr\/culture\/cinema\/affaire-harvey-weinstein\/\">Le producteur am\u00e9ricain<\/a>, vis\u00e9 par des accusations port\u00e9es contre lui par plusieurs actrices pour agressions sexuelles et viols, qui ont d\u00e9clench\u00e9 le mouvement #MeToo contre les violences sexuelles, sera jug\u00e9 \u00e0 New York \u00e0 partir de cette date.&nbsp;Si plus de 80 femmes ont mis en cause l&rsquo;ancien magnat d&rsquo;Hollywood, il n&rsquo;y aura finalement que deux plaignantes \u00e0 ce proc\u00e8s&nbsp;qui doit durer deux mois. En cause, une strat\u00e9gie&nbsp;offensive d&rsquo;Harvey Weinstein et de ses avocats,&nbsp;<a href=\"https:\/\/www.francetvinfo.fr\/culture\/cinema\/affaire-harvey-weinstein\/avocats-redoutables-agents-du-mossad-accords-secrets-comment-harvey-weinstein-se-defend-face-a-ses-accusatrices_3639873.html\">que franceinfo vous d\u00e9cryptait en octobre<\/a>.<\/p>\n\n\n\n<p><strong>31 janvier :&nbsp;<\/strong>Apr\u00e8s de multiples reports, le Royaume-Uni doit quitter l&rsquo;Union europ\u00e9enne \u00e0 la fin du mois. Boris Johnson b\u00e9n\u00e9ficie d\u00e9sormais d&rsquo;une confortable majorit\u00e9 au Parlement apr\u00e8s les \u00e9lections l\u00e9gislatives pour faire adopter le projet de loi organisant le&nbsp;<a href=\"https:\/\/www.francetvinfo.fr\/monde\/europe\/la-grande-bretagne-et-l-ue\/\">Brexit<\/a>. Juste avant les f\u00eates,&nbsp;<a href=\"https:\/\/www.francetvinfo.fr\/monde\/europe\/la-grande-bretagne-et-l-ue\/l-accord-de-brexit-de-boris-johnson-remporte-un-premier-vote-au-nouveau-parlement-britannique_3753067.html\">une premi\u00e8re \u00e9tape d\u00e9cisive<\/a>&nbsp;a \u00e9t\u00e9 approuv\u00e9e par les parlementaires.<\/p>\n\n\n\n<p>F\u00e9vrier : le proc\u00e8s de Fran\u00e7ois Fillon\u00a0 <strong>24 f\u00e9vrier :\u00a0<\/strong>Trois ans apr\u00e8s l&rsquo;\u00e9lection pr\u00e9sidentielle,\u00a0<a href=\"https:\/\/www.francetvinfo.fr\/politique\/francois-fillon\/affaires-fillon\/soupcons-d-emplois-fictifs-le-proces-fillon-se-tiendra-du-24-fevrier-au-11-mars-2020_3613895.html\">Fran\u00e7ois Fillon, son \u00e9pouse, Penelope, et son ancien suppl\u00e9ant \u00e0 l&rsquo;assembl\u00e9e, Marc Joulaud, seront jug\u00e9s<\/a>\u00a0pour\u00a0<a href=\"https:\/\/www.francetvinfo.fr\/politique\/francois-fillon\/affaires-fillon\/\">l&rsquo;affaire des emplois pr\u00e9sum\u00e9s fictifs qui avait plomb\u00e9 la campagne du candidat de la droite<\/a>. L&rsquo;ancien Premier ministre\u00a0devra notamment r\u00e9pondre de \u00ab\u00a0d\u00e9tournement de fonds publics\u00a0\u00bb sur plusieurs p\u00e9riodes entre 1998 et 2013, \u00ab\u00a0complicit\u00e9 et recel\u00a0\u00bb de ce d\u00e9lit, et \u00ab\u00a0complicit\u00e9 et recel d&rsquo;abus de biens sociaux\u00a0\u00bb. Mais aussi de \u00ab\u00a0manquement aux obligations d\u00e9claratives de la Haute Autorit\u00e9 pour la transparence de la vie publique\u00a0\u00bb. Le proc\u00e8s est programm\u00e9 jusqu&rsquo;au 11 mars. <\/p>\n\n\n\n<h2 class=\"wp-block-heading\">Mars : les \u00e9lections municipales<\/h2>\n\n\n\n<p><strong>15 et 22 mars :\u00a0<\/strong>Moins d&rsquo;un an apr\u00e8s les \u00e9lections europ\u00e9ennes, les Fran\u00e7ais sont \u00e0 nouveau appel\u00e9s aux urnes, cette fois-ci\u00a0<a href=\"https:\/\/www.francetvinfo.fr\/elections\/\">pour \u00e9lire leur maire<\/a>. Ce sera sans Patrick Balkany,\u00a0<a href=\"https:\/\/www.francetvinfo.fr\/politique\/affaire\/affaire-balkany\/municipales-patrick-et-isabelle-balkany-renoncent-a-briguer-la-mairie-de-levallois-perret-et-denoncent-un-scrutin-confisque-par-la-justice_3750251.html\">qui a finalement renonc\u00e9 \u00e0 se pr\u00e9senter \u00e0 cause de ses ennuis judiciaires<\/a>, et Jean-Claude Gaudin,\u00a0<a href=\"https:\/\/www.francetvinfo.fr\/elections\/municipales\/le-pouvoir-ne-se-transmet-pas-il-se-conquiert-a-marseille-jean-claude-gaudin-laisse-un-terrain-mine-a-ses-successeurs_3723909.html\">qui prend sa retraite \u00e0 Marseille<\/a>, mais avec Martine Aubry,\u00a0<a href=\"https:\/\/www.francetvinfo.fr\/elections\/municipales\/elections-municipales-martine-aubry-annonce-qu-elle-brigue-un-quatrieme-mandat-a-lille_3722923.html\">candidate pour la quatri\u00e8me fois \u00e0 Lille<\/a>\u00a0face\u00a0<a href=\"https:\/\/www.francetvinfo.fr\/elections\/municipales\/enquete-franceinfo-elles-ont-lie-leurs-destins-comment-martine-aubry-et-son-ex-collaboratrice-violette-spillebout-sont-devenues-rivales-a-lille_3651415.html\">\u00e0 une ancienne collaboratrice<\/a>, et Anne Hidalgo,\u00a0<a href=\"https:\/\/www.francetvinfo.fr\/elections\/municipales\/municipales-a-paris-anne-hidalgo-en-tete-talonnee-par-benjamin-griveaux-selon-un-sondage_3703979.html\">qui compte bien profiter des divisions de La R\u00e9publique en marche pour rester maire de Paris<\/a>.<\/p>\n\n\n\n<h2 class=\"wp-block-heading\">Mai : le proc\u00e8s des attentats de janvier 2015 \u00e0 \u00ab\u00a0Charlie Hebdo\u00a0\u00bb, Montrouge et l&rsquo;Hyper Cacher<\/h2>\n\n\n\n<p><strong>4 mai :&nbsp;<\/strong>C&rsquo;est le premier grand proc\u00e8s de&nbsp;<a href=\"https:\/\/www.francetvinfo.fr\/faits-divers\/terrorisme\/attaques-du-13-novembre-a-paris\/victimes-des-attentats-a-paris\/un-visage-et-un-nom-pour-les-238-victimes-du-terrorisme-en-france-depuis-charlie_1826503.html\">la vague d&rsquo;attentats<\/a>&nbsp;qui a frapp\u00e9 la France \u00e0 partir de 2015.&nbsp;Le 7 janvier 2015, les fr\u00e8res Ch\u00e9rif et Sa\u00efd Kouachi, des islamistes radicaux, tuaient 12 personnes dans l&rsquo;attaque de la r\u00e9daction de&nbsp;<a href=\"https:\/\/www.francetvinfo.fr\/economie\/medias\/charlie-hebdo\/\">l&rsquo;hebdomadaire satirique&nbsp;<em>Charlie Hebdo<\/em><\/a>&nbsp;avant de prendre la fuite.&nbsp;Le lendemain, Amedy Coulibaly, d\u00e9linquant multir\u00e9cidiviste radicalis\u00e9, abattait&nbsp;<a href=\"https:\/\/www.francetvinfo.fr\/faits-divers\/attaque-au-siege-de-charlie-hebdo\/attentats-de-janvier-il-y-a-un-an-clarissa-jean-philippe-etait-la-premiere-victime-d-amedy-coulibaly_1259565.html\">une polici\u00e8re municipale \u00e0 Montrouge<\/a>, pr\u00e8s de Paris. Le 9 janvier, il tuait quatre hommes, tous juifs, lors d&rsquo;une prise d&rsquo;otages&nbsp;<a href=\"https:\/\/www.francetvinfo.fr\/faits-divers\/attaque-au-siege-de-charlie-hebdo\/on-ne-va-pas-faire-nos-courses-la-peur-au-ventre-dix-mois-apres-l-attentat-la-vie-reprend-a-l-hyper-cacher_1115305.html\">au magasin Hyper Cacher, dans l&rsquo;est parisien<\/a>. Amedy&nbsp;Coulibaly a \u00e9t\u00e9 tu\u00e9 dans l&rsquo;\u00e9picerie lors de l&rsquo;assaut policier. Les fr\u00e8res Kouachi&nbsp;ont \u00e9t\u00e9 abattus dans l&rsquo;imprimerie de Dammartin-en-Go\u00eble (Seine-et-Marne) o\u00f9 ils s&rsquo;\u00e9taient retranch\u00e9s.<\/p>\n\n\n\n<p><a href=\"https:\/\/www.francetvinfo.fr\/faits-divers\/attaque-au-siege-de-charlie-hebdo\/\">Ces faits<\/a>&nbsp;seront jug\u00e9s du 4 mai au 10 juillet. Malgr\u00e9 la mort des trois terroristes, quatorze personnes sont renvoy\u00e9es \u2013&nbsp;dont trois par d\u00e9faut&nbsp;\u2013 devant la cour d&rsquo;assises sp\u00e9ciale de Paris. Le principal accus\u00e9 est le Franco-Turc Ali Riza Polat, mis en cause pour son r\u00f4le central dans les pr\u00e9paratifs des attentats, en particulier la fourniture de l&rsquo;arsenal utilis\u00e9 par les terroristes.<\/p>\n\n\n\n<h2 class=\"wp-block-heading\">Juin : l&rsquo;Euro de football<\/h2>\n\n\n\n<p><strong>12 juin :<\/strong>&nbsp;Deux ans apr\u00e8s sa victoire en Coupe du monde et quatre ans apr\u00e8s sa d\u00e9faite en finale de l&rsquo;Euro contre le Portugal, l&rsquo;\u00e9quipe de France reprend du service.&nbsp;<a href=\"https:\/\/www.francetvinfo.fr\/sports\/foot\/euro\/foot-la-france-avec-l-allemagne-et-le-portugal-l-angleterre-avec-la-croatie-decouvrez-l-ensemble-des-groupes-de-l-euro-2020_3725485.html\">Pas g\u00e2t\u00e9s par le tirage au sort<\/a>, les Bleus affronteront l&rsquo;Allemagne (16 juin), l&rsquo;une des \u00e9quipes barragistes (20 juin) et le Portugal (24 juin). Pour la premi\u00e8re fois, la comp\u00e9tition se d\u00e9roulera dans douze villes de douze pays : Rome (Italie), Bakou (Azerba\u00efdjan), Saint-P\u00e9tersbourg (Russie), Copenhague (Danemark), Amsterdam (Pays-Bas), Bucarest (Roumanie), Londres (Royaume-Uni), Glasgow (Ecosse), Bilbao (Espagne), Dublin (Irlande), Munich (Allemagne) et&nbsp;Budapest (Hongrie).<\/p>\n\n\n\n<h2 class=\"wp-block-heading\">Juillet-ao\u00fbt : les Jeux olympiques de Tokyo<\/h2>\n\n\n\n<p><strong>24 juillet :&nbsp;<\/strong>Les athl\u00e8tes du monde entier s&rsquo;affronteront jusqu&rsquo;au 9 ao\u00fbt pour d\u00e9crocher la m\u00e9daille d&rsquo;or dans leur discipline. Ces&nbsp;<a href=\"https:\/\/www.francetvinfo.fr\/sports\/jo\/\">Jeux olympiques<\/a>&nbsp;se feront a priori sans le drapeau russe,&nbsp;<a href=\"https:\/\/sport.francetvinfo.fr\/les-jeux-olympiques\/le-comite-olympique-russe-determine-aller-aux-jo-de-tokyo\">le pays ayant \u00e9t\u00e9 sanctionn\u00e9 pour des manquements aux r\u00e8gles anti-dopage<\/a>, mais peut-\u00eatre avec le footballeur Kylian Mbapp\u00e9. La star des Bleus&nbsp;<a href=\"https:\/\/sport.francetvinfo.fr\/les-jeux-olympiques\/mbappe-aux-jo-2020-ravi-le-graet-veut-discuter-avec-le-psg\">voudrait jouer l&rsquo;Euro et le tournoi olympique de football r\u00e9serv\u00e9 aux moins de 21 ans<\/a>.<\/p>\n\n\n\n<h2 class=\"wp-block-heading\">Novembre : l&rsquo;\u00e9lection pr\u00e9sidentielle aux Etats-Unis et la COP26 \u00e0 Glasgow<\/h2>\n\n\n\n<p><strong>3 novembre :&nbsp;<\/strong>Donald Trump sera-t-il r\u00e9\u00e9lu \u00e0 la Maison Blanche ? Les Am\u00e9ricains en d\u00e9cideront d\u00e9but novembre lors des \u00e9lections pr\u00e9sidentielles et s\u00e9natoriales.&nbsp;<a href=\"https:\/\/www.francetvinfo.fr\/monde\/usa\/presidentielle\/donald-trump\/etats-unis-ce-qu-il-faut-savoir-avant-le-vote-final-sur-l-impeachment-de-donald-trump-qui-a-lieu-mercredi_3749625.html\" target=\"_blank\" rel=\"noreferrer noopener\">Vis\u00e9 par une proc\u00e9dure de destitution<\/a>, le pr\u00e9sident am\u00e9ricain conserve cependant de bonnes chances de l&#8217;emporter face aux d\u00e9mocrates, qui pourraient \u00eatre repr\u00e9sent\u00e9s par l&rsquo;ancien vice-pr\u00e9sident Joe Biden.<\/p>\n\n\n\n<p><strong>9 novembre :&nbsp;<\/strong>Apr\u00e8s&nbsp;<a href=\"https:\/\/www.francetvinfo.fr\/monde\/environnement\/cop24\/cop25-un-accord-a-minima-a-ete-adopte-sur-le-climat-mais-aucune-reponse-n-a-ete-apportee-sur-les-points-essentiels_3745889.html\">l&rsquo;\u00e9chec de la COP25<\/a>, les Etats ont \u00e0 nouveau rendez-vous pour parler de la lutte contre le r\u00e9chauffement climatique. En th\u00e9orie, ils doivent soumettre d&rsquo;ici \u00e0 cette \u00e9ch\u00e9ance une version r\u00e9vis\u00e9e \u2013 c&rsquo;est-\u00e0-dire des efforts suppl\u00e9mentaires \u2013 des engagements pris lors de la COP21 \u00e0 Paris en 2015. Ces derniers sont en effet insuffisants pour \u00e9viter un r\u00e9chauffement de grande ampleur. Au rythme actuel des \u00e9missions de CO2, le mercure pourrait gagner jusqu&rsquo;\u00e0 4 ou 5 \u00b0C d&rsquo;ici la fin du si\u00e8cle. Et m\u00eame si les quelque 200 signataires de l&rsquo;accord de Paris respectent leurs engagements, le r\u00e9chauffement pourrait d\u00e9passer les 3 \u00b0C.<\/p>\n\n\n\n<p><\/p>\n\n\n\n<p><\/p>\n","protected":false},"excerpt":{"rendered":"<p>Des comp\u00e9titions sportives, des proc\u00e8s tr\u00e8s attendus, des \u00e9lections en France et \u00e0 l&rsquo;\u00e9tranger, des sommets internationaux&#8230; Si l&rsquo;actualit\u00e9 de 2020 reste \u00e0 \u00e9crire, on conna\u00eet d\u00e9j\u00e0 les grands \u00e9v\u00e9nements qui vont rythmer cette nouvelle ann\u00e9e. 6 janvier :&nbsp;Le producteur am\u00e9ricain, vis\u00e9 par des accusations port\u00e9es contre lui par plusieurs actrices pour agressions sexuelles et [&hellip;]<\/p>\n","protected":false},"author":2,"featured_media":14200,"comment_status":"open","ping_status":"open","sticky":false,"template":"","format":"standard","meta":{"_jetpack_memberships_contains_paid_content":false,"footnotes":"","jetpack_publicize_message":"","jetpack_publicize_feature_enabled":true,"jetpack_social_post_already_shared":true,"jetpack_social_options":{"image_generator_settings":{"template":"highway","default_image_id":0,"font":"","enabled":false},"version":2},"_wpas_customize_per_network":false},"categories":[405],"tags":[],"class_list":["post-14199","post","type-post","status-publish","format-standard","has-post-thumbnail","hentry","category-actu-france-monde"],"jetpack_publicize_connections":[],"jetpack_featured_media_url":"https:\/\/i0.wp.com\/www.iceagetv.com\/radiosite\/wp-content\/uploads\/2020\/01\/Neuf-%C3%A9v%C3%A9nements-qui-vont-rythmer-2020.jpg?fit=1197%2C450&ssl=1","jetpack_sharing_enabled":true,"_links":{"self":[{"href":"https:\/\/www.iceagetv.com\/radiosite\/wp-json\/wp\/v2\/posts\/14199","targetHints":{"allow":["GET"]}}],"collection":[{"href":"https:\/\/www.iceagetv.com\/radiosite\/wp-json\/wp\/v2\/posts"}],"about":[{"href":"https:\/\/www.iceagetv.com\/radiosite\/wp-json\/wp\/v2\/types\/post"}],"author":[{"embeddable":true,"href":"https:\/\/www.iceagetv.com\/radiosite\/wp-json\/wp\/v2\/users\/2"}],"replies":[{"embeddable":true,"href":"https:\/\/www.iceagetv.com\/radiosite\/wp-json\/wp\/v2\/comments?post=14199"}],"version-history":[{"count":1,"href":"https:\/\/www.iceagetv.com\/radiosite\/wp-json\/wp\/v2\/posts\/14199\/revisions"}],"predecessor-version":[{"id":14201,"href":"https:\/\/www.iceagetv.com\/radiosite\/wp-json\/wp\/v2\/posts\/14199\/revisions\/14201"}],"wp:featuredmedia":[{"embeddable":true,"href":"https:\/\/www.iceagetv.com\/radiosite\/wp-json\/wp\/v2\/media\/14200"}],"wp:attachment":[{"href":"https:\/\/www.iceagetv.com\/radiosite\/wp-json\/wp\/v2\/media?parent=14199"}],"wp:term":[{"taxonomy":"category","embeddable":true,"href":"https:\/\/www.iceagetv.com\/radiosite\/wp-json\/wp\/v2\/categories?post=14199"},{"taxonomy":"post_tag","embeddable":true,"href":"https:\/\/www.iceagetv.com\/radiosite\/wp-json\/wp\/v2\/tags?post=14199"}],"curies":[{"name":"wp","href":"https:\/\/api.w.org\/{rel}","templated":true}]}}