{"id":14202,"date":"2020-01-01T09:50:10","date_gmt":"2020-01-01T09:50:10","guid":{"rendered":"http:\/\/www.iceagetv.com\/radiosite\/?p=14202"},"modified":"2020-01-01T09:50:10","modified_gmt":"2020-01-01T09:50:10","slug":"un-discours-assez-flou-des-formules-generales-les-syndicats-decus-apres-les-voeux-demmanuel-macron","status":"publish","type":"post","link":"https:\/\/www.iceagetv.com\/radiosite\/un-discours-assez-flou-des-formules-generales-les-syndicats-decus-apres-les-voeux-demmanuel-macron\/","title":{"rendered":"Un discours \u00ab\u00a0assez flou\u00a0\u00bb, des \u00ab\u00a0formules g\u00e9n\u00e9rales\u00a0\u00bb : les syndicats \u00ab\u00a0d\u00e9\u00e7us\u00a0\u00bb apr\u00e8s les v\u0153ux d&rsquo;Emmanuel Macron"},"content":{"rendered":"\n<p> Apr\u00e8s le discours vient l&rsquo;heure des r\u00e9actions.\u00a0Emmanuel Macron a adress\u00e9, mardi 31 d\u00e9cembre,\u00a0<a rel=\"noreferrer noopener\" href=\"https:\/\/www.francetvinfo.fr\/economie\/retraite\/reforme-des-retraites\/direct-emmanuel-macron-devrait-rester-ferme-sur-sa-reforme-des-retraites-lors-de-ses-voeux_3766259.html\" target=\"_blank\">ses voeux aux Fran\u00e7ais<\/a>\u00a0avant le passage \u00e0 la nouvelle ann\u00e9e 2020.\u00a0Le\u00a0pr\u00e9sident de la R\u00e9publique n&rsquo;a pas fait d&rsquo;annonce tonitruante, mais il a r\u00e9affirm\u00e9 qu&rsquo;il m\u00e8nera \u00ab\u00a0\u00e0 son terme\u00a0\u00bb la\u00a0<a rel=\"noreferrer noopener\" href=\"https:\/\/www.francetvinfo.fr\/economie\/retraite\/reforme-des-retraites\/\" target=\"_blank\">r\u00e9forme des retraites<\/a>\u00a0qui perturbe le pays depuis bient\u00f4t un mois.\u00a0  Des annonces qui n&rsquo;ont pas convaincu Laurent Escure, le secr\u00e9taire g\u00e9n\u00e9ral de l\u2019Unsa. Il a jug\u00e9 le pr\u00e9sident de la R\u00e9publique<em>\u00a0\u00ab\u00a0assez flou sur la question des retraites\u00a0\u00bb<\/em>, mardi 31 d\u00e9cembre sur franceinfo. Un flou qui ne l\u2019a\u00a0<em>\u00ab\u00a0pas surpris, parce que je pense que c\u2019est le Premier ministre qui est \u00e0 la man\u0153uvre\u00a0\u00bb<\/em> <\/p>\n\n\n\n<p>Alors que les n\u00e9gociations doivent reprendre le 7 janvier, et qu\u2019Emmanuel Macron a appel\u00e9 \u00e0 un compromis, Laurent Escure a dit esp\u00e9rer<em>&nbsp;\u00ab\u00a0que le compromis que le pr\u00e9sident appelle de ses v\u0153ux sera un compromis favorable aux salari\u00e9s\u00a0\u00bb<\/em>&nbsp;sur la question de&nbsp;<a href=\"https:\/\/www.francetvinfo.fr\/economie\/retraite\/reforme-des-retraites\/reforme-des-retraites-ce-qu-il-faut-savoir-sur-l-age-pivot-fixe-a-64-ans-par-le-gouvernement_3740059.html\" target=\"_blank\" rel=\"noreferrer noopener\">l\u2019\u00e2ge pivot<\/a>. Le secr\u00e9taire g\u00e9n\u00e9ral de l&rsquo;Unsa&nbsp;assure que les repr\u00e9sentants&nbsp;du syndicat seront&nbsp;<em>\u00ab\u00a0partisans du dialogue, pour essayer soit d\u2019obtenir des garanties, soit des avanc\u00e9es, soit pour limiter la casse.\u00a0\u00bb&nbsp;<\/em><\/p>\n\n\n\n<p>Laurent Escure placeson syndicat entre les&nbsp;<em>\u00ab\u00a0syndicats qui veulent une victoire par K-O, qui sont dans une logique de tout ou rien\u00a0\u00bb<\/em>&nbsp;et ceux<em>&nbsp;\u00ab\u00a0qui voudraient applaudir la r\u00e9forme\u00a0\u00bb<\/em>.&nbsp;<em>\u00ab\u00a0Nous, on est ni dans un cas, ni dans l\u2019autre, on pense que notre job c\u2019est de d\u00e9fendre au mieux les g\u00e9n\u00e9rations actuelles, tout en prot\u00e9geant un syst\u00e8me par r\u00e9partition pour les g\u00e9n\u00e9rations futures\u00a0\u00bb<\/em>, conclut-il.<\/p>\n\n\n\n<h2 class=\"wp-block-heading\">D\u00e9ception partag\u00e9e par Force Ouvri\u00e8re<\/h2>\n\n\n\n<p>Le secr\u00e9taire g\u00e9n\u00e9ral de Force Ouvri\u00e8re Yves Veyrier s\u2019est dit sur franceinfo&nbsp;<em>\u00ab\u00a0assez d\u00e9\u00e7u que le pr\u00e9sident de la R\u00e9publique n\u2019ait pas entendu que le projet [de r\u00e9forme des retraites] ne recueille pas l\u2019assentiment de la population\u00a0\u00bb<\/em>, apr\u00e8s les v\u0153ux d\u2019Emmanuel Macron.&nbsp;Yves Veyrier a \u00e9galement \u00e9mis l\u2019hypoth\u00e8se d\u2019<em>\u00ab\u00a0une motivation autre&nbsp;: montrer que l\u2019on ne c\u00e8de pas, que l\u2019on est d\u00e9termin\u00e9, avec, peut-\u00eatre une perspective, l\u2019enjeu de la pr\u00e9sidentielle\u00a0\u00bb<\/em>.<\/p>\n\n\n\n<p>Alors que le pr\u00e9sident de la R\u00e9publique a assur\u00e9 que la r\u00e9forme des retraites&nbsp;<em>\u00ab\u00a0sera men\u00e9e \u00e0 son terme\u00a0\u00bb<\/em>, Yves Veyrier a regrett\u00e9 qu\u2019il ait utilis\u00e9,&nbsp;<em>\u00ab\u00a0les m\u00eames formules g\u00e9n\u00e9rales qui ne correspondent pas \u00e0 la r\u00e9alit\u00e9 du syst\u00e8me de retraite unique par points.\u00a0\u00bb<\/em><\/p>\n\n\n\n<p>Yves Veyrier regrette que&nbsp;<em>\u00ab\u00a0le gouvernement parle de concertation, c\u2019est-\u00e0-dire qu\u2019il y a un cadre oblig\u00e9&nbsp;: la mise en \u0153uvre du r\u00e9gime par points\u00a0\u00bb<\/em>.&nbsp;<em>\u00ab\u00a0J\u2019irai,<\/em>&nbsp;poursuit-il,&nbsp;<em>parce que je ne veux pas d\u00e9serter, je ne veux pas donner l\u2019impression que je d\u00e9serte le terrain de la d\u00e9fense de ce qui nous para\u00eet juste\u00a0\u00bb<\/em>.<\/p>\n\n\n\n<p>Une nouvelle journ\u00e9e interprofessionnelle de manifestations et de gr\u00e8ve est d&rsquo;ores et d\u00e9j\u00e0 pr\u00e9vue le 9 janvier.&nbsp;<em>\u00ab\u00a0J\u2019invite les salari\u00e9s, le plus nombreux possible \u00e0 se mobiliser avec ceux qui sont en gr\u00e8ve, pour que nous finissions par \u00eatre entendus\u00a0\u00bb<\/em>, appelle Yves Veyrier.<\/p>\n\n\n\n<p><\/p>\n","protected":false},"excerpt":{"rendered":"<p>Apr\u00e8s le discours vient l&rsquo;heure des r\u00e9actions.\u00a0Emmanuel Macron a adress\u00e9, mardi 31 d\u00e9cembre,\u00a0ses voeux aux Fran\u00e7ais\u00a0avant le passage \u00e0 la nouvelle ann\u00e9e 2020.\u00a0Le\u00a0pr\u00e9sident de la R\u00e9publique n&rsquo;a pas fait d&rsquo;annonce tonitruante, mais il a r\u00e9affirm\u00e9 qu&rsquo;il m\u00e8nera \u00ab\u00a0\u00e0 son terme\u00a0\u00bb la\u00a0r\u00e9forme des retraites\u00a0qui perturbe le pays depuis bient\u00f4t un mois.\u00a0 Des annonces qui n&rsquo;ont pas [&hellip;]<\/p>\n","protected":false},"author":2,"featured_media":14203,"comment_status":"open","ping_status":"open","sticky":false,"template":"","format":"standard","meta":{"_jetpack_memberships_contains_paid_content":false,"footnotes":"","jetpack_publicize_message":"","jetpack_publicize_feature_enabled":true,"jetpack_social_post_already_shared":true,"jetpack_social_options":{"image_generator_settings":{"template":"highway","default_image_id":0,"font":"","enabled":false},"version":2},"_wpas_customize_per_network":false},"categories":[405],"tags":[],"class_list":["post-14202","post","type-post","status-publish","format-standard","has-post-thumbnail","hentry","category-actu-france-monde"],"jetpack_publicize_connections":[],"jetpack_featured_media_url":"https:\/\/i0.wp.com\/www.iceagetv.com\/radiosite\/wp-content\/uploads\/2020\/01\/les-v%C5%93ux-dEmmanuel-Macron.jpg?fit=827%2C311&ssl=1","jetpack_sharing_enabled":true,"_links":{"self":[{"href":"https:\/\/www.iceagetv.com\/radiosite\/wp-json\/wp\/v2\/posts\/14202","targetHints":{"allow":["GET"]}}],"collection":[{"href":"https:\/\/www.iceagetv.com\/radiosite\/wp-json\/wp\/v2\/posts"}],"about":[{"href":"https:\/\/www.iceagetv.com\/radiosite\/wp-json\/wp\/v2\/types\/post"}],"author":[{"embeddable":true,"href":"https:\/\/www.iceagetv.com\/radiosite\/wp-json\/wp\/v2\/users\/2"}],"replies":[{"embeddable":true,"href":"https:\/\/www.iceagetv.com\/radiosite\/wp-json\/wp\/v2\/comments?post=14202"}],"version-history":[{"count":1,"href":"https:\/\/www.iceagetv.com\/radiosite\/wp-json\/wp\/v2\/posts\/14202\/revisions"}],"predecessor-version":[{"id":14204,"href":"https:\/\/www.iceagetv.com\/radiosite\/wp-json\/wp\/v2\/posts\/14202\/revisions\/14204"}],"wp:featuredmedia":[{"embeddable":true,"href":"https:\/\/www.iceagetv.com\/radiosite\/wp-json\/wp\/v2\/media\/14203"}],"wp:attachment":[{"href":"https:\/\/www.iceagetv.com\/radiosite\/wp-json\/wp\/v2\/media?parent=14202"}],"wp:term":[{"taxonomy":"category","embeddable":true,"href":"https:\/\/www.iceagetv.com\/radiosite\/wp-json\/wp\/v2\/categories?post=14202"},{"taxonomy":"post_tag","embeddable":true,"href":"https:\/\/www.iceagetv.com\/radiosite\/wp-json\/wp\/v2\/tags?post=14202"}],"curies":[{"name":"wp","href":"https:\/\/api.w.org\/{rel}","templated":true}]}}