{"id":14205,"date":"2020-01-01T09:51:55","date_gmt":"2020-01-01T09:51:55","guid":{"rendered":"http:\/\/www.iceagetv.com\/radiosite\/?p=14205"},"modified":"2020-01-01T09:51:55","modified_gmt":"2020-01-01T09:51:55","slug":"carlos-ghosn-ce-que-lon-sait-et-ce-que-lon-ne-sait-pas-encore-sur-sa-fuite-au-liban","status":"publish","type":"post","link":"https:\/\/www.iceagetv.com\/radiosite\/carlos-ghosn-ce-que-lon-sait-et-ce-que-lon-ne-sait-pas-encore-sur-sa-fuite-au-liban\/","title":{"rendered":"Carlos Ghosn : ce que l&rsquo;on sait (et ce que l&rsquo;on ne sait pas encore) sur sa fuite au Liban"},"content":{"rendered":"\n<p> Une fuite pour \u00e9chapper \u00e0 la justice japonaise. Assign\u00e9 \u00e0 r\u00e9sidence \u00e0 Tokyo, l&rsquo;ancien patron de Renault-Nissan,\u00a0<a href=\"https:\/\/www.francetvinfo.fr\/economie\/automobile\/carlos-ghosn\/\">Carlos Ghosn<\/a>, s&rsquo;est\u00a0<a href=\"https:\/\/www.francetvinfo.fr\/economie\/automobile\/carlos-ghosn\/l-ex-pdg-de-renault-carlos-ghosn-a-quitte-le-japon-ou-il-etait-assigne-a-residence-pour-rejoindre-le-liban_3765281.html\">\u00e9chapp\u00e9 lundi 30 d\u00e9cembre pour rejoindre le Liban<\/a>.\u00a0<em>\u00ab\u00a0Je n&rsquo;ai pas fui la justice, je me suis lib\u00e9r\u00e9 de l&rsquo;injustice\u00a0\u00bb<\/em>, a-t-il d\u00e9clar\u00e9. Carlos Ghosn, arr\u00eat\u00e9 en novembre 2018 puis plac\u00e9 pendant plusieurs mois en d\u00e9tention,\u00a0fait l&rsquo;objet de\u00a0<a href=\"https:\/\/www.francetvinfo.fr\/economie\/automobile\/carlos-ghosn\/ou-en-est-l-affaire-carlos-ghosn-un-an-apres-l-arrestation-de-l-ancien-patron-de-renault-nissan_3708263.html\">quatre inculpations au Japon<\/a>\u00a0: deux pour des revenus diff\u00e9r\u00e9s non d\u00e9clar\u00e9s aux autorit\u00e9s boursi\u00e8res par Nissan (la firme japonaise est aussi poursuivi sur ce volet), et deux autres pour abus de confiance aggrav\u00e9.\u00a0Franceinfo fait le point sur ce nouveau rebondissement. <\/p>\n\n\n\n<h2 class=\"wp-block-heading\">Ce que l&rsquo;on sait<\/h2>\n\n\n\n<p><strong>Il est \u00e0 Beyrouth.&nbsp;<\/strong>Mardi matin, l&rsquo;ancien patron, qui poss\u00e8de la nationalit\u00e9 libanaise, a confirm\u00e9 qu&rsquo;il se trouvait au Liban dans un communiqu\u00e9.&nbsp;<em>\u00ab\u00a0Je ne suis plus l&rsquo;otage d&rsquo;un syst\u00e8me judiciaire japonais partial o\u00f9 pr\u00e9vaut la pr\u00e9somption de culpabilit\u00e9\u00a0\u00bb<\/em>, a-t-il \u00e9crit, selon ce document transmis par ses porte-parole.&nbsp;<em>\u00ab\u00a0Je n&rsquo;ai pas fui la justice, je me suis lib\u00e9r\u00e9 de l&rsquo;injustice et de la pers\u00e9cution politique. Je peux enfin communiquer librement avec les m\u00e9dias, ce que je ferai d\u00e8s la semaine prochaine\u00a0\u00bb<\/em>, ajoute-t-il.<\/p>\n\n\n\n<p><strong>Il n&rsquo;avait pas le droit de quitter le Japon.&nbsp;<\/strong>Assign\u00e9 \u00e0 r\u00e9sidence apr\u00e8s 130 jours de prison, il avait \u00e9t\u00e9 plac\u00e9 en r\u00e9sidence surveill\u00e9e.&nbsp;Ses conditions de libert\u00e9 pr\u00e9cisaient que ses passeports \u00e9taient gard\u00e9s par ses avocats, garants du respect des r\u00e8gles impos\u00e9es par la justice \u00e0 son \u00e9gard.&nbsp;Son assignation \u00e0 r\u00e9sidence \u00e0 Tokyo lui laissait la libert\u00e9 de voyager \u00e0 l&rsquo;int\u00e9rieur du Japon, mais la dur\u00e9e d&rsquo;absence de son domicile \u00e9tait r\u00e9glement\u00e9e. Son acc\u00e8s \u00e0 internet \u00e9tait fortement restreint et sa r\u00e9sidence plac\u00e9e sous la surveillance de cam\u00e9ras.<\/p>\n\n\n\n<p><strong>Ses avocats ont toujours ses passeports.&nbsp;<\/strong><em>\u00ab\u00a0C&rsquo;est une surprise totale, je suis abasourdi\u00a0\u00bb<\/em>, a d\u00e9clar\u00e9 aux m\u00e9dias Junichiro Hironaka, son principal avocat japonais, affirmant ne pas avoir \u00e9t\u00e9 contact\u00e9 par Carlos Ghosn et avoir appris&nbsp;<em>\u00ab\u00a0par la t\u00e9l\u00e9vision\u00a0\u00bb<\/em>&nbsp;que l&rsquo;ex-patron de Renault-Nissan avait fui. Il a confirm\u00e9&nbsp;que les avocats avaient toujours&nbsp;les trois passeports (libanais, br\u00e9silien et fran\u00e7ais) du magnat en leur possession.<\/p>\n\n\n\n<p><strong>Les autorit\u00e9s libanaises n&rsquo;envisagent pas de poursuites judicaires.&nbsp;<\/strong>L&rsquo;ex-PDG de Renault-Nissan est&nbsp;<em>\u00ab\u00a0entr\u00e9 l\u00e9galement au Liban\u00a0\u00bb<\/em>, a indiqu\u00e9 le minist\u00e8re des Affaires \u00e9trang\u00e8res \u00e0 Beyrouth.&nbsp;La Direction g\u00e9n\u00e9rale de la s\u00fbret\u00e9 g\u00e9n\u00e9rale&nbsp;a pr\u00e9cis\u00e9&nbsp;qu&rsquo;aucune mesure n&rsquo;imposait&nbsp;<em>\u00ab\u00a0l&rsquo;adoption de proc\u00e9dures \u00e0 son encontre\u00a0\u00bb<\/em>&nbsp;et que rien ne<em>&nbsp;\u00ab\u00a0l&rsquo;exposait \u00e0 des poursuites judiciaires\u00a0\u00bb.<\/em><\/p>\n\n\n\n<p><strong>Paris dit n&rsquo;avoir pas \u00e9t\u00e9 inform\u00e9.<\/strong>&nbsp;La France n&rsquo;a eu aucune information sur la fuite du Japon de Carlos Ghosn, a assur\u00e9 le minist\u00e8re des Affaires \u00e9trang\u00e8res. Il a&nbsp;<em>\u00ab\u00a0b\u00e9n\u00e9fici\u00e9 de la protection consulaire, comme tout ressortissant fran\u00e7ais, d\u00e8s les premi\u00e8res heures de son arrestation au Japon\u00a0\u00bb<\/em>, a pr\u00e9cis\u00e9 le minist\u00e8re fran\u00e7ais dans son communiqu\u00e9.<\/p>\n\n\n\n<h2 class=\"wp-block-heading\">Ce que l&rsquo;on ne sait pas encore<\/h2>\n\n\n\n<p><strong>Les conditions de sa fuite.&nbsp;<\/strong>Comment a-t-il pu quitter le pays&nbsp;? A-t-il b\u00e9n\u00e9fici\u00e9 de complicit\u00e9s&nbsp;? Peu de d\u00e9tails ont pour l&rsquo;instant filtr\u00e9 sur son d\u00e9part.&nbsp;<em>\u00ab\u00a0La mani\u00e8re dont il a quitt\u00e9 le Japon n&rsquo;est pas claire\u00a0\u00bb<\/em>, a pr\u00e9cis\u00e9 \u00e0 l&rsquo;AFP une autre source au Liban.&nbsp;Selon le journal libanais&nbsp;<em>Al-Joumhouriya<\/em>, qui a d\u00e9voil\u00e9 l&rsquo;information, le patron d\u00e9chu de l&rsquo;alliance Renault-Nissan-Mitsubishi est arriv\u00e9 \u00e0 Beyrouth dans un avion en provenance de Turquie. En France, le journal&nbsp;<em><a href=\"https:\/\/www.lesechos.fr\/industrie-services\/automobile\/carlos-ghosn-a-quitte-le-japon-pour-beyrouth-1159576#utm_source=le%3Alec0f&amp;utm_medium=click&amp;utm_campaign=share-links_twitter\">Les Echos<\/a><\/em>&nbsp;croit savoir qu&rsquo;il a pass\u00e9 les contr\u00f4les douaniers en pr\u00e9sentant un passeport falsifi\u00e9.&nbsp;<\/p>\n\n\n\n<p><strong>La r\u00e9action du Japon.&nbsp;<\/strong>Mardi matin, les autorit\u00e9s japonaises n&rsquo;avaient pas encore r\u00e9agi \u00e0 cette spectaculaire fuite. Elle pourrait lancer un mandat d&rsquo;arr\u00eat international, qui n&rsquo;aura cependant que peu d&rsquo;effet au Liban, avec lequel il n&rsquo;existe pas d&rsquo;accord d&rsquo;extradition. Ce mandat emp\u00eacherait cependant Carlos Ghosn de se d\u00e9placer dans des pays qui ont sign\u00e9 de tels accords avec Tokyo.<\/p>\n\n\n\n<p><\/p>\n","protected":false},"excerpt":{"rendered":"<p>Une fuite pour \u00e9chapper \u00e0 la justice japonaise. Assign\u00e9 \u00e0 r\u00e9sidence \u00e0 Tokyo, l&rsquo;ancien patron de Renault-Nissan,\u00a0Carlos Ghosn, s&rsquo;est\u00a0\u00e9chapp\u00e9 lundi 30 d\u00e9cembre pour rejoindre le Liban.\u00a0\u00ab\u00a0Je n&rsquo;ai pas fui la justice, je me suis lib\u00e9r\u00e9 de l&rsquo;injustice\u00a0\u00bb, a-t-il d\u00e9clar\u00e9. Carlos Ghosn, arr\u00eat\u00e9 en novembre 2018 puis plac\u00e9 pendant plusieurs mois en d\u00e9tention,\u00a0fait l&rsquo;objet de\u00a0quatre inculpations [&hellip;]<\/p>\n","protected":false},"author":2,"featured_media":14206,"comment_status":"open","ping_status":"open","sticky":false,"template":"","format":"standard","meta":{"_jetpack_memberships_contains_paid_content":false,"footnotes":"","jetpack_publicize_message":"","jetpack_publicize_feature_enabled":true,"jetpack_social_post_already_shared":true,"jetpack_social_options":{"image_generator_settings":{"template":"highway","default_image_id":0,"font":"","enabled":false},"version":2},"_wpas_customize_per_network":false},"categories":[405],"tags":[],"class_list":["post-14205","post","type-post","status-publish","format-standard","has-post-thumbnail","hentry","category-actu-france-monde"],"jetpack_publicize_connections":[],"jetpack_featured_media_url":"https:\/\/i0.wp.com\/www.iceagetv.com\/radiosite\/wp-content\/uploads\/2020\/01\/Carlos-Ghosn.jpg?fit=1197%2C450&ssl=1","jetpack_sharing_enabled":true,"_links":{"self":[{"href":"https:\/\/www.iceagetv.com\/radiosite\/wp-json\/wp\/v2\/posts\/14205","targetHints":{"allow":["GET"]}}],"collection":[{"href":"https:\/\/www.iceagetv.com\/radiosite\/wp-json\/wp\/v2\/posts"}],"about":[{"href":"https:\/\/www.iceagetv.com\/radiosite\/wp-json\/wp\/v2\/types\/post"}],"author":[{"embeddable":true,"href":"https:\/\/www.iceagetv.com\/radiosite\/wp-json\/wp\/v2\/users\/2"}],"replies":[{"embeddable":true,"href":"https:\/\/www.iceagetv.com\/radiosite\/wp-json\/wp\/v2\/comments?post=14205"}],"version-history":[{"count":1,"href":"https:\/\/www.iceagetv.com\/radiosite\/wp-json\/wp\/v2\/posts\/14205\/revisions"}],"predecessor-version":[{"id":14207,"href":"https:\/\/www.iceagetv.com\/radiosite\/wp-json\/wp\/v2\/posts\/14205\/revisions\/14207"}],"wp:featuredmedia":[{"embeddable":true,"href":"https:\/\/www.iceagetv.com\/radiosite\/wp-json\/wp\/v2\/media\/14206"}],"wp:attachment":[{"href":"https:\/\/www.iceagetv.com\/radiosite\/wp-json\/wp\/v2\/media?parent=14205"}],"wp:term":[{"taxonomy":"category","embeddable":true,"href":"https:\/\/www.iceagetv.com\/radiosite\/wp-json\/wp\/v2\/categories?post=14205"},{"taxonomy":"post_tag","embeddable":true,"href":"https:\/\/www.iceagetv.com\/radiosite\/wp-json\/wp\/v2\/tags?post=14205"}],"curies":[{"name":"wp","href":"https:\/\/api.w.org\/{rel}","templated":true}]}}