{"id":14218,"date":"2020-01-02T16:49:11","date_gmt":"2020-01-02T16:49:11","guid":{"rendered":"http:\/\/www.iceagetv.com\/radiosite\/?p=14218"},"modified":"2020-01-02T16:49:11","modified_gmt":"2020-01-02T16:49:11","slug":"greve-a-la-sncf-deux-tgv-sur-trois-prevus-vendredi-et-des-ameliorations-significatives-du-trafic-pour-ce-week-end","status":"publish","type":"post","link":"https:\/\/www.iceagetv.com\/radiosite\/greve-a-la-sncf-deux-tgv-sur-trois-prevus-vendredi-et-des-ameliorations-significatives-du-trafic-pour-ce-week-end\/","title":{"rendered":"Gr\u00e8ve \u00e0 la SNCF : deux TGV sur trois pr\u00e9vus vendredi et des \u00ab\u00a0am\u00e9liorations significatives\u00a0\u00bb du trafic pour ce week-end"},"content":{"rendered":"\n<p>Am\u00e9lioration en vue pour le trafic SNCF. Alors que&nbsp;<a href=\"https:\/\/www.francetvinfo.fr\/economie\/greve\/greve-du-5-decembre\/\" target=\"_blank\" rel=\"noreferrer noopener\">la gr\u00e8ve contre la r\u00e9forme des retraite<\/a>&nbsp;se poursuit,&nbsp;la compagnie ferroviaire pr\u00e9voit, pour la journ\u00e9e de vendredi 3 janvier, un trafic l\u00e9g\u00e8rement moins perturb\u00e9 que les jours pr\u00e9c\u00e9dents. Elle annonce \u00e9galement des&nbsp;<em>\u00ab\u00a0am\u00e9liorations significatives\u00a0\u00bb<\/em>&nbsp;pour ce week-end de retour de vacances.<\/p>\n\n\n\n<h2 class=\"wp-block-heading\">Les pr\u00e9visions de trafic pour le vendredi 3 janvier<\/h2>\n\n\n\n<p><strong>\u2022 Pour les TGV :<\/strong>&nbsp;deux trains sur trois en moyenne<\/p>\n\n\n\n<p><strong>\u2022 Pour les TER :<\/strong>&nbsp;une circulation sur deux en moyenne<\/p>\n\n\n\n<p><strong>\u2022 Pour les Transilien :<\/strong>&nbsp;trois trains sur dix en moyenne<\/p>\n\n\n\n<p><strong>\u2022 Pour les Intercit\u00e9s :<\/strong>&nbsp;un train sur trois<\/p>\n\n\n\n<p><strong>\u2022 Pour l&rsquo;international :<\/strong>&nbsp;trafic perturb\u00e9, notamment vers la Suise, l&rsquo;Italie, l&rsquo;Espagne et l&rsquo;Allemagne.<\/p>\n\n\n\n<h2 class=\"wp-block-heading\">Des \u00ab\u00a0am\u00e9liorations significatives\u00a0\u00bb ce week-end<\/h2>\n\n\n\n<p><em>\u00ab\u00a0Des am\u00e9liorations significatives sont \u00e0 noter pour le week-end de retour des vacances\u00a0\u00bb,<\/em>&nbsp;indique la SNCF. La compagnie pr\u00e9voit notamment&nbsp;<em>\u00ab\u00a0un trafic quasi normal samedi 4 janvier sur les liaisons Paris-Lyon, Paris-Marseille et Paris-Lille\u00a0\u00bb.<\/em>&nbsp;Dimanche 5 janvier, le trafic sera<em>&nbsp;\u00ab\u00a0quasi normal sur les liaisons Paris-Nancy, Paris-Metz, Paris-Strasbourg et Paris-Luxembourg\u00a0\u00bb,<\/em>&nbsp;poursuit la SNCF.<\/p>\n\n\n\n<p>Tous les TGV, Ouigo et Intercit\u00e9s qui circulent jusqu&rsquo;au 5 janvier 2020 inclus sont garantis et visibles sur l&rsquo;Assistant SNCF et sur les canaux de vente, indique la SNCF, pr\u00e9cisant que&nbsp;800 000 clients vont voyager ce week-end<\/p>\n","protected":false},"excerpt":{"rendered":"<p>Am\u00e9lioration en vue pour le trafic SNCF. Alors que&nbsp;la gr\u00e8ve contre la r\u00e9forme des retraite&nbsp;se poursuit,&nbsp;la compagnie ferroviaire pr\u00e9voit, pour la journ\u00e9e de vendredi 3 janvier, un trafic l\u00e9g\u00e8rement moins perturb\u00e9 que les jours pr\u00e9c\u00e9dents. Elle annonce \u00e9galement des&nbsp;\u00ab\u00a0am\u00e9liorations significatives\u00a0\u00bb&nbsp;pour ce week-end de retour de vacances. Les pr\u00e9visions de trafic pour le vendredi 3 janvier [&hellip;]<\/p>\n","protected":false},"author":2,"featured_media":14219,"comment_status":"open","ping_status":"open","sticky":false,"template":"","format":"standard","meta":{"_jetpack_memberships_contains_paid_content":false,"footnotes":"","jetpack_publicize_message":"","jetpack_publicize_feature_enabled":true,"jetpack_social_post_already_shared":true,"jetpack_social_options":{"image_generator_settings":{"template":"highway","default_image_id":0,"font":"","enabled":false},"version":2},"_wpas_customize_per_network":false},"categories":[405],"tags":[],"class_list":["post-14218","post","type-post","status-publish","format-standard","has-post-thumbnail","hentry","category-actu-france-monde"],"jetpack_publicize_connections":[],"jetpack_featured_media_url":"https:\/\/i0.wp.com\/www.iceagetv.com\/radiosite\/wp-content\/uploads\/2020\/01\/Gr%C3%A8ve-Jour-29.jpg?fit=1197%2C450&ssl=1","jetpack_sharing_enabled":true,"_links":{"self":[{"href":"https:\/\/www.iceagetv.com\/radiosite\/wp-json\/wp\/v2\/posts\/14218","targetHints":{"allow":["GET"]}}],"collection":[{"href":"https:\/\/www.iceagetv.com\/radiosite\/wp-json\/wp\/v2\/posts"}],"about":[{"href":"https:\/\/www.iceagetv.com\/radiosite\/wp-json\/wp\/v2\/types\/post"}],"author":[{"embeddable":true,"href":"https:\/\/www.iceagetv.com\/radiosite\/wp-json\/wp\/v2\/users\/2"}],"replies":[{"embeddable":true,"href":"https:\/\/www.iceagetv.com\/radiosite\/wp-json\/wp\/v2\/comments?post=14218"}],"version-history":[{"count":1,"href":"https:\/\/www.iceagetv.com\/radiosite\/wp-json\/wp\/v2\/posts\/14218\/revisions"}],"predecessor-version":[{"id":14220,"href":"https:\/\/www.iceagetv.com\/radiosite\/wp-json\/wp\/v2\/posts\/14218\/revisions\/14220"}],"wp:featuredmedia":[{"embeddable":true,"href":"https:\/\/www.iceagetv.com\/radiosite\/wp-json\/wp\/v2\/media\/14219"}],"wp:attachment":[{"href":"https:\/\/www.iceagetv.com\/radiosite\/wp-json\/wp\/v2\/media?parent=14218"}],"wp:term":[{"taxonomy":"category","embeddable":true,"href":"https:\/\/www.iceagetv.com\/radiosite\/wp-json\/wp\/v2\/categories?post=14218"},{"taxonomy":"post_tag","embeddable":true,"href":"https:\/\/www.iceagetv.com\/radiosite\/wp-json\/wp\/v2\/tags?post=14218"}],"curies":[{"name":"wp","href":"https:\/\/api.w.org\/{rel}","templated":true}]}}