{"id":14221,"date":"2020-01-03T07:10:37","date_gmt":"2020-01-03T07:10:37","guid":{"rendered":"http:\/\/www.iceagetv.com\/radiosite\/?p=14221"},"modified":"2020-01-03T07:10:37","modified_gmt":"2020-01-03T07:10:37","slug":"un-haut-commandant-iranien-tue-a-bagdad-dans-un-raid-americain","status":"publish","type":"post","link":"https:\/\/www.iceagetv.com\/radiosite\/un-haut-commandant-iranien-tue-a-bagdad-dans-un-raid-americain\/","title":{"rendered":"Un haut commandant iranien tu\u00e9 \u00e0 Bagdad dans un raid am\u00e9ricain"},"content":{"rendered":"\n<p> Le g\u00e9n\u00e9ral Qassem Soleimani, \u00e0 la t\u00eate de la force Al Qods, une unit\u00e9 d&rsquo;\u00e9lite des Gardiens de la r\u00e9volution iraniens, a \u00e9t\u00e9 tu\u00e9 dans une frappe a\u00e9rienne des \u00c9tats-Unis contre son convoi, \u00e0 l&rsquo;a\u00e9roport de la capitale irakienne Bagdad, sur ordre du pr\u00e9sident Donald Trump, a d\u00e9clar\u00e9 jeudi 2 janvier le Pentagone. Abou Mahdi al-Mouhandis, commandant du Hachd al-Chaabi, une milice irakienne soutenu par l&rsquo;Iran, a \u00e9galement \u00e9t\u00e9 tu\u00e9 dans l&rsquo;attaque, a d\u00e9clar\u00e9 \u00e0 Reuters un porte-parole des miliciens.  Les Gardiens de la r\u00e9volution, cit\u00e9s par la t\u00e9l\u00e9vision publique iranienne, ont confirm\u00e9 que le g\u00e9n\u00e9ral Soleimani avait \u00e9t\u00e9 tu\u00e9. Un porte-parole des Forces mobilis\u00e9es du peuple (PMF), groupe paramilitaire irakien compos\u00e9 de milices chiites pro-Iran, a imput\u00e9 ce double assassinat aux \u00c9tats-Unis et Isra\u00ebl. <\/p>\n\n\n\n<p>Dans un communiqu\u00e9, le d\u00e9partement am\u00e9ricain de la D\u00e9fense indique que l&rsquo;arm\u00e9e am\u00e9ricaine a proc\u00e9d\u00e9 \u00e0 l&rsquo;assassinat de Qassem Soleimani \u00e0 la demande du pr\u00e9sident Donald Trump, une mesure \u00ab<em>d\u00e9fensive<\/em>\u00bb prise pour \u00ab<em>prot\u00e9ger le personnel am\u00e9ricain \u00e0 l&rsquo;\u00e9tranger<\/em>\u00bb. \u00ab<em>Cette frappe est destin\u00e9e \u00e0 dissuader l&rsquo;Iran de tout projet d&rsquo;attaque ult\u00e9rieur<\/em>\u00bb, dit le Pentagone, soulignant que les \u00c9tats-Unis continueraient de prendre les mesures n\u00e9cessaires pour prot\u00e9ger leurs ressortissants et int\u00e9r\u00eats dans le monde.<\/p>\n\n\n\n<h2 class=\"wp-block-heading\">Au moins huit personnes tu\u00e9es dans l&rsquo;attaque<\/h2>\n\n\n\n<p>Washington estime que Qassem Soleimani a \u00ab<em>orchestr\u00e9<\/em>\u00bb des attaques contre des bases de la coalition en Irak ces derniers mois et le tient pour responsable des \u00ab<em>attaques<\/em>\u00bb survenues cette semaine contre l&rsquo;ambassade am\u00e9ricaine \u00e0 Bagdad. Avant l&rsquo;annonce du Pentagone, des repr\u00e9sentants am\u00e9ricains s&rsquo;exprimant sous couvert d&rsquo;anonymat ont assur\u00e9 \u00e0 Reuters que les \u00c9tats-Unis ont men\u00e9 des frappes dans la capitale irakienne contre deux cibles li\u00e9es \u00e0 l&rsquo;Iran, sans davantage de pr\u00e9cisions.<\/p>\n\n\n\n<p>Selon des groupes paramilitaires irakiens, trois roquettes ont frapp\u00e9 l&rsquo;a\u00e9roport international de Bagdad, tuant au moins huit personnes. Les roquettes ont atterri pr\u00e8s du terminal de fret a\u00e9rien et incendi\u00e9 deux v\u00e9hicules, faisant aussi plusieurs bless\u00e9s.<\/p>\n\n\n\n<h2 class=\"wp-block-heading\">Le guide supr\u00eame crie vengance<\/h2>\n\n\n\n<p>Un commandant d&rsquo;une milice locale a d\u00e9clar\u00e9 \u00e0 Reuters que Soleimani et al-Mouhandis \u00e9taient tous deux \u00e0 bord d&rsquo;un v\u00e9hicule qui a \u00e9t\u00e9 \u00ab<em>frapp\u00e9 par deux missiles guid\u00e9s successifs lanc\u00e9s par un h\u00e9licopt\u00e8re am\u00e9ricain<\/em>\u00bb alors que le convoi quittait le terminal des arriv\u00e9es de l&rsquo;a\u00e9roport de Bagdad. Un autre v\u00e9hicule transportant des gardes du corps issus des PMF a \u00e9t\u00e9 atteint par une roquette, a ajout\u00e9 Abou Mountathar al Husseini. \u00ab<em>Les criminels am\u00e9ricains disposaient d&rsquo;informations d\u00e9taill\u00e9es sur les mouvements du convoi<\/em>\u00bb, a-t-il d\u00e9clar\u00e9.<\/p>\n\n\n\n<p>Le guide supr\u00eame,&nbsp;<a href=\"https:\/\/www.lefigaro.fr\/flash-actu\/mort-de-soleimani-ali-khamenei-promet-une-terrible-vengeance-20200103\">l&rsquo;ayatollah Ali Khamenei a d\u00e9clar\u00e9 qu&rsquo;une terrible vengeance attendait \u00ables criminels\u00bb<\/a>&nbsp;qui ont assassin\u00e9 Soleimani, et d\u00e9cr\u00e9t\u00e9 trois jours de deuil national. La mort du puissant g\u00e9n\u00e9ral est une \u00ab<em>escalade extr\u00eamement dangereuse et imprudente<\/em>\u00bb, a pr\u00e9venu vendredi sur Twitter le ministre iranien des Affaires \u00e9trang\u00e8res, Mohammad Javad Zarif.<\/p>\n\n\n\n<p><\/p>\n","protected":false},"excerpt":{"rendered":"<p>Le g\u00e9n\u00e9ral Qassem Soleimani, \u00e0 la t\u00eate de la force Al Qods, une unit\u00e9 d&rsquo;\u00e9lite des Gardiens de la r\u00e9volution iraniens, a \u00e9t\u00e9 tu\u00e9 dans une frappe a\u00e9rienne des \u00c9tats-Unis contre son convoi, \u00e0 l&rsquo;a\u00e9roport de la capitale irakienne Bagdad, sur ordre du pr\u00e9sident Donald Trump, a d\u00e9clar\u00e9 jeudi 2 janvier le Pentagone. Abou Mahdi [&hellip;]<\/p>\n","protected":false},"author":2,"featured_media":14222,"comment_status":"open","ping_status":"open","sticky":false,"template":"","format":"standard","meta":{"_jetpack_memberships_contains_paid_content":false,"footnotes":"","jetpack_publicize_message":"","jetpack_publicize_feature_enabled":true,"jetpack_social_post_already_shared":true,"jetpack_social_options":{"image_generator_settings":{"template":"highway","default_image_id":0,"font":"","enabled":false},"version":2},"_wpas_customize_per_network":false},"categories":[405],"tags":[],"class_list":["post-14221","post","type-post","status-publish","format-standard","has-post-thumbnail","hentry","category-actu-france-monde"],"jetpack_publicize_connections":[],"jetpack_featured_media_url":"https:\/\/i0.wp.com\/www.iceagetv.com\/radiosite\/wp-content\/uploads\/2020\/01\/Un-haut-commandant-iranien-tu%C3%A9-%C3%A0-Bagdad-dans-un-raid-am%C3%A9ricain.jpg?fit=770%2C433&ssl=1","jetpack_sharing_enabled":true,"_links":{"self":[{"href":"https:\/\/www.iceagetv.com\/radiosite\/wp-json\/wp\/v2\/posts\/14221","targetHints":{"allow":["GET"]}}],"collection":[{"href":"https:\/\/www.iceagetv.com\/radiosite\/wp-json\/wp\/v2\/posts"}],"about":[{"href":"https:\/\/www.iceagetv.com\/radiosite\/wp-json\/wp\/v2\/types\/post"}],"author":[{"embeddable":true,"href":"https:\/\/www.iceagetv.com\/radiosite\/wp-json\/wp\/v2\/users\/2"}],"replies":[{"embeddable":true,"href":"https:\/\/www.iceagetv.com\/radiosite\/wp-json\/wp\/v2\/comments?post=14221"}],"version-history":[{"count":1,"href":"https:\/\/www.iceagetv.com\/radiosite\/wp-json\/wp\/v2\/posts\/14221\/revisions"}],"predecessor-version":[{"id":14223,"href":"https:\/\/www.iceagetv.com\/radiosite\/wp-json\/wp\/v2\/posts\/14221\/revisions\/14223"}],"wp:featuredmedia":[{"embeddable":true,"href":"https:\/\/www.iceagetv.com\/radiosite\/wp-json\/wp\/v2\/media\/14222"}],"wp:attachment":[{"href":"https:\/\/www.iceagetv.com\/radiosite\/wp-json\/wp\/v2\/media?parent=14221"}],"wp:term":[{"taxonomy":"category","embeddable":true,"href":"https:\/\/www.iceagetv.com\/radiosite\/wp-json\/wp\/v2\/categories?post=14221"},{"taxonomy":"post_tag","embeddable":true,"href":"https:\/\/www.iceagetv.com\/radiosite\/wp-json\/wp\/v2\/tags?post=14221"}],"curies":[{"name":"wp","href":"https:\/\/api.w.org\/{rel}","templated":true}]}}