{"id":14224,"date":"2020-01-03T07:12:00","date_gmt":"2020-01-03T07:12:00","guid":{"rendered":"http:\/\/www.iceagetv.com\/radiosite\/?p=14224"},"modified":"2020-01-03T07:12:00","modified_gmt":"2020-01-03T07:12:00","slug":"un-militaire-meurt-dans-une-avalanche-en-isere-un-autre-gravement-blesse","status":"publish","type":"post","link":"https:\/\/www.iceagetv.com\/radiosite\/un-militaire-meurt-dans-une-avalanche-en-isere-un-autre-gravement-blesse\/","title":{"rendered":"Un militaire meurt dans une avalanche en Is\u00e8re, un autre gravement bless\u00e9"},"content":{"rendered":"\n<p>Terrible nouvelle. Un militaire \u00e2g\u00e9 d&rsquo;une vingtaine d&rsquo;ann\u00e9e est mort jeudi 2 janvier en Is\u00e8re dans&nbsp;<a href=\"https:\/\/www.francetvinfo.fr\/meteo\/neige\/avalanches\/\">une avalanche<\/a>&nbsp;au cours de laquelle un autre militaire a \u00e9t\u00e9 gravement bless\u00e9, selon les secours en montagne. La coul\u00e9e s&rsquo;est produite jeudi apr\u00e8s-midi \u00e0 2 400 m\u00e8tre d&rsquo;altitude dans un couloir du&nbsp;<a href=\"https:\/\/www.francetvinfo.fr\/france\/auvergne-rhone-alpes\/savoie\/montagne-entre-l-isere-et-la-savoie-randonnee-dans-le-massif-de-belledonne_3655021.html\">massif de Belledonne&nbsp;<\/a>alors que les deux hommes, bas\u00e9s \u00e0 Varces au sud de Grenoble, skiaient hors piste.<\/p>\n\n\n\n<p>Les deux victimes ont \u00e9t\u00e9 retrouv\u00e9es en surface d&rsquo;une avalanche de plusieurs centaines de m\u00e8tres, a pr\u00e9cis\u00e9 le peloton de gendarmerie de haute montagne (PGHM) de l&rsquo;Is\u00e8re, confirmant une information du<em>&nbsp;Dauphin\u00e9 Lib\u00e9r\u00e9<\/em>. C&rsquo;est un proche de l&rsquo;une des deux victimes, inquiet de ne pouvoir la joindre, qui a alert\u00e9 les secours. La premi\u00e8re, un jeune homme appartenant au 7e bataillon de chasseurs alpins (7\u00e8me BCA), n&rsquo;a pu \u00eatre ranim\u00e9. Il est mort sur place.<\/p>\n\n\n\n<p>Quant au second militaire, du 93e r\u00e9giment d&rsquo;artillerie de montagne \u00e9galement \u00e2g\u00e9 d&rsquo;une vingtaine d&rsquo;ann\u00e9es, il a \u00e9t\u00e9 pris en charge polytraumatis\u00e9 par les secours et a \u00e9t\u00e9 transport\u00e9 au CHU de Grenoble. Tous deux n&rsquo;avaient pas \u00e9t\u00e9 envoy\u00e9s sur place dans le cadre de leurs fonctions. Une enqu\u00eate, confi\u00e9e au PGHM de l&rsquo;Is\u00e8re, a \u00e9t\u00e9 ouverte pour d\u00e9terminer les circonstances du drame.<\/p>\n","protected":false},"excerpt":{"rendered":"<p>Terrible nouvelle. Un militaire \u00e2g\u00e9 d&rsquo;une vingtaine d&rsquo;ann\u00e9e est mort jeudi 2 janvier en Is\u00e8re dans&nbsp;une avalanche&nbsp;au cours de laquelle un autre militaire a \u00e9t\u00e9 gravement bless\u00e9, selon les secours en montagne. La coul\u00e9e s&rsquo;est produite jeudi apr\u00e8s-midi \u00e0 2 400 m\u00e8tre d&rsquo;altitude dans un couloir du&nbsp;massif de Belledonne&nbsp;alors que les deux hommes, bas\u00e9s \u00e0 [&hellip;]<\/p>\n","protected":false},"author":2,"featured_media":14225,"comment_status":"open","ping_status":"open","sticky":false,"template":"","format":"standard","meta":{"_jetpack_memberships_contains_paid_content":false,"footnotes":"","jetpack_publicize_message":"","jetpack_publicize_feature_enabled":true,"jetpack_social_post_already_shared":true,"jetpack_social_options":{"image_generator_settings":{"template":"highway","default_image_id":0,"font":"","enabled":false},"version":2},"_wpas_customize_per_network":false},"categories":[405],"tags":[2728],"class_list":["post-14224","post","type-post","status-publish","format-standard","has-post-thumbnail","hentry","category-actu-france-monde","tag-un-militaire-meurt-dans-une-avalanche-en-isere"],"jetpack_publicize_connections":[],"jetpack_featured_media_url":"https:\/\/i0.wp.com\/www.iceagetv.com\/radiosite\/wp-content\/uploads\/2020\/01\/Un-militaire-meurt-dans-une-avalanche-en-Is%C3%A8re-un-autre-gravement-bless%C3%A9.jpg?fit=1198%2C450&ssl=1","jetpack_sharing_enabled":true,"_links":{"self":[{"href":"https:\/\/www.iceagetv.com\/radiosite\/wp-json\/wp\/v2\/posts\/14224","targetHints":{"allow":["GET"]}}],"collection":[{"href":"https:\/\/www.iceagetv.com\/radiosite\/wp-json\/wp\/v2\/posts"}],"about":[{"href":"https:\/\/www.iceagetv.com\/radiosite\/wp-json\/wp\/v2\/types\/post"}],"author":[{"embeddable":true,"href":"https:\/\/www.iceagetv.com\/radiosite\/wp-json\/wp\/v2\/users\/2"}],"replies":[{"embeddable":true,"href":"https:\/\/www.iceagetv.com\/radiosite\/wp-json\/wp\/v2\/comments?post=14224"}],"version-history":[{"count":1,"href":"https:\/\/www.iceagetv.com\/radiosite\/wp-json\/wp\/v2\/posts\/14224\/revisions"}],"predecessor-version":[{"id":14226,"href":"https:\/\/www.iceagetv.com\/radiosite\/wp-json\/wp\/v2\/posts\/14224\/revisions\/14226"}],"wp:featuredmedia":[{"embeddable":true,"href":"https:\/\/www.iceagetv.com\/radiosite\/wp-json\/wp\/v2\/media\/14225"}],"wp:attachment":[{"href":"https:\/\/www.iceagetv.com\/radiosite\/wp-json\/wp\/v2\/media?parent=14224"}],"wp:term":[{"taxonomy":"category","embeddable":true,"href":"https:\/\/www.iceagetv.com\/radiosite\/wp-json\/wp\/v2\/categories?post=14224"},{"taxonomy":"post_tag","embeddable":true,"href":"https:\/\/www.iceagetv.com\/radiosite\/wp-json\/wp\/v2\/tags?post=14224"}],"curies":[{"name":"wp","href":"https:\/\/api.w.org\/{rel}","templated":true}]}}