{"id":14227,"date":"2020-01-03T13:54:52","date_gmt":"2020-01-03T13:54:52","guid":{"rendered":"http:\/\/www.iceagetv.com\/radiosite\/?p=14227"},"modified":"2020-01-03T14:26:16","modified_gmt":"2020-01-03T14:26:16","slug":"parc-des-hauts-de-bruyeres-a-villejuif-plusieurs-personnes-ont-ete-blessees-vers-14-heures-par-un-homme-qui-les-a-attaquees-au-couteau-lhomme-a-ete-abattu-par-la-police-au-moins-4-blesses","status":"publish","type":"post","link":"https:\/\/www.iceagetv.com\/radiosite\/parc-des-hauts-de-bruyeres-a-villejuif-plusieurs-personnes-ont-ete-blessees-vers-14-heures-par-un-homme-qui-les-a-attaquees-au-couteau-lhomme-a-ete-abattu-par-la-police-au-moins-4-blesses\/","title":{"rendered":"Parc des hauts de Bruy\u00e8res \u00e0 Villejuif: \u00ab\u00a0Une personne est morte et deux ont \u00e9t\u00e9 bless\u00e9es vers 14 heures\u00a0\u00bb \u00e9crivent nos confr\u00e8res de RTL \u00e0 l&rsquo;instant, citant une source polici\u00e8re. L&rsquo;homme a \u00e9t\u00e9 abattu par la police &#8211; Au moins 4 bless\u00e9s"},"content":{"rendered":"\n<p>  \u00ab\u00a0Une personne est morte et deux ont \u00e9t\u00e9 bless\u00e9es vers 14 heures\u00a0\u00bb \u00e9crivent nos confr\u00e8res de RTL \u00e0 l&rsquo;instant, citant une source polici\u00e8re.<\/p>\n\n\n\n<p> <strong>Selon RTL, l&rsquo;homme de type europ\u00e9en, portait une djellaba et la barbe. Selon certains t\u00e9moins, l&rsquo;assaillant aurait cri\u00e9 \u00ab\u00a0Allahu akbar\u00a0\u00bb.<\/strong>\u00a0La police proc\u00e8de \u00e0 des v\u00e9rifications pour s&rsquo;en assurer. Le service de d\u00e9minage de la pr\u00e9fecture de police est sur place pour v\u00e9rifier que l&rsquo;homme ne porte pas d&rsquo;explosifs sur lui. Le secr\u00e9taire d&rsquo;\u00c9tat aupr\u00e8s du ministre de l&rsquo;Int\u00e9rieur, Laurent Nu\u00f1ez, se rend sur place. <\/p>\n\n\n\n<p>Une source syndicale indique \u00e0 franceinfo que l&rsquo;individu a pris la fuite apr\u00e8s avoir agress\u00e9 des passants. A l&rsquo;Ha\u00ff-les-Roses, \u00ab\u00a0il est tomb\u00e9 nez \u00e0 nez avec une patrouille du 33e district de la s\u00e9curit\u00e9 publique du Val-de-Marne, visiblement alert\u00e9e. Les agents ont ouvert le feu, l\u2019individu a \u00e9t\u00e9 touch\u00e9\u00a0\u00bb, pr\u00e9cise cette m\u00eame source. <\/p>\n\n\n\n<p><strong>Plusieurs personnes ont \u00e9t\u00e9 bless\u00e9es vers 14 heures par un homme qui les a attaqu\u00e9es au couteau au parc des Hautes-Bruy\u00e8res \u00e0 Villejuif, dans le Val-de-Marne,<\/strong>&nbsp;a-t-on appris de source polici\u00e8re par RTLL. L&rsquo;assaillant a ensuite tent\u00e9 de prendre la fuite vers l&rsquo;Ha\u00ff-les-Roses, il a \u00e9t\u00e9 neutralis\u00e9 par les forces de l&rsquo;ordre qui ont fait usage de leurs armes de service. Aucune information sur l&rsquo;\u00e9tat de sant\u00e9 des victimes n&rsquo;a \u00e9t\u00e9 communiqu\u00e9e pour le moment. Les motivations de l&rsquo;assaillant demeurent inconnues \u00e0 l&rsquo;heure actuelle.  <strong>La Pr\u00e9fecture de Police de Paris demande d&rsquo;\u00e9viter le parc des hauts de Bruy\u00e8res \u00e0 Villejuif en raison d&rsquo;une importante op\u00e9ration en cours. Pas plus de d\u00e9tails dans l&rsquo;imm\u00e9diat.<\/strong> <\/p>\n","protected":false},"excerpt":{"rendered":"<p>\u00ab\u00a0Une personne est morte et deux ont \u00e9t\u00e9 bless\u00e9es vers 14 heures\u00a0\u00bb \u00e9crivent nos confr\u00e8res de RTL \u00e0 l&rsquo;instant, citant une source polici\u00e8re. Selon RTL, l&rsquo;homme de type europ\u00e9en, portait une djellaba et la barbe. Selon certains t\u00e9moins, l&rsquo;assaillant aurait cri\u00e9 \u00ab\u00a0Allahu akbar\u00a0\u00bb.\u00a0La police proc\u00e8de \u00e0 des v\u00e9rifications pour s&rsquo;en assurer. Le service de d\u00e9minage [&hellip;]<\/p>\n","protected":false},"author":2,"featured_media":14228,"comment_status":"open","ping_status":"open","sticky":false,"template":"","format":"standard","meta":{"_jetpack_memberships_contains_paid_content":false,"footnotes":"","jetpack_publicize_message":"","jetpack_publicize_feature_enabled":true,"jetpack_social_post_already_shared":true,"jetpack_social_options":{"image_generator_settings":{"template":"highway","default_image_id":0,"font":"","enabled":false},"version":2},"_wpas_customize_per_network":false},"categories":[405],"tags":[],"class_list":["post-14227","post","type-post","status-publish","format-standard","has-post-thumbnail","hentry","category-actu-france-monde"],"jetpack_publicize_connections":[],"jetpack_featured_media_url":"https:\/\/i0.wp.com\/www.iceagetv.com\/radiosite\/wp-content\/uploads\/2020\/01\/Parc-des-hauts-de-Bruy%C3%A8res.jpg?fit=697%2C303&ssl=1","jetpack_sharing_enabled":true,"_links":{"self":[{"href":"https:\/\/www.iceagetv.com\/radiosite\/wp-json\/wp\/v2\/posts\/14227","targetHints":{"allow":["GET"]}}],"collection":[{"href":"https:\/\/www.iceagetv.com\/radiosite\/wp-json\/wp\/v2\/posts"}],"about":[{"href":"https:\/\/www.iceagetv.com\/radiosite\/wp-json\/wp\/v2\/types\/post"}],"author":[{"embeddable":true,"href":"https:\/\/www.iceagetv.com\/radiosite\/wp-json\/wp\/v2\/users\/2"}],"replies":[{"embeddable":true,"href":"https:\/\/www.iceagetv.com\/radiosite\/wp-json\/wp\/v2\/comments?post=14227"}],"version-history":[{"count":4,"href":"https:\/\/www.iceagetv.com\/radiosite\/wp-json\/wp\/v2\/posts\/14227\/revisions"}],"predecessor-version":[{"id":14232,"href":"https:\/\/www.iceagetv.com\/radiosite\/wp-json\/wp\/v2\/posts\/14227\/revisions\/14232"}],"wp:featuredmedia":[{"embeddable":true,"href":"https:\/\/www.iceagetv.com\/radiosite\/wp-json\/wp\/v2\/media\/14228"}],"wp:attachment":[{"href":"https:\/\/www.iceagetv.com\/radiosite\/wp-json\/wp\/v2\/media?parent=14227"}],"wp:term":[{"taxonomy":"category","embeddable":true,"href":"https:\/\/www.iceagetv.com\/radiosite\/wp-json\/wp\/v2\/categories?post=14227"},{"taxonomy":"post_tag","embeddable":true,"href":"https:\/\/www.iceagetv.com\/radiosite\/wp-json\/wp\/v2\/tags?post=14227"}],"curies":[{"name":"wp","href":"https:\/\/api.w.org\/{rel}","templated":true}]}}