{"id":14233,"date":"2020-01-03T16:09:04","date_gmt":"2020-01-03T16:09:04","guid":{"rendered":"http:\/\/www.iceagetv.com\/radiosite\/?p=14233"},"modified":"2020-01-03T16:09:04","modified_gmt":"2020-01-03T16:09:04","slug":"attaque-au-couteau-a-villejuif-au-moins-un-mort-et-deux-blesses-lassaillant-tue","status":"publish","type":"post","link":"https:\/\/www.iceagetv.com\/radiosite\/attaque-au-couteau-a-villejuif-au-moins-un-mort-et-deux-blesses-lassaillant-tue\/","title":{"rendered":"Attaque au couteau \u00e0 Villejuif: au moins un mort et deux bless\u00e9s, l&rsquo;assaillant tu\u00e9"},"content":{"rendered":"\n<h2 class=\"wp-block-heading\">L&rsquo;attaque s&rsquo;est d\u00e9roul\u00e9e peu apr\u00e8s 14 heures dans le parc des Bruy\u00e8res puis sur la commune de&nbsp;l&rsquo;Hay-les-Roses. L&rsquo;auteur est mort neutralis\u00e9 par la police.<\/h2>\n\n\n\n<p>Un homme a agress\u00e9 \u00e0 l&rsquo;arme blanche plusieurs&nbsp;personnes ce vendredi \u00e0 Villejuif, selon des sources concordantes consult\u00e9es par BFMTV. L&rsquo;une d&rsquo;entre elles, \u00e2g\u00e9e d&rsquo;une cinquantaine d&rsquo;ann\u00e9es&nbsp;est morte, selon nos informations. Une victime est&nbsp;en urgence absolue, l&rsquo;autre en urgence relative.<\/p>\n\n\n\n<blockquote class=\"wp-block-quote is-layout-flow wp-block-quote-is-layout-flow\"><p>\u00ab\u00a0On doit d\u00e9nombrer trois victimes, un d\u00e9c\u00e9d\u00e9 et deux personnes dont l&rsquo;\u00e9tat est en cours d&rsquo;examen dans diff\u00e9rents h\u00f4pitaux du Val-de-Marne\u00a0\u00bb a d\u00e9clar\u00e9 au cours d&rsquo;une conf\u00e9rence de presse vendredi Laure Beccuau, procureure de la r\u00e9publique de Cr\u00e9teil. \u00ab\u00a0Il y a un autre d\u00e9c\u00e9d\u00e9 qui est le mise en cause\u00a0\u00bb, pr\u00e9cise-t-elle.<\/p><\/blockquote>\n\n\n\n<h3 class=\"wp-block-heading\">Un \u00ab\u00a0p\u00e9riple meurtrier\u00a0\u00bb<\/h3>\n\n\n\n<blockquote class=\"wp-block-quote is-layout-flow wp-block-quote-is-layout-flow\"><p>\u00ab\u00a0Dans son p\u00e9riple meurtrier le mis en cause a tent\u00e9 de s&rsquo;attaquer \u00e0 d&rsquo;autres victimes qui ont r\u00e9ussi \u00e0 l&rsquo;\u00e9viter\u00a0\u00bb, continue la procureure.<\/p><\/blockquote>\n\n\n\n<p>Les policiers sont intervenus apr\u00e8s des appels de t\u00e9moins au 17, le num\u00e9ro d&rsquo;urgence de police secours, autour de 14h.<\/p>\n\n\n\n<blockquote class=\"wp-block-quote is-layout-flow wp-block-quote-is-layout-flow\"><p>\u00ab\u00a0Il y a eu une agression \u00e0 l&rsquo;arme blanche aux alentours de 14h par un individu arm\u00e9 d&rsquo;un couteau dans le parc des Bruy\u00e8res puis \u00e0 proximit\u00e9 de ce parc sur la commune de&nbsp;l&rsquo;Hay-les-Roses dans le 94\u00a0\u00bb, a expliqu\u00e9 sur BFMTV Lo\u00efc Travers, secr\u00e9taire du syndicat Alliance Police Nationale \u00cele-de-France, qui parle de \u00ab\u00a0p\u00e9riple criminel\u00a0\u00bb.<\/p><\/blockquote>\n\n\n\n<h3 class=\"wp-block-heading\">Neutralis\u00e9 par au moins trois tirs de policiers<\/h3>\n\n\n\n<p>L&rsquo;auteur est mort neutralis\u00e9 par au moins trois tirs de policiers sur place, selon nos informations. \u00ab\u00a0\u00c0 l&rsquo;heure o\u00f9 je vous parle, cet individu est hors d&rsquo;\u00e9tat de nuire\u00a0\u00bb, confirme Lo\u00efc Travers.&nbsp;<\/p>\n\n\n\n<blockquote class=\"wp-block-quote is-layout-flow wp-block-quote-is-layout-flow\"><p>\u00ab\u00a0Les agressions ont eu lieu c\u00f4t\u00e9 Villejuif puis l&rsquo;individu a franchi la fronti\u00e8re pour se rendre \u00e0 proximit\u00e9 d&rsquo;un centre commercial\u00a0\u00bb sur la commune de l&rsquo;Hay-les-Roses, explique son maire, Vincent Jeanbrun, sur BFMTV. \u00ab\u00a0C&rsquo;est \u00e0 ce moment l\u00e0 qu&rsquo;il a \u00e9t\u00e9 abattu\u00a0\u00bb.<\/p><\/blockquote>\n\n\n\n<p>Selon les premi\u00e8res exploitations des vid\u00e9os surveillance, l&rsquo;assaillant est arriv\u00e9 seul, mais des recherches sont encore en cours sur une possible complicit\u00e9. L&rsquo;assaillant abattu ne portait pas de ceinture d&rsquo;explosif, ou un quelconque autre objet dangereux, d&rsquo;apr\u00e8s le laboratoire central de la Pr\u00e9fecture de Police.<\/p>\n\n\n\n<h3 class=\"wp-block-heading\">Le parquet de Cr\u00e9teil saisi<\/h3>\n\n\n\n<p>Le secr\u00e9taire d&rsquo;\u00c9tat aupr\u00e8s du ministre de l&rsquo;Int\u00e9rieur Laurent Nunez est arriv\u00e9 sur les lieux de l&rsquo;attaque aux alentours de 15h30, accompagn\u00e9 du pr\u00e9fet de police de Paris Didier Lallement. Laurent Nunez a salu\u00e9\u00a0\u00ab\u00a0la r\u00e9activit\u00e9\u00a0\u00bb des forces de l&rsquo;ordre et des pompiers lors de l&rsquo;attaque. Pour l&rsquo;instant c&rsquo;est le parquet de Cr\u00e9teil qui a \u00e9t\u00e9 saisi, l&rsquo;enqu\u00eate a \u00e9t\u00e9 confi\u00e9e au service d\u00e9partemental de police judiciaire du Val-de-Marne. Des repr\u00e9sentant du parquet antiterroriste sont sur les lieux du drame, mais ce dernier n&rsquo;est pas saisi. <\/p>\n","protected":false},"excerpt":{"rendered":"<p>L&rsquo;attaque s&rsquo;est d\u00e9roul\u00e9e peu apr\u00e8s 14 heures dans le parc des Bruy\u00e8res puis sur la commune de&nbsp;l&rsquo;Hay-les-Roses. L&rsquo;auteur est mort neutralis\u00e9 par la police. Un homme a agress\u00e9 \u00e0 l&rsquo;arme blanche plusieurs&nbsp;personnes ce vendredi \u00e0 Villejuif, selon des sources concordantes consult\u00e9es par BFMTV. L&rsquo;une d&rsquo;entre elles, \u00e2g\u00e9e d&rsquo;une cinquantaine d&rsquo;ann\u00e9es&nbsp;est morte, selon nos informations. Une [&hellip;]<\/p>\n","protected":false},"author":2,"featured_media":14234,"comment_status":"open","ping_status":"open","sticky":false,"template":"","format":"standard","meta":{"_jetpack_memberships_contains_paid_content":false,"footnotes":"","jetpack_publicize_message":"","jetpack_publicize_feature_enabled":true,"jetpack_social_post_already_shared":true,"jetpack_social_options":{"image_generator_settings":{"template":"highway","default_image_id":0,"font":"","enabled":false},"version":2},"_wpas_customize_per_network":false},"categories":[405],"tags":[],"class_list":["post-14233","post","type-post","status-publish","format-standard","has-post-thumbnail","hentry","category-actu-france-monde"],"jetpack_publicize_connections":[],"jetpack_featured_media_url":"https:\/\/i0.wp.com\/www.iceagetv.com\/radiosite\/wp-content\/uploads\/2020\/01\/Attaque-au-couteau-%C3%A0-Villejuif.jpg?fit=980%2C450&ssl=1","jetpack_sharing_enabled":true,"_links":{"self":[{"href":"https:\/\/www.iceagetv.com\/radiosite\/wp-json\/wp\/v2\/posts\/14233","targetHints":{"allow":["GET"]}}],"collection":[{"href":"https:\/\/www.iceagetv.com\/radiosite\/wp-json\/wp\/v2\/posts"}],"about":[{"href":"https:\/\/www.iceagetv.com\/radiosite\/wp-json\/wp\/v2\/types\/post"}],"author":[{"embeddable":true,"href":"https:\/\/www.iceagetv.com\/radiosite\/wp-json\/wp\/v2\/users\/2"}],"replies":[{"embeddable":true,"href":"https:\/\/www.iceagetv.com\/radiosite\/wp-json\/wp\/v2\/comments?post=14233"}],"version-history":[{"count":1,"href":"https:\/\/www.iceagetv.com\/radiosite\/wp-json\/wp\/v2\/posts\/14233\/revisions"}],"predecessor-version":[{"id":14235,"href":"https:\/\/www.iceagetv.com\/radiosite\/wp-json\/wp\/v2\/posts\/14233\/revisions\/14235"}],"wp:featuredmedia":[{"embeddable":true,"href":"https:\/\/www.iceagetv.com\/radiosite\/wp-json\/wp\/v2\/media\/14234"}],"wp:attachment":[{"href":"https:\/\/www.iceagetv.com\/radiosite\/wp-json\/wp\/v2\/media?parent=14233"}],"wp:term":[{"taxonomy":"category","embeddable":true,"href":"https:\/\/www.iceagetv.com\/radiosite\/wp-json\/wp\/v2\/categories?post=14233"},{"taxonomy":"post_tag","embeddable":true,"href":"https:\/\/www.iceagetv.com\/radiosite\/wp-json\/wp\/v2\/tags?post=14233"}],"curies":[{"name":"wp","href":"https:\/\/api.w.org\/{rel}","templated":true}]}}