{"id":14242,"date":"2020-01-04T10:58:14","date_gmt":"2020-01-04T10:58:14","guid":{"rendered":"http:\/\/www.iceagetv.com\/radiosite\/?p=14242"},"modified":"2020-01-04T10:58:14","modified_gmt":"2020-01-04T10:58:14","slug":"troubles-psychiatriques-conversion-recente-a-lislam-le-profil-de-lassaillant-de-villejuif","status":"publish","type":"post","link":"https:\/\/www.iceagetv.com\/radiosite\/troubles-psychiatriques-conversion-recente-a-lislam-le-profil-de-lassaillant-de-villejuif\/","title":{"rendered":"Troubles psychiatriques, conversion r\u00e9cente \u00e0 l&rsquo;islam: le profil de l&rsquo;assaillant de Villejuif"},"content":{"rendered":"\n<h2 class=\"wp-block-heading\">Vendredi, en d\u00e9but d&rsquo;apr\u00e8s-midi, un homme tuait une personne et en blessait deux autres dans un parc de Villejuif, dans le Val-de-Marne, avant d&rsquo;\u00eatre abattu par la police. Le profil de cet assaillant \u00e2g\u00e9 de 22 ans est de mieux en mieux connu.&nbsp;<\/h2>\n\n\n\n<p>L&rsquo;\u00e9quip\u00e9e meurtri\u00e8re s&rsquo;est d\u00e9roul\u00e9e dans le parc des Hautes-Bruy\u00e8res. Ce vendredi,&nbsp;<a href=\"https:\/\/www.bfmtv.com\/police-justice\/villejuif-ce-que-l-on-sait-de-l-attaque-au-couteau-qui-a-fait-un-mort-et-deux-blesses-1834561.html\"><strong>un individu a tu\u00e9<\/strong><\/a>&nbsp;un homme dans ce jardin public de Villejuif, dans le Val-de-Marne, et bless\u00e9 deux femmes, dont l&rsquo;\u00e9pouse de la premi\u00e8re victime. L&rsquo;assaillant s&rsquo;est ensuite dirig\u00e9 vers un centre commercial de L&rsquo;Ha\u00ff-les-Roses o\u00f9 il a \u00e9t\u00e9 abattu par la police.<\/p>\n\n\n\n<h3 class=\"wp-block-heading\">Un parcours psychiatrique marqu\u00e9 par plusieurs s\u00e9jours \u00e0 l&rsquo;h\u00f4pital<\/h3>\n\n\n\n<p>A ce stade, le parquet antiterroriste ne s&rsquo;est pas saisi d&rsquo;un dossier qui reste donc entre les mains de celui de Cr\u00e9teil. Le parcours de l&rsquo;assaillant, de mieux en mieux connu des enqu\u00eateurs,&nbsp;fait en effet appara\u00eetre un profil complexe. L&rsquo;homme, pr\u00e9nomm\u00e9 Nathan, est n\u00e9 en 1997 aux Lilas. Sans emploi connu, ni activit\u00e9 \u00e9tudiante, il vivait dans le 14e arrondissement de Paris. Ses voisins ont \u00e9voqu\u00e9 aupr\u00e8s de notre antenne une personne \u00ab\u00a0gentille mais agit\u00e9e\u00a0\u00bb et fragile psychologiquement.<\/p>\n\n\n\n<p>Ces troubles psychiatriques importants&nbsp;l&rsquo;ont conduit \u00e0 effectuer plusieurs s\u00e9jours \u00e0 l&rsquo;h\u00f4pital. Il \u00e9tait suivi actuellement par un centre m\u00e9dico-psychologique parisien. La piste du passage \u00e0 l&rsquo;acte d&rsquo;un d\u00e9s\u00e9quilibr\u00e9 sans mobile terroriste est pour le moment privil\u00e9gi\u00e9e par les enqu\u00eateurs.&nbsp;<\/p>\n\n\n\n<h3 class=\"wp-block-heading\">Converti \u00e0 l&rsquo;islam<\/h3>\n\n\n\n<p>Il s&rsquo;est par ailleurs&nbsp;converti \u00e0 l&rsquo;islam r\u00e9cemment. Dans son sac \u00e0 dos, retrouv\u00e9 apr\u00e8s son crime, une lettre testamentaire faisait r\u00e9f\u00e9rence \u00e0 la religion musulmane et jouxtait un Coran. Mais aucune trace de radicalit\u00e9 n&rsquo;a \u00e9t\u00e9 pour le moment relev\u00e9e dans son parcours durant les derniers temps ayant pr\u00e9c\u00e9d\u00e9 le drame.&nbsp;Il \u00e9tait en outre inconnu des services de renseignement et judiciaires. Il avait \u00e9t\u00e9 signal\u00e9 pour des jets de projectiles lors d&rsquo;une manifestation mais l&rsquo;affaire n&rsquo;\u00e9tait pas all\u00e9e plus loin.&nbsp;<\/p>\n\n\n\n<p>Tandis qu&rsquo;une source proche de l&rsquo;enqu\u00eate a gliss\u00e9 que l&rsquo;assaillant \u00e9tait issu d&rsquo;une famille \u00ab\u00a0tout \u00e0 fait normale\u00a0\u00bb, les enqu\u00eateurs continuent d&rsquo;\u00e9tudier l&rsquo;environnement de l&rsquo;assaillant.<\/p>\n","protected":false},"excerpt":{"rendered":"<p>Vendredi, en d\u00e9but d&rsquo;apr\u00e8s-midi, un homme tuait une personne et en blessait deux autres dans un parc de Villejuif, dans le Val-de-Marne, avant d&rsquo;\u00eatre abattu par la police. Le profil de cet assaillant \u00e2g\u00e9 de 22 ans est de mieux en mieux connu.&nbsp; L&rsquo;\u00e9quip\u00e9e meurtri\u00e8re s&rsquo;est d\u00e9roul\u00e9e dans le parc des Hautes-Bruy\u00e8res. Ce vendredi,&nbsp;un individu [&hellip;]<\/p>\n","protected":false},"author":2,"featured_media":14243,"comment_status":"open","ping_status":"open","sticky":false,"template":"","format":"standard","meta":{"_jetpack_memberships_contains_paid_content":false,"footnotes":"","jetpack_publicize_message":"","jetpack_publicize_feature_enabled":true,"jetpack_social_post_already_shared":true,"jetpack_social_options":{"image_generator_settings":{"template":"highway","default_image_id":0,"font":"","enabled":false},"version":2},"_wpas_customize_per_network":false},"categories":[405],"tags":[],"class_list":["post-14242","post","type-post","status-publish","format-standard","has-post-thumbnail","hentry","category-actu-france-monde"],"jetpack_publicize_connections":[],"jetpack_featured_media_url":"https:\/\/i0.wp.com\/www.iceagetv.com\/radiosite\/wp-content\/uploads\/2020\/01\/le-profil-de-lassaillant-de-Villejuif.jpg?fit=606%2C340&ssl=1","jetpack_sharing_enabled":true,"_links":{"self":[{"href":"https:\/\/www.iceagetv.com\/radiosite\/wp-json\/wp\/v2\/posts\/14242","targetHints":{"allow":["GET"]}}],"collection":[{"href":"https:\/\/www.iceagetv.com\/radiosite\/wp-json\/wp\/v2\/posts"}],"about":[{"href":"https:\/\/www.iceagetv.com\/radiosite\/wp-json\/wp\/v2\/types\/post"}],"author":[{"embeddable":true,"href":"https:\/\/www.iceagetv.com\/radiosite\/wp-json\/wp\/v2\/users\/2"}],"replies":[{"embeddable":true,"href":"https:\/\/www.iceagetv.com\/radiosite\/wp-json\/wp\/v2\/comments?post=14242"}],"version-history":[{"count":1,"href":"https:\/\/www.iceagetv.com\/radiosite\/wp-json\/wp\/v2\/posts\/14242\/revisions"}],"predecessor-version":[{"id":14244,"href":"https:\/\/www.iceagetv.com\/radiosite\/wp-json\/wp\/v2\/posts\/14242\/revisions\/14244"}],"wp:featuredmedia":[{"embeddable":true,"href":"https:\/\/www.iceagetv.com\/radiosite\/wp-json\/wp\/v2\/media\/14243"}],"wp:attachment":[{"href":"https:\/\/www.iceagetv.com\/radiosite\/wp-json\/wp\/v2\/media?parent=14242"}],"wp:term":[{"taxonomy":"category","embeddable":true,"href":"https:\/\/www.iceagetv.com\/radiosite\/wp-json\/wp\/v2\/categories?post=14242"},{"taxonomy":"post_tag","embeddable":true,"href":"https:\/\/www.iceagetv.com\/radiosite\/wp-json\/wp\/v2\/tags?post=14242"}],"curies":[{"name":"wp","href":"https:\/\/api.w.org\/{rel}","templated":true}]}}