{"id":14255,"date":"2020-01-05T09:05:53","date_gmt":"2020-01-05T09:05:53","guid":{"rendered":"http:\/\/www.iceagetv.com\/radiosite\/?p=14255"},"modified":"2020-01-05T09:05:53","modified_gmt":"2020-01-05T09:05:53","slug":"60-personnalites-dont-corinne-masiero-josiane-balasko-et-audrey-pulvar-demandent-le-retrait-de-la-reforme-des-retraites","status":"publish","type":"post","link":"https:\/\/www.iceagetv.com\/radiosite\/60-personnalites-dont-corinne-masiero-josiane-balasko-et-audrey-pulvar-demandent-le-retrait-de-la-reforme-des-retraites\/","title":{"rendered":"60 personnalit\u00e9s, dont Corinne Masiero, Josiane Balasko et Audrey Pulvar, demandent le retrait de la r\u00e9forme des retraites"},"content":{"rendered":"\n<p>Ce matin, \u00ab\u00a0Le Journal du Dimanche\u00a0\u00bb d\u00e9voile une&nbsp;<a href=\"https:\/\/www.lejdd.fr\/Politique\/tribune-une-soixantaine-de-personnalites-de-gauche-demandent-le-retrait-de-la-reforme-des-retraites-3941038#xtor=CS1-4\" target=\"_blank\" rel=\"noreferrer noopener\">tribune sign\u00e9e par une soixante de personnalit\u00e9s<\/a>. Ces derni\u00e8res viennent de lancer une&nbsp;<a href=\"https:\/\/lapetitionretraite.fr\/\" target=\"_blank\" rel=\"noreferrer noopener\">p\u00e9tition en ligne<\/a>&nbsp;afin de r\u00e9clamer le retrait de la r\u00e9forme des retraites, alors que la France vient d&rsquo;entamer son 32\u00e8me jour de gr\u00e8ve.<\/p>\n\n\n\n<p>Pour eux, \u00ab\u00a0ce projet n&rsquo;est pas acceptable, car il est porteur de r\u00e9gression des droits de chacune et chacun\u00a0\u00bb. Les personnalit\u00e9s demandent ainsi le retrait du projet \u00ab\u00a0afin que soient ouvertes sans d\u00e9lai de vraies n\u00e9gociations avec les organisations syndicale\u00a0\u00bb.<\/p>\n\n\n\n<p>Depuis le 5 d\u00e9cembre, des millions d&rsquo;hommes et de femmes se retrouvent dans les gr\u00e8ves, dont beaucoup en reconductible, et les manifestations \u00e0 l&rsquo;appel des organisations syndicales.&nbsp;Ils et elles rejettent la r\u00e9forme du syst\u00e8me de retraites que veulent leur imposer le pr\u00e9sident de la R\u00e9publique et son gouvernement.&nbsp;<\/p>\n\n\n\n<p>Ce projet n&rsquo;est pas acceptable, car il est porteur de r\u00e9gression des droits de chacune et chacun : toutes les hypoth\u00e9tiques avanc\u00e9es propos\u00e9es par le gouvernement devraient \u00eatre financ\u00e9es par des baisses de pensions ou par l&rsquo;allongement de la dur\u00e9e de la vie au travail.<br>D&rsquo;autres choix sont pourtant possibles.&nbsp;C&rsquo;est pourquoi nous demandons le retrait du projet pr\u00e9sent\u00e9 par le Premier ministre, afin que soient ouvertes sans d\u00e9lai de vraies n\u00e9gociations avec les organisations syndicales, pour un syst\u00e8me de retraites pleinement juste et solidaire, porteur de progr\u00e8s pour toutes et tous, sans allongement de la dur\u00e9e de la vie au travail\u00a0\u00bb.<\/p>\n\n\n\n<p>.<\/p>\n\n\n\n<p><strong>Voici la liste des premiers signataires<\/strong><\/p>\n\n\n\n<p>.<\/p>\n\n\n\n<p>Eliane ASSASSI, s\u00e9natrice, Parti communiste fran\u00e7ais<br>Cl\u00e9mentine AUTAIN, d\u00e9put\u00e9e<br>Guillaume BALAS, coordinateur, G\u00e9n\u00e9ration.S<br>Josiane BALASKO, com\u00e9dienne<br>Julien BAYOU, secr\u00e9taire national, Europe Ecologie-Les Verts<br>Ester BENBASSA, s\u00e9natrice, Europe Ecologie-Les Verts<br>Olivier BESANCENOT, porte-parole, Nouveau Parti anticapitaliste<br>Eric BEYNEL, porte-parole, Union syndicale Solidaires<br>Paul BOUFFARTIGUE, sociologue, CNRS<br>Pierre CAILLAUD-CROIZAT, petit-fils d&rsquo;Ambroise Croizat<br>Gilles CANDAR, historien<br>Damien CAREME, d\u00e9put\u00e9 europ\u00e9en, Europe Ecologie-Les Verts<br>Andr\u00e9 CHASSAIGNE, d\u00e9put\u00e9, Parti communiste fran\u00e7ais<br>Jean-Louis COMOLLI, cin\u00e9aste, \u00e9crivain<br>Eric COQUEREL, d\u00e9put\u00e9, La France insoumise<br>Alain COULOMBEL, porte-parole, Europe Ecologie-Les Verts<br>Laurence DE COCK, historienne<br>Anne DE HARO, Gauche d\u00e9mocratique et sociale<br>Eric FASSIN, sociologue<br>Olivier FAURE, premier secr\u00e9taire, Parti socialiste<br>Caroline FIAT, d\u00e9put\u00e9e, La France insoumise<br>G\u00e9rard FILOCHE, Gauche d\u00e9mocratique et sociale<br>Christakis GEORGIOU, chercheur, universit\u00e9 de Gen\u00e8ve<br>Ga\u00ebl GIRAUD, \u00e9conomiste<br>Rapha\u00ebl GLUCKSMANN, d\u00e9put\u00e9 europ\u00e9en, Place publique<br>C\u00e9cile GONDARD-LALANNE, porte-parole, Union syndicale Solidaires<br>Roland GORI, professeur honoraire des universit\u00e9s, psychanalyste, essayiste, pr\u00e9sident de l&rsquo;Appel des appels<br>R\u00e9gis JUANICO, d\u00e9put\u00e9, G\u00e9n\u00e9ration.S<br>Aurore LALUCQ, d\u00e9put\u00e9e europ\u00e9enne, Place publique<br>Jean-Luc LAURENT, ancien d\u00e9put\u00e9, Gauche r\u00e9publicaine socialiste<br>Fr\u00e9d\u00e9ric LEBARON, sociologue (Savoir\/Agir)<br>Marie-No\u00eblle LIENEMANN, s\u00e9natrice, Gauche r\u00e9publicaine et socialiste<br>Philippe MARTINEZ, secr\u00e9taire g\u00e9n\u00e9ral, Conf\u00e9d\u00e9ration g\u00e9n\u00e9rale du travail<br>Corinne MASIERO, actrice<br>Laurent MAUDUIT, cofondateur de Mediapart<br>Emmanuel MAUREL, d\u00e9put\u00e9 europ\u00e9en, Gauche r\u00e9publicaine et socialiste<br>Dominique MEDA, sociologue<br>Jean-Luc M\u00c9LENCHON, d\u00e9put\u00e9, La France insoumise<br>G\u00e9rard MEYLAN, com\u00e9dien<br>Claire MONOD, coordinatrice, G\u00e9n\u00e9ration.S<br>Chantal MONTELLIER, dessinatrice et \u00e9crivaine<br>G\u00e9rard MORDILLAT, \u00e9crivain<br>Jean NUMA-DUCANGE, historien<br>Roland PFEFFERKORN, professeur \u00e9m\u00e9rite de sociologie<br>Michel PIN\u00c7ON, sociologue, ancien directeur de recherche, CNRS<br>Monique PIN\u00c7ON-CHARLOT, sociologue, ancienne directrice de recherche, CNRS<br>Christine POUPIN, porte-parole, Nouveau Parti anticapitaliste<br>Philippe POUTOU, porte-parole, Nouveau Parti anticapitaliste<br>Audrey PULVAR, journaliste, responsable associative<br>Yvon QUINIOU, philosophe<br>Gilles RAVEAUD, \u00e9conomiste<br>Sandra REGOL, secr\u00e9taire nationale adjointe, Europe Ecologie-Les Verts<br>Fabien ROUSSEL, secr\u00e9taire national, Parti communiste fran\u00e7ais<br>Alain RUSCIO, historien<br>St\u00e9phane SAINT-ANDR\u00c9, pr\u00e9sident, Les Radicaux de gauche<br>Jean-Paul SCOT, historien<br>Sylvie SCOT, professeur d&rsquo;histoire retrait\u00e9e<br>St\u00e9phane SIROT, historien et sociologue<br>Fran\u00e7oise SIVIGNON, m\u00e9decin<br>Jo SPIEGEL, pr\u00e9sident, Place publique<br>Val\u00e8re STARAZELSKI, \u00e9crivain<br>Henri STERDYNIAK, \u00e9conomiste (Les Economistes atterr\u00e9s)<br>Sophie TAILL\u00c9-POLIAN, s\u00e9natrice, G\u00e9n\u00e9ration.S<br>Beno\u00eet TESTE, secr\u00e9taire g\u00e9n\u00e9ral, F\u00e9d\u00e9ration syndicale unitaire<br>Marie-Christine VERGIAT, responsable associative<\/p>\n\n\n\n<p><\/p>\n","protected":false},"excerpt":{"rendered":"<p>Ce matin, \u00ab\u00a0Le Journal du Dimanche\u00a0\u00bb d\u00e9voile une&nbsp;tribune sign\u00e9e par une soixante de personnalit\u00e9s. Ces derni\u00e8res viennent de lancer une&nbsp;p\u00e9tition en ligne&nbsp;afin de r\u00e9clamer le retrait de la r\u00e9forme des retraites, alors que la France vient d&rsquo;entamer son 32\u00e8me jour de gr\u00e8ve. Pour eux, \u00ab\u00a0ce projet n&rsquo;est pas acceptable, car il est porteur de r\u00e9gression [&hellip;]<\/p>\n","protected":false},"author":2,"featured_media":14256,"comment_status":"open","ping_status":"open","sticky":false,"template":"","format":"standard","meta":{"_jetpack_memberships_contains_paid_content":false,"footnotes":"","jetpack_publicize_message":"","jetpack_publicize_feature_enabled":true,"jetpack_social_post_already_shared":true,"jetpack_social_options":{"image_generator_settings":{"template":"highway","default_image_id":0,"font":"","enabled":false},"version":2},"_wpas_customize_per_network":false},"categories":[68],"tags":[],"class_list":["post-14255","post","type-post","status-publish","format-standard","has-post-thumbnail","hentry","category-actu-culturelle"],"jetpack_publicize_connections":[],"jetpack_featured_media_url":"https:\/\/i0.wp.com\/www.iceagetv.com\/radiosite\/wp-content\/uploads\/2020\/01\/60-personnalit%C3%A9s.jpg?fit=896%2C397&ssl=1","jetpack_sharing_enabled":true,"_links":{"self":[{"href":"https:\/\/www.iceagetv.com\/radiosite\/wp-json\/wp\/v2\/posts\/14255","targetHints":{"allow":["GET"]}}],"collection":[{"href":"https:\/\/www.iceagetv.com\/radiosite\/wp-json\/wp\/v2\/posts"}],"about":[{"href":"https:\/\/www.iceagetv.com\/radiosite\/wp-json\/wp\/v2\/types\/post"}],"author":[{"embeddable":true,"href":"https:\/\/www.iceagetv.com\/radiosite\/wp-json\/wp\/v2\/users\/2"}],"replies":[{"embeddable":true,"href":"https:\/\/www.iceagetv.com\/radiosite\/wp-json\/wp\/v2\/comments?post=14255"}],"version-history":[{"count":1,"href":"https:\/\/www.iceagetv.com\/radiosite\/wp-json\/wp\/v2\/posts\/14255\/revisions"}],"predecessor-version":[{"id":14257,"href":"https:\/\/www.iceagetv.com\/radiosite\/wp-json\/wp\/v2\/posts\/14255\/revisions\/14257"}],"wp:featuredmedia":[{"embeddable":true,"href":"https:\/\/www.iceagetv.com\/radiosite\/wp-json\/wp\/v2\/media\/14256"}],"wp:attachment":[{"href":"https:\/\/www.iceagetv.com\/radiosite\/wp-json\/wp\/v2\/media?parent=14255"}],"wp:term":[{"taxonomy":"category","embeddable":true,"href":"https:\/\/www.iceagetv.com\/radiosite\/wp-json\/wp\/v2\/categories?post=14255"},{"taxonomy":"post_tag","embeddable":true,"href":"https:\/\/www.iceagetv.com\/radiosite\/wp-json\/wp\/v2\/tags?post=14255"}],"curies":[{"name":"wp","href":"https:\/\/api.w.org\/{rel}","templated":true}]}}