{"id":14273,"date":"2020-01-07T19:04:43","date_gmt":"2020-01-07T19:04:43","guid":{"rendered":"http:\/\/www.iceagetv.com\/radiosite\/?p=14273"},"modified":"2020-01-07T19:04:43","modified_gmt":"2020-01-07T19:04:43","slug":"livreur-mort-apres-une-interpellation-a-paris-asphyxie-et-fracture-du-larynx-revele-lautopsie","status":"publish","type":"post","link":"https:\/\/www.iceagetv.com\/radiosite\/livreur-mort-apres-une-interpellation-a-paris-asphyxie-et-fracture-du-larynx-revele-lautopsie\/","title":{"rendered":"Livreur mort apr\u00e8s une interpellation \u00e0 Paris. Asphyxie et \u00ab fracture du larynx \u00bb, r\u00e9v\u00e8le l\u2019autopsie"},"content":{"rendered":"\n<p> C\u00e9dric Chouviat, le livreur en scooter mort, dimanche 5 janvier, apr\u00e8s un contr\u00f4le routier \u00e0 Paris, a \u00e9t\u00e9 victime d\u2019une asphyxie \u00ab avec fracture du larynx \u00bb, \u00e0 l\u2019origine d\u2019un malaise cardiaque lors de son arrestation, selon les premiers \u00e9l\u00e9ments de l\u2019autopsie communiqu\u00e9s mardi par le parquet de Paris. <\/p>\n\n\n\n<p>Qu\u2019est-il arriv\u00e9 \u00e0&nbsp;<a href=\"https:\/\/www.ouest-france.fr\/societe\/faits-divers\/paris-mort-d-un-homme-victime-d-un-malaise-cardiaque-apres-une-interpellation-l-igpn-saisie-6677673\">C\u00e9dric Chouviat, livreur mort dimanche 5 janvier 2020, \u00e0 Paris<\/a>&nbsp;?&nbsp;Les premiers \u00e9l\u00e9ments communiqu\u00e9s au parquet par les m\u00e9decins l\u00e9gistes&nbsp;font&nbsp;\u00e9tat d\u2019une manifestation asphyxique avec une fracture du larynx, affirme le parquet, qui note que les experts rel\u00e8vent aussi&nbsp;un \u00e9tat ant\u00e9rieur cardiovasculaire&nbsp;chez ce p\u00e8re de famille de 42 ans.<\/p>\n\n\n\n<p>D\u2019autres investigations m\u00e9dico-l\u00e9gales sont pr\u00e9vues, ajoute le procureur R\u00e9my Heitz, qui annonce avoir ouvert une information judiciaire pour&nbsp;homicide involontaire&nbsp;afin de faire la lumi\u00e8re sur cette interpellation, survenue vendredi aux abords de la Tour Eiffel.<\/p>\n\n\n\n<p>Transport\u00e9 dans un \u00e9tat critique \u00e0 l\u2019h\u00f4pital, C\u00e9dric Chouviat \u00e9tait mort dimanche \u00e0 3 h 30 du matin, selon le parquet.<\/p>\n\n\n\n<h2 class=\"wp-block-heading\">Les avocats de la famille d\u00e9noncent une \u00ab bavure polici\u00e8re \u00bb<\/h2>\n\n\n\n<p>L\u2019autopsie confirme ce que la famille et leurs avocats disent depuis samedi, c\u2019est-\u00e0-dire une asphyxie, a r\u00e9agi Me Ari\u00e9 Alimi.&nbsp;On d\u00e9couvre en plus une fracture qui est probablement due \u00e0 une strangulation [\u2026] c\u2019est une mort atroce et extr\u00eamement violente, a-t-il ajout\u00e9.<\/p>\n\n\n\n<p>Lors d\u2019une conf\u00e9rence de presse mardi matin,&nbsp;<a href=\"https:\/\/www.ouest-france.fr\/societe\/faits-divers\/livreur-mort-apres-une-interpellation-paris-une-bavure-policiere-denoncent-les-avocats-6679853\">les avocats de la famille ont d\u00e9nonc\u00e9 une&nbsp;<\/a>&nbsp;<a href=\"https:\/\/www.ouest-france.fr\/societe\/faits-divers\/livreur-mort-apres-une-interpellation-paris-une-bavure-policiere-denoncent-les-avocats-6679853\">\u00ab bavure polici\u00e8re \u00bb<\/a>&nbsp;&nbsp;et diffus\u00e9e des vid\u00e9os recueillies apr\u00e8s un appel \u00e0 t\u00e9moignages.<\/p>\n\n\n\n<p>Les images montrent C\u00e9dric Chouviat, casque sur la t\u00eate et tournant nerveusement autour des policiers en les filmant. Il appara\u00eet ensuite \u00e0 plat ventre, toujours casqu\u00e9, se d\u00e9battant sous le poids de trois policiers, puis inerte.<\/p>\n\n\n\n<p>Les vid\u00e9os ne montrent pas sa chute mais&nbsp;deux t\u00e9moins indiquent qu\u2019il a subi une cl\u00e9 d\u2019\u00e9tranglement, avait d\u00e9clar\u00e9 Me Alimi.<\/p>\n\n\n\n<h2 class=\"wp-block-heading\">Demande de requalification<\/h2>\n\n\n\n<p>Nous regrettons la qualification juridique retenue par le parquet, qui est un euph\u00e9misme de la r\u00e9alit\u00e9, a critiqu\u00e9 l\u2019avocat. Il r\u00e9clame que l\u2019enqu\u00eate soit requalifi\u00e9e, conform\u00e9ment \u00e0 la plainte de la famille, en&nbsp;violences volontaires ayant entra\u00een\u00e9 la mort, une infraction criminelle qui rel\u00e8ve des assises.<\/p>\n\n\n\n<p>Il est encore malheureux que le parquet fasse \u00e9tat dans des termes peu compr\u00e9hensibles d\u2019un \u00e9tat cardiovasculaire ant\u00e9rieure, s\u2019agissant d\u2019une hypertension qui n\u2019a aucun lien avec les causes de la mort, afin de cr\u00e9er une forme de doute dans l\u2019esprit du public, a-t-il d\u00e9nonc\u00e9.<\/p>\n\n\n\n<p>Nous regrettons les fausses informations diffus\u00e9es par la pr\u00e9fecture dans un premier temps et la famille demande des excuses au pr\u00e9fet de police de Paris, a-t-il conclu.<\/p>\n\n\n\n<h2 class=\"wp-block-heading\">Le pr\u00e9fet de police r\u00e9agit<\/h2>\n\n\n\n<p>Dans un communiqu\u00e9, le pr\u00e9fet de police de Paris Didier Lallement dit avoir&nbsp;pris connaissance des graves accusations port\u00e9es par la une de certains m\u00e9dias.&nbsp;Seule l\u2019autorit\u00e9 judiciaire est en mesure d\u2019\u00e9tablir les circonstances exactes de ce drame et les \u00e9ventuelles responsabilit\u00e9s qui en d\u00e9couleraient, estime le pr\u00e9fet.<\/p>\n\n\n\n<p>En attendant le r\u00e9sultat de ces investigations, le pr\u00e9fet de police rappelle que la pr\u00e9somption d\u2019innocence est une garantie d\u00e9mocratique qui vaut pour tous, y compris les policiers, conclut-il.<\/p>\n\n\n\n<h2 class=\"wp-block-heading\">Christophe Castaner attend des r\u00e9ponses<\/h2>\n\n\n\n<p>Les premi\u00e8res indications livr\u00e9es par le parquet de Paris sur les r\u00e9sultats de l\u2019autopsie du livreur mort apr\u00e8s une interpellation,&nbsp;soul\u00e8vent des questions l\u00e9gitimes, auxquelles des r\u00e9ponses devront \u00eatre apport\u00e9es en toute transparence, a indiqu\u00e9 le ministre de l\u2019Int\u00e9rieur Christophe Castaner.<\/p>\n\n\n\n<p>Le ministre de l\u2019Int\u00e9rieur et le secr\u00e9taire d\u2019\u00c9tat (Laurent Nu\u00f1ez) font toute confiance \u00e0 la justice et aux enqu\u00eateurs pour faire la lumi\u00e8re sur les circonstances exactes du d\u00e9c\u00e8s, \u00e9tablir les faits et les responsabilit\u00e9s, a ajout\u00e9 Christophe Castaner.&nbsp;Face \u00e0 cette \u00e9preuve, le ministre de l\u2019Int\u00e9rieur et le secr\u00e9taire d\u2019\u00c9tat adressent toutes leurs condol\u00e9ances \u00e0 la famille et aux proches de la victime.<\/p>\n\n\n\n<p><\/p>\n","protected":false},"excerpt":{"rendered":"<p>C\u00e9dric Chouviat, le livreur en scooter mort, dimanche 5 janvier, apr\u00e8s un contr\u00f4le routier \u00e0 Paris, a \u00e9t\u00e9 victime d\u2019une asphyxie \u00ab avec fracture du larynx \u00bb, \u00e0 l\u2019origine d\u2019un malaise cardiaque lors de son arrestation, selon les premiers \u00e9l\u00e9ments de l\u2019autopsie communiqu\u00e9s mardi par le parquet de Paris. Qu\u2019est-il arriv\u00e9 \u00e0&nbsp;C\u00e9dric Chouviat, livreur mort [&hellip;]<\/p>\n","protected":false},"author":2,"featured_media":14274,"comment_status":"open","ping_status":"open","sticky":false,"template":"","format":"standard","meta":{"_jetpack_memberships_contains_paid_content":false,"footnotes":"","jetpack_publicize_message":"","jetpack_publicize_feature_enabled":true,"jetpack_social_post_already_shared":true,"jetpack_social_options":{"image_generator_settings":{"template":"highway","default_image_id":0,"font":"","enabled":false},"version":2},"_wpas_customize_per_network":false},"categories":[405],"tags":[],"class_list":["post-14273","post","type-post","status-publish","format-standard","has-post-thumbnail","hentry","category-actu-france-monde"],"jetpack_publicize_connections":[],"jetpack_featured_media_url":"https:\/\/i0.wp.com\/www.iceagetv.com\/radiosite\/wp-content\/uploads\/2020\/01\/Livreur-mort-apr%C3%A8s-une-interpellation-%C3%A0-Paris.jpg?fit=1258%2C460&ssl=1","jetpack_sharing_enabled":true,"_links":{"self":[{"href":"https:\/\/www.iceagetv.com\/radiosite\/wp-json\/wp\/v2\/posts\/14273","targetHints":{"allow":["GET"]}}],"collection":[{"href":"https:\/\/www.iceagetv.com\/radiosite\/wp-json\/wp\/v2\/posts"}],"about":[{"href":"https:\/\/www.iceagetv.com\/radiosite\/wp-json\/wp\/v2\/types\/post"}],"author":[{"embeddable":true,"href":"https:\/\/www.iceagetv.com\/radiosite\/wp-json\/wp\/v2\/users\/2"}],"replies":[{"embeddable":true,"href":"https:\/\/www.iceagetv.com\/radiosite\/wp-json\/wp\/v2\/comments?post=14273"}],"version-history":[{"count":1,"href":"https:\/\/www.iceagetv.com\/radiosite\/wp-json\/wp\/v2\/posts\/14273\/revisions"}],"predecessor-version":[{"id":14275,"href":"https:\/\/www.iceagetv.com\/radiosite\/wp-json\/wp\/v2\/posts\/14273\/revisions\/14275"}],"wp:featuredmedia":[{"embeddable":true,"href":"https:\/\/www.iceagetv.com\/radiosite\/wp-json\/wp\/v2\/media\/14274"}],"wp:attachment":[{"href":"https:\/\/www.iceagetv.com\/radiosite\/wp-json\/wp\/v2\/media?parent=14273"}],"wp:term":[{"taxonomy":"category","embeddable":true,"href":"https:\/\/www.iceagetv.com\/radiosite\/wp-json\/wp\/v2\/categories?post=14273"},{"taxonomy":"post_tag","embeddable":true,"href":"https:\/\/www.iceagetv.com\/radiosite\/wp-json\/wp\/v2\/tags?post=14273"}],"curies":[{"name":"wp","href":"https:\/\/api.w.org\/{rel}","templated":true}]}}