{"id":14280,"date":"2020-01-07T19:09:29","date_gmt":"2020-01-07T19:09:29","guid":{"rendered":"http:\/\/www.iceagetv.com\/radiosite\/?p=14280"},"modified":"2020-01-07T19:09:29","modified_gmt":"2020-01-07T19:09:29","slug":"greve-dans-les-transports-le-trafic-restera-perturbe-a-la-sncf-et-a-la-ratp-mercredi-8-janvier","status":"publish","type":"post","link":"https:\/\/www.iceagetv.com\/radiosite\/greve-dans-les-transports-le-trafic-restera-perturbe-a-la-sncf-et-a-la-ratp-mercredi-8-janvier\/","title":{"rendered":"Gr\u00e8ve dans les transports : le trafic restera perturb\u00e9 \u00e0 la SNCF et \u00e0 la RATP mercredi 8 janvier"},"content":{"rendered":"\n<p>Alors que la gr\u00e8ve illimit\u00e9e contre le projet de r\u00e9forme des retraites entrera dans son trente-cinqui\u00e8me jour, mercredi&nbsp;8&nbsp;janvier, la situation restera stable dans les transports franciliens avec un trafic toujours&nbsp;<em>\u00ab&nbsp;tr\u00e8s perturb\u00e9&nbsp;\u00bb<\/em>.<\/p>\n\n\n\n<ul class=\"wp-block-list\"><li>A la SNCF, la situation toujours en am\u00e9lioration<\/li><\/ul>\n\n\n\n<p>Mercredi, la Soci\u00e9t\u00e9 nationale des chemins de fer fran\u00e7ais (SNCF) pr\u00e9voit 6\u00a0TER sur\u00a010 et 1\u00a0Transilien sur\u00a02 en Ile-de-France, un trafic\u00a0<em>\u00ab\u00a0normal ou quasi normal sur pratiquement toutes les grandes destinations depuis Paris\u00a0\u00bb<\/em>\u00a0avec 3\u00a0TGV sur\u00a04 en moyenne, mais seulement 1\u00a0Intercit\u00e9s sur 3. Le trafic international restera perturb\u00e9 avec en moyenne 1 train sur 2 pour la Suisse, l\u2019Allemagne et l\u2019Espagne. Neuf Eurostar sur 10 et 4\u00a0Thalys sur\u00a05 sont cependant pr\u00e9vus.<\/p>\n\n\n\n<p>Le taux de gr\u00e9vistes mesur\u00e9 par la compagnie ferroviaire s\u2019\u00e9tablissait \u00e0 6,6&nbsp;% mardi 7&nbsp;janvier&nbsp;; 35,3&nbsp;% des conducteurs, 19,9&nbsp;% des contr\u00f4leurs et 11,4&nbsp;% des aiguilleurs \u00e9taient en gr\u00e8ve d\u2019apr\u00e8s la compagnie ferroviaire.<\/p>\n\n\n\n<h2 class=\"wp-block-heading\"><strong>Le taux de gr\u00e9vistes \u00e0 la SNCF se stabilise en janvier<\/strong><\/h2>\n\n\n\n<p>Evolution du taux de gr\u00e9vistes chez les cheminots et parmi les personnels indispensables \u00e0 la circulation des trains (conducteurs, contr\u00f4leurs et aiguilleurs), depuis le premier jour de gr\u00e8ve le 5 d\u00e9cembre. <\/p>\n\n\n\n<ul class=\"wp-block-list\"><li>A la RATP, le trafic est toujours \u00ab&nbsp;tr\u00e8s perturb\u00e9&nbsp;\u00bb<\/li><\/ul>\n\n\n\n<p>La r\u00e9gie autonome des transports parisiens (RATP) annonce que l\u2019ensemble de ses lignes de m\u00e9tro seront ouvertes, mais parfois tr\u00e8s partiellement, mercredi. Seules les lignes&nbsp;1 et&nbsp;14, automatiques, circuleront normalement. Pour les autres, le trafic sera r\u00e9duit et ne fonctionnera qu\u2019en horaires restreints. Le RER&nbsp;A circulera de 5&nbsp;heures \u00e0 20&nbsp;h&nbsp;30, le RER&nbsp;B de 5&nbsp;h&nbsp;30 \u00e0 21&nbsp;heures avec des fr\u00e9quences fortement r\u00e9duites. Les tramways seront toujours peu touch\u00e9s par le mouvement et 2&nbsp;bus sur&nbsp;3 circuleront en moyenne.<\/p>\n\n\n\n<p><\/p>\n\n\n\n<p><\/p>\n","protected":false},"excerpt":{"rendered":"<p>Alors que la gr\u00e8ve illimit\u00e9e contre le projet de r\u00e9forme des retraites entrera dans son trente-cinqui\u00e8me jour, mercredi&nbsp;8&nbsp;janvier, la situation restera stable dans les transports franciliens avec un trafic toujours&nbsp;\u00ab&nbsp;tr\u00e8s perturb\u00e9&nbsp;\u00bb. A la SNCF, la situation toujours en am\u00e9lioration Mercredi, la Soci\u00e9t\u00e9 nationale des chemins de fer fran\u00e7ais (SNCF) pr\u00e9voit 6\u00a0TER sur\u00a010 et 1\u00a0Transilien sur\u00a02 [&hellip;]<\/p>\n","protected":false},"author":2,"featured_media":14281,"comment_status":"open","ping_status":"open","sticky":false,"template":"","format":"standard","meta":{"_jetpack_memberships_contains_paid_content":false,"footnotes":"","jetpack_publicize_message":"","jetpack_publicize_feature_enabled":true,"jetpack_social_post_already_shared":true,"jetpack_social_options":{"image_generator_settings":{"template":"highway","default_image_id":0,"font":"","enabled":false},"version":2},"_wpas_customize_per_network":false},"categories":[405],"tags":[],"class_list":["post-14280","post","type-post","status-publish","format-standard","has-post-thumbnail","hentry","category-actu-france-monde"],"jetpack_publicize_connections":[],"jetpack_featured_media_url":"https:\/\/i0.wp.com\/www.iceagetv.com\/radiosite\/wp-content\/uploads\/2020\/01\/le-trafic-restera-perturb%C3%A9-%C3%A0-la-SNCF-et-%C3%A0-la-RATP-mercredi-8-janvier.jpg?fit=575%2C344&ssl=1","jetpack_sharing_enabled":true,"_links":{"self":[{"href":"https:\/\/www.iceagetv.com\/radiosite\/wp-json\/wp\/v2\/posts\/14280","targetHints":{"allow":["GET"]}}],"collection":[{"href":"https:\/\/www.iceagetv.com\/radiosite\/wp-json\/wp\/v2\/posts"}],"about":[{"href":"https:\/\/www.iceagetv.com\/radiosite\/wp-json\/wp\/v2\/types\/post"}],"author":[{"embeddable":true,"href":"https:\/\/www.iceagetv.com\/radiosite\/wp-json\/wp\/v2\/users\/2"}],"replies":[{"embeddable":true,"href":"https:\/\/www.iceagetv.com\/radiosite\/wp-json\/wp\/v2\/comments?post=14280"}],"version-history":[{"count":1,"href":"https:\/\/www.iceagetv.com\/radiosite\/wp-json\/wp\/v2\/posts\/14280\/revisions"}],"predecessor-version":[{"id":14282,"href":"https:\/\/www.iceagetv.com\/radiosite\/wp-json\/wp\/v2\/posts\/14280\/revisions\/14282"}],"wp:featuredmedia":[{"embeddable":true,"href":"https:\/\/www.iceagetv.com\/radiosite\/wp-json\/wp\/v2\/media\/14281"}],"wp:attachment":[{"href":"https:\/\/www.iceagetv.com\/radiosite\/wp-json\/wp\/v2\/media?parent=14280"}],"wp:term":[{"taxonomy":"category","embeddable":true,"href":"https:\/\/www.iceagetv.com\/radiosite\/wp-json\/wp\/v2\/categories?post=14280"},{"taxonomy":"post_tag","embeddable":true,"href":"https:\/\/www.iceagetv.com\/radiosite\/wp-json\/wp\/v2\/tags?post=14280"}],"curies":[{"name":"wp","href":"https:\/\/api.w.org\/{rel}","templated":true}]}}