{"id":14286,"date":"2020-01-08T08:06:50","date_gmt":"2020-01-08T08:06:50","guid":{"rendered":"http:\/\/www.iceagetv.com\/radiosite\/?p=14286"},"modified":"2020-01-08T08:06:50","modified_gmt":"2020-01-08T08:06:50","slug":"ce-que-lon-sait-de-lattaque-iranienne-contre-deux-bases-abritant-des-soldats-americains-en-irak","status":"publish","type":"post","link":"https:\/\/www.iceagetv.com\/radiosite\/ce-que-lon-sait-de-lattaque-iranienne-contre-deux-bases-abritant-des-soldats-americains-en-irak\/","title":{"rendered":"Ce que l&rsquo;on sait de l&rsquo;attaque iranienne contre deux bases abritant des soldats am\u00e9ricains en Irak"},"content":{"rendered":"\n<p> T\u00e9h\u00e9ran riposte. Cinq jours apr\u00e8s\u00a0<a rel=\"noreferrer noopener\" href=\"https:\/\/www.francetvinfo.fr\/monde\/iran\/mort-de-qassem-soleimani\/\" target=\"_blank\">l&rsquo;assassinat du g\u00e9n\u00e9ral Qassem Soleimani<\/a>\u00a0par les Etats-Unis, l&rsquo;Iran a r\u00e9pliqu\u00e9, dans la nuit du mardi 7 au mercredi 8 janvier, en tirant des missiles contre deux bases abritant des soldats am\u00e9ricains en Irak.\u00a0 <\/p>\n\n\n\n<p>Ces raids font redouter une escalade r\u00e9gionale ou un conflit ouvert, m\u00eame si les dirigeants am\u00e9ricains et iraniens ont rapidement sembl\u00e9 vouloir calmer le jeu. Franceinfo r\u00e9capitule ce que l&rsquo;on sait pour l&rsquo;heure sur ces frappes.<\/p>\n\n\n\n<h2 class=\"wp-block-heading\">Que s&rsquo;est-il pass\u00e9 ?<\/h2>\n\n\n\n<p>Le Pentagone a&nbsp;annonc\u00e9 que plus d&rsquo;une douzaine de missiles avaient \u00e9t\u00e9 lanc\u00e9s \u00e0 1h30 (23 heures mardi, heure de Paris) depuis l&rsquo;Iran contre les bases d&rsquo;Al Assad et d&rsquo;Erbil, en Irak. Le commandement&nbsp;militaire irakien fait, de son c\u00f4t\u00e9, \u00e9tat de&nbsp;vingt-deux de missiles tir\u00e9s sur son sol,&nbsp;sans faire de&nbsp;<em>\u00ab\u00a0victime parmi les forces irakiennes\u00a0\u00bb<\/em>.&nbsp;<em>\u00ab\u00a0Entre 1h45 et 2h15 (23h45 et 0h15 en France), l&rsquo;Irak a \u00e9t\u00e9 bombard\u00e9 par 22 missiles \u2013 dix-sept sur la base a\u00e9rienne d&rsquo;A\u00efn al-Assad (&#8230;) et cinq sur la ville d&rsquo;Erbil \u2013 qui ont tous touch\u00e9 des installations de la coalition\u00a0\u00bb<\/em>&nbsp;antijihadistes men\u00e9e par les Etats-Unis.<\/p>\n\n\n\n<p>Le site internet iranien Mashregh, proche des Gardiens de la R\u00e9volution, a indiqu\u00e9 de son c\u00f4t\u00e9 que plus d&rsquo;une trentaine de missiles\u00a0avaient\u00a0vis\u00e9 la base d&rsquo;Al-Assad.\u00a0Les m\u00e9dias publics iraniens ont, dans la foul\u00e9e, diffus\u00e9\u00a0<a rel=\"noreferrer noopener\" href=\"https:\/\/www.youtube.com\/watch?v=b7uW2_Hs3vg\" target=\"_blank\">des images de l&rsquo;op\u00e9ration<\/a>\u00a0baptis\u00e9e\u00a0<em>\u00ab\u00a0martyr Soleimani\u00a0\u00bb<\/em>, du nom\u00a0du g\u00e9n\u00e9ral tu\u00e9 vendredi dans une frappe am\u00e9ricaine. On y aper\u00e7oit un lancement de missiles pr\u00e9sent\u00e9s comme \u00e9tant ceux visant les int\u00e9r\u00eats am\u00e9ricains en Irak.<\/p>\n\n\n\n<h2 class=\"wp-block-heading\">Quel est le bilan&nbsp;?<\/h2>\n\n\n\n<p>Il est pour l&rsquo;instant incertain.\u00a0Le pr\u00e9sident am\u00e9ricain, Donald Trump, a d\u00e9clar\u00e9 qu&rsquo;une estimation du nombre de victimes potentielles et des d\u00e9g\u00e2ts \u00e9tait en cours. Egalement pr\u00e9sents en Irak, le Canada et le Royaume-Uni ont indiqu\u00e9 ne pas avoir subi de pertes lors de ces frappes.<\/p>\n\n\n\n<p>Environ 6&nbsp;000 soldats am\u00e9ricains \u00e9taient d\u00e9ploy\u00e9s dans diff\u00e9rentes bases en Irak en d\u00e9cembre,&nbsp;indique&nbsp;le&nbsp;<em><a href=\"https:\/\/www.nytimes.com\/2020\/01\/07\/world\/middleeast\/iraq-al-asad-erbil-us-air-base.html\" target=\"_blank\" rel=\"noreferrer noopener\">New York Times<\/a><\/em>, qui rappelle que Washington y avait envoy\u00e9 jusqu&rsquo;\u00e0 150&nbsp;000&nbsp;militaires simultan\u00e9ment au plus fort de l&rsquo;op\u00e9ration&nbsp;<em>Iraqi Freedom&nbsp;<\/em>(<em>\u00ab\u00a0Libert\u00e9 irakienne\u00a0\u00bb<\/em>), entre 2003 et 2011.<\/p>\n\n\n\n<h2 class=\"wp-block-heading\">Quelle est l&rsquo;importance des deux bases&nbsp;cibl\u00e9es&nbsp;?<\/h2>\n\n\n\n<p>Construite dans les ann\u00e9es 1980 pour les forces irakiennes, la base a\u00e9rienne d&rsquo;Al-Assad est devenue \u00e0 partir de 2003 l&rsquo;une des principales installations des troupes am\u00e9ricaines dans le pays,&nbsp;<a href=\"https:\/\/www.bbc.com\/news\/world-middle-east-51029675\" target=\"_blank\" rel=\"noreferrer noopener\">rapporte la BBC<\/a>&nbsp;<em>(article en anglais).&nbsp;<\/em>Les&nbsp;Am\u00e9ricains s&rsquo;y sont d\u00e9sengag\u00e9s&nbsp;\u00e0 partir de 2009, avant d&rsquo;y revenir en 2014 pour&nbsp;faire de cette installation l&rsquo;une&nbsp;des principales bases dans la lutte contre l&rsquo;organisation Etat islamique.&nbsp;<\/p>\n\n\n\n<p>Environ&nbsp;cinq cents militaires et civils am\u00e9ricains \u00e9taient stationn\u00e9s \u00e0 Al-Assad en 2017, pr\u00e9cise le&nbsp;<a href=\"https:\/\/www.nytimes.com\/2020\/01\/07\/world\/middleeast\/soleimani-funeral.html\" target=\"_blank\" rel=\"noreferrer noopener\"><em>New York<\/em>&nbsp;<\/a><em><a href=\"https:\/\/www.nytimes.com\/2020\/01\/07\/world\/middleeast\/soleimani-funeral.html\" target=\"_blank\" rel=\"noreferrer noopener\">Times<\/a>&nbsp;(article en anglais)<\/em>, qui ajoute que l&rsquo;a\u00e9rodrome \u00e9tait \u00e9quip\u00e9 de drones et d&rsquo;avions de reconnaissance. Donald Trump lui-m\u00eame&nbsp;<a href=\"https:\/\/www.francetvinfo.fr\/monde\/usa\/presidentielle\/donald-trump\/donald-trump-fait-une-visite-surprise-aux-troupes-americaines-en-irak_3117817.html\" target=\"_blank\" rel=\"noreferrer noopener\">s&rsquo;\u00e9tait rendu sur place<\/a>&nbsp;\u00e0 l&rsquo;occasion d&rsquo;une visite surprise organis\u00e9e fin d\u00e9cembre 2018. La pr\u00e9sence militaire am\u00e9ricaine y \u00e9tait moindre depuis la d\u00e9faite militaire de Daech en 2019, mais restait tout de m\u00eame&nbsp;<em>\u00ab\u00a0robuste\u00a0\u00bb<\/em>, pr\u00e9cise le quotidien.<\/p>\n\n\n\n<p>Situ\u00e9e \u00e0 Erbil, dans le nord de l&rsquo;Irak, la deuxi\u00e8me&nbsp;base vis\u00e9e par T\u00e9h\u00e9ran&nbsp;a \u00e9t\u00e9 un centre d&rsquo;op\u00e9rations sp\u00e9ciales pour des centaines de soldats am\u00e9ricains tout au long du conflit contre l&rsquo;organisation Etat islamique. Dans&nbsp;<a href=\"https:\/\/www.usar.army.mil\/News\/News-Display\/Article\/1962914\/after-15-years-miami-soldier-returns-for-new-iraq-mission\/\" target=\"_blank\" rel=\"noreferrer noopener\">un article publi\u00e9 en septembre sur son site officiel<\/a>,&nbsp;l&rsquo;arm\u00e9e am\u00e9ricaine indiquait que l&rsquo;installation abritait&nbsp;<em>\u00ab\u00a0plus de 3&nbsp;600&nbsp;militaires et civils originaires de&nbsp;treize pays diff\u00e9rents\u00a0\u00bb<\/em>. C&rsquo;est&nbsp;de cette base qu&rsquo;a d\u00e9but\u00e9 en octobre dernier l&rsquo;op\u00e9ration qui a conduit \u00e0 la mort d&rsquo;Abou Bakr al-Baghdadi, chef de l&rsquo;organisation terroriste, pr\u00e9cise le&nbsp;<a href=\"https:\/\/www.nytimes.com\/2020\/01\/07\/world\/middleeast\/iraq-al-asad-erbil-us-air-base.html\" target=\"_blank\" rel=\"noreferrer noopener\"><em>New York Times<\/em><\/a>.<\/p>\n\n\n\n<h2 class=\"wp-block-heading\">Comment&nbsp;s&rsquo;est justifi\u00e9 l&rsquo;Iran ?<\/h2>\n\n\n\n<p>Dans un message publi\u00e9 sur Twitter, le ministre des Affaires \u00e9trang\u00e8res iranien, Mohammad Javad Zarif, a affirm\u00e9 que son pays avait men\u00e9 et\u00a0<em>\u00ab\u00a0termin\u00e9\u00a0\u00bb<\/em>\u00a0dans la nuit des repr\u00e9sailles\u00a0<em>\u00ab\u00a0proportionn\u00e9es\u00a0\u00bb\u00a0<\/em>apr\u00e8sl&rsquo;\u00e9limination par les Etats-Unis du g\u00e9n\u00e9ral Qassem Soleimani.\u00a0<em>\u00ab\u00a0Nous ne cherchons pas l&rsquo;escalade ou la guerre\u00a0\u00bb<\/em>, a-t-il insist\u00e9.<\/p>\n\n\n\n<p>Les Gardiens de la R\u00e9volution iraniens, arm\u00e9e id\u00e9ologique de la R\u00e9publique islamique, ont de leur c\u00f4t\u00e9 conseill\u00e9 \u00e0 Washington de rappeler les troupes d\u00e9ploy\u00e9es dans la r\u00e9gion&nbsp;<em>\u00ab\u00a0afin d&rsquo;\u00e9viter de nouvelles pertes\u00a0\u00bb<\/em>, et menac\u00e9 de frapper Isra\u00ebl ainsi que&nbsp;<em>\u00ab\u00a0les gouvernements alli\u00e9s\u00a0\u00bb<\/em>&nbsp;de l&rsquo;Am\u00e9rique.<\/p>\n\n\n\n<h2 class=\"wp-block-heading\">Comment ont r\u00e9agi les&nbsp;Etats-Unis ?<\/h2>\n\n\n\n<p><em>\u00ab\u00a0Tout va bien&nbsp;!\u00a0\u00bb<\/em>&nbsp;Dans un tweet au ton particuli\u00e8rement l\u00e9ger, Donald Trump a indiqu\u00e9 qu&rsquo;il ferait une d\u00e9claration mercredi matin et laiss\u00e9 entendre que le bilan n&rsquo;\u00e9tait pas tr\u00e8s lourd.&nbsp;<em>\u00ab\u00a0L&rsquo;\u00e9valuation des d\u00e9g\u00e2ts et des victimes est en cours. Jusqu&rsquo;ici, tout va bien&nbsp;!\u00a0\u00bb<\/em>, a-t-il lanc\u00e9<\/p>\n\n\n\n<p><\/p>\n\n\n\n<p><\/p>\n\n\n\n<p><\/p>\n\n\n\n<p><\/p>\n","protected":false},"excerpt":{"rendered":"<p>T\u00e9h\u00e9ran riposte. Cinq jours apr\u00e8s\u00a0l&rsquo;assassinat du g\u00e9n\u00e9ral Qassem Soleimani\u00a0par les Etats-Unis, l&rsquo;Iran a r\u00e9pliqu\u00e9, dans la nuit du mardi 7 au mercredi 8 janvier, en tirant des missiles contre deux bases abritant des soldats am\u00e9ricains en Irak.\u00a0 Ces raids font redouter une escalade r\u00e9gionale ou un conflit ouvert, m\u00eame si les dirigeants am\u00e9ricains et iraniens [&hellip;]<\/p>\n","protected":false},"author":2,"featured_media":14287,"comment_status":"open","ping_status":"open","sticky":false,"template":"","format":"standard","meta":{"_jetpack_memberships_contains_paid_content":false,"footnotes":"","jetpack_publicize_message":"","jetpack_publicize_feature_enabled":true,"jetpack_social_post_already_shared":true,"jetpack_social_options":{"image_generator_settings":{"template":"highway","default_image_id":0,"font":"","enabled":false},"version":2},"_wpas_customize_per_network":false},"categories":[405],"tags":[],"class_list":["post-14286","post","type-post","status-publish","format-standard","has-post-thumbnail","hentry","category-actu-france-monde"],"jetpack_publicize_connections":[],"jetpack_featured_media_url":"https:\/\/i0.wp.com\/www.iceagetv.com\/radiosite\/wp-content\/uploads\/2020\/01\/Ce-que-lon-sait-de-lattaque-iranienne-contre-deux-bases-abritant-des-soldats-am%C3%A9ricains-en-Irak.jpg?fit=1197%2C450&ssl=1","jetpack_sharing_enabled":true,"_links":{"self":[{"href":"https:\/\/www.iceagetv.com\/radiosite\/wp-json\/wp\/v2\/posts\/14286","targetHints":{"allow":["GET"]}}],"collection":[{"href":"https:\/\/www.iceagetv.com\/radiosite\/wp-json\/wp\/v2\/posts"}],"about":[{"href":"https:\/\/www.iceagetv.com\/radiosite\/wp-json\/wp\/v2\/types\/post"}],"author":[{"embeddable":true,"href":"https:\/\/www.iceagetv.com\/radiosite\/wp-json\/wp\/v2\/users\/2"}],"replies":[{"embeddable":true,"href":"https:\/\/www.iceagetv.com\/radiosite\/wp-json\/wp\/v2\/comments?post=14286"}],"version-history":[{"count":1,"href":"https:\/\/www.iceagetv.com\/radiosite\/wp-json\/wp\/v2\/posts\/14286\/revisions"}],"predecessor-version":[{"id":14288,"href":"https:\/\/www.iceagetv.com\/radiosite\/wp-json\/wp\/v2\/posts\/14286\/revisions\/14288"}],"wp:featuredmedia":[{"embeddable":true,"href":"https:\/\/www.iceagetv.com\/radiosite\/wp-json\/wp\/v2\/media\/14287"}],"wp:attachment":[{"href":"https:\/\/www.iceagetv.com\/radiosite\/wp-json\/wp\/v2\/media?parent=14286"}],"wp:term":[{"taxonomy":"category","embeddable":true,"href":"https:\/\/www.iceagetv.com\/radiosite\/wp-json\/wp\/v2\/categories?post=14286"},{"taxonomy":"post_tag","embeddable":true,"href":"https:\/\/www.iceagetv.com\/radiosite\/wp-json\/wp\/v2\/tags?post=14286"}],"curies":[{"name":"wp","href":"https:\/\/api.w.org\/{rel}","templated":true}]}}