{"id":14292,"date":"2020-01-08T18:48:59","date_gmt":"2020-01-08T18:48:59","guid":{"rendered":"http:\/\/www.iceagetv.com\/radiosite\/?p=14292"},"modified":"2020-01-08T18:48:59","modified_gmt":"2020-01-08T18:48:59","slug":"carlos-ghosn-je-suis-ici-pour-blanchir-mon-nom-les-allegations-sont-fausses-je-naurais-jamais-du-etre-arrete-je-navais-pas-dautre-choix-que-la-fuite-pour-me-proteger-et-proteger-ma-f","status":"publish","type":"post","link":"https:\/\/www.iceagetv.com\/radiosite\/carlos-ghosn-je-suis-ici-pour-blanchir-mon-nom-les-allegations-sont-fausses-je-naurais-jamais-du-etre-arrete-je-navais-pas-dautre-choix-que-la-fuite-pour-me-proteger-et-proteger-ma-f\/","title":{"rendered":"Carlos Ghosn: \u00ab\u00a0Je suis ici pour blanchir mon nom. Les all\u00e9gations sont fausses, je n&rsquo;aurais jamais du \u00eatre arr\u00eat\u00e9! (&#8230;) Je n&rsquo;avais pas d&rsquo;autre choix que la fuite pour me prot\u00e9ger et prot\u00e9ger ma famille\u00a0\u00bb"},"content":{"rendered":"\n<p><strong>Le parquet de Tokyo a imm\u00e9diatement r\u00e9agi dans la nuit de mercredi \u00e0 jeudi aux violentes critiques \u00e9mises par Carlos Ghosn contre la justice japonaise lors de sa conf\u00e9rence de presse au Liban, les jugeant \u00ab\u00a0unilat\u00e9rales\u00a0\u00bb et \u00ab\u00a0inacceptables\u00a0\u00bb.<\/strong><\/p>\n\n\n\n<p>\u00ab\u00a0Les all\u00e9gations du pr\u00e9venu Ghosn font abstraction de sa propre conduite et ses critiques unilat\u00e9rales du syst\u00e8me de justice p\u00e9nale du Japon sont totalement inacceptables\u00a0\u00bb, ont \u00e9crit les procureurs dans un communiqu\u00e9 mis en ligne, une d\u00e9marche rare de la part du parquet de Tokyo.<\/p>\n\n\n\n<p>\u00ab\u00a0Le pr\u00e9venu Ghosn ne peut que s&rsquo;en prendre \u00e0 lui-m\u00eame d&rsquo;avoir \u00e9t\u00e9 arr\u00eat\u00e9 et d\u00e9tenu pendant environ 130 jours, tout comme de la n\u00e9cessit\u00e9 d&rsquo;imposer des conditions \u00e0 sa lib\u00e9ration sous caution\u00a0\u00bb, ont estim\u00e9 les procureurs japonais.<\/p>\n\n\n\n<p>Sa fuite du Japon constitue \u00ab\u00a0un m\u00e9pris flagrant\u00a0\u00bb de la loi japonaise \u00ab\u00a0pour \u00e9viter (de subir, NDLR) les cons\u00e9quences des d\u00e9lits qu&rsquo;il a commis\u00a0\u00bb, ont-ils ajout\u00e9.<\/p>\n\n\n\n<p>La ministre japonaise de la Justice Masako Mori s&rsquo;est aussi exprim\u00e9e peu apr\u00e8s la conf\u00e9rence de presse de l&rsquo;ancien patron de Renault et Nissan.<\/p>\n\n\n\n<p>Carlos Ghosn \u00ab\u00a0a critiqu\u00e9 le syst\u00e8me judiciaire (japonais, NDLR) sous diff\u00e9rents aspects de fa\u00e7on erron\u00e9e. On ne peut pas arr\u00eater quelqu&rsquo;un sans un dossier dont la solidit\u00e9 est \u00e9valu\u00e9e de fa\u00e7on ind\u00e9pendante par le juge\u00a0\u00bb, a insist\u00e9 Mme Mori lors d&rsquo;un point de presse nocturne retransmis par la cha\u00eene de t\u00e9l\u00e9vision publique NHK.<\/p>\n\n\n\n<p>\u00ab\u00a0Il est faux de dire que les droits humains ne sont pas respect\u00e9s\u00a0\u00bb par la justice japonaise, a-t-elle \u00e9galement r\u00e9p\u00e9t\u00e9.<\/p>\n\n\n\n<p>Le parquet de Tokyo s&rsquo;est quant \u00e0 lui redit \u00ab\u00a0d\u00e9termin\u00e9 \u00e0 se coordonner avec les autorit\u00e9s comp\u00e9tentes et \u00e0 prendre toutes les mesures n\u00e9cessaires en (son) pouvoir pour faire compara\u00eetre le pr\u00e9venu Ghosn devant la justice au Japon\u00a0\u00bb.<\/p>\n\n\n\n<p><strong>16h31: CE QU&rsquo;IL FAUT RETENIR DE LA CONFERENCE DE PRESSE:<\/strong><\/p>\n\n\n\n<p>L&rsquo;ancien PDG de Renault-Nissan Carlos Ghosn a d\u00e9nonc\u00e9 mercredi un \u00ab\u00a0coup mont\u00e9\u00a0\u00bb contre lui et s&rsquo;est dit d\u00e9cid\u00e9 \u00e0 \u00ab\u00a0laver son honneur\u00a0\u00bb, lors de sa premi\u00e8re apparition publique \u00e0 Beyrouth depuis sa fuite rocambolesque du Japon, o\u00f9 il est accus\u00e9 de malversations financi\u00e8res.<\/p>\n\n\n\n<p>Devant un parterre de quelque 150 journalistes m\u00e9ticuleusement choisis par son \u00e9quipe de communication, le capitaine d&rsquo;industrie d\u00e9chu, th\u00e9\u00e2tral et doigt accusateur, l&rsquo;a proclam\u00e9: \u00ab\u00a0pr\u00e9sum\u00e9 coupable\u00a0\u00bb par le syst\u00e8me judiciaire japonais d\u00e8s son arrestation en 2018, il n&rsquo;avait \u00ab\u00a0d&rsquo;autre choix\u00a0\u00bb que de fuir face \u00e0 des accusations \u00ab\u00a0sans fondements\u00a0\u00bb.<\/p>\n\n\n\n<p>\u00ab\u00a0J&rsquo;\u00e9tais otage\u00a0\u00bb au Japon, a-t-il ajout\u00e9, arguant de son \u00ab\u00a0innocence\u00a0\u00bb.<\/p>\n\n\n\n<p>M. Ghosn, 65 ans, qui fait l&rsquo;objet de quatre inculpations au Japon, a d\u00e9nonc\u00e9 la \u00ab\u00a0collusion, partout\u00a0\u00bb entre le constructeur Nissan et le procureur japonais, particuli\u00e8rement au sujet de son arrestation, \u00ab\u00a0un coup mont\u00e9\u00a0\u00bb selon lui alors qu&rsquo;il s&rsquo;appr\u00eatait \u00e0 organiser une fusion entre Renault et Nissan.<\/p>\n\n\n\n<p>\u00ab\u00a0J&rsquo;ai \u00e9t\u00e9 arrach\u00e9 \u00e0 ma famille et mes proches\u00a0\u00bb, a d\u00e9nonc\u00e9, d\u00e9bout et gesticulant, Carlos Ghosn, qui s&rsquo;exprimait pour la premi\u00e8re fois depuis son arriv\u00e9e surprise le 30 d\u00e9cembre au Liban.<\/p>\n\n\n\n<p>Interpell\u00e9 en novembre 2018 \u00e0 la descente de son jet au Japon, l&rsquo;homme d&rsquo;affaires, d\u00e9tenteur des nationalit\u00e9s fran\u00e7aise, libanaise et br\u00e9silienne, avait \u00e9t\u00e9 lib\u00e9r\u00e9 sous caution en avril 2019, au terme de 130 jours d&rsquo;incarc\u00e9ration.<\/p>\n\n\n\n<p>Assign\u00e9 \u00e0 domicile, il avait interdiction de quitter le Japon dans l&rsquo;attente de son proc\u00e8s mais aussi de contacter son \u00e9pouse Carole, vis\u00e9e par un mandat d&rsquo;arr\u00eat japonais pour \u00ab\u00a0faux t\u00e9moignage\u00a0\u00bb.<\/p>\n\n\n\n<p>\u00ab\u00a0Je n&rsquo;ai pas fui la justice, j&rsquo;ai \u00e9chapp\u00e9 \u00e0 l&rsquo;injustice et \u00e0 la pers\u00e9cution\u00a0\u00bb, a-t-il martel\u00e9 en anglais, apr\u00e8s un pr\u00e9ambule d\u00e9clin\u00e9 en arabe et en fran\u00e7ais \u00e9galement &#8211;toujours aussi combatif, il a continu\u00e9 \u00e0 r\u00e9pondre longuement aux questions de la presse apr\u00e8s sa prise de parole initiale de pr\u00e8s d&rsquo;une heure.<\/p>\n\n\n\n<p>Durant celle-ci, il a assur\u00e9 qu&rsquo;il se pr\u00e9sentait devant les m\u00e9dias du monde entier pour \u00ab\u00a0laver son honneur\u00a0\u00bb, tandis que des documents d\u00e9filaient derri\u00e8re lui pour soutenir son propos.<\/p>\n\n\n\n<p>Selon lui, ses avocats lui ont dit qu&rsquo;il risquait d&rsquo;attendre cinq ans avant le verdict de son proc\u00e8s, une mani\u00e8re pour lui de justifier encore son statut de fugitif.<\/p>\n\n\n\n<p>&#8211; Des \u00ab\u00a0millions\u00a0\u00bb de pertes &#8211;<\/p>\n\n\n\n<p>M. Ghosn fait l&rsquo;objet de quatre inculpations au total au Japon: deux pour \u00ab\u00a0abus de confiance aggrav\u00e9\u00a0\u00bb et deux pour des revenus diff\u00e9r\u00e9s non d\u00e9clar\u00e9s aux autorit\u00e9s boursi\u00e8res par Nissan (aussi poursuivi sur ce volet), notamment des montants qu&rsquo;il devait toucher apr\u00e8s sa retraite estim\u00e9s par la justice \u00e0 9,23 milliards de yens (74 millions d&rsquo;euros) de 2010 \u00e0 2018.<\/p>\n\n\n\n<p>Lors de la conf\u00e9rence de presse, le magnat d\u00e9chu de l&rsquo;automobile a promis de fournir des \u00ab\u00a0documents\u00a0\u00bb prouvant son innocence. Depuis le d\u00e9but, M. Ghosn, ses proches et sa d\u00e9fense soutiennent qu&rsquo;il a \u00e9t\u00e9 victime d&rsquo;un \u00ab\u00a0complot\u00a0\u00bb ourdi par Nissan, avec la complicit\u00e9 des autorit\u00e9s japonaises, pour l&rsquo;\u00e9carter de son poste.<\/p>\n\n\n\n<p>Mais, selon lui, son arrestation a grandement desservi l&rsquo;alliance form\u00e9e par les g\u00e9ants de l&rsquo;automobile japonais et fran\u00e7ais.<\/p>\n\n\n\n<p>\u00ab\u00a0La valorisation de Nissan depuis mon arrestation a baiss\u00e9 de plus de 10 milliards de dollars. Ils ont perdu plus de 40 millions de dollars par jour pendant cette p\u00e9riode (&#8230;). C&rsquo;est pas mieux pour Renault, parce que la valorisation de Renault a baiss\u00e9, depuis mon arrestation, de plus de cinq milliards d&rsquo;euros, ce qui signifie 20 millions d&rsquo;euros par jour\u00a0\u00bb, a-t-il avanc\u00e9.<\/p>\n\n\n\n<p>Depuis novembre 2018, l&rsquo;action Renault a perdu environ 34% de sa valeur et celle de Nissan environ 38%.<\/p>\n\n\n\n<p>Quelques heures avant la conf\u00e9rence de presse, l&rsquo;\u00e9quipe juridique fran\u00e7aise de M. Ghosn a qualifi\u00e9 l&rsquo;enqu\u00eate interne de Nissan de \u00ab\u00a0grosse d\u00e9formation de la v\u00e9rit\u00e9\u00a0\u00bb.<\/p>\n\n\n\n<p>Des procureurs ont tent\u00e9 mercredi de fouiller les bureaux d&rsquo;un de ses avocats japonais, Junichiro Hironaka, et de saisir des ordinateurs mais l&rsquo;acc\u00e8s leur a \u00e9t\u00e9 refus\u00e9, les avocats invoquant la \u00ab\u00a0confidentialit\u00e9 entre un avocat et son client\u00a0\u00bb.<\/p>\n\n\n\n<p>&#8211; Pr\u00eat \u00e0 \u00ab\u00a0rester longtemps\u00a0\u00bb au Liban &#8211;<\/p>\n\n\n\n<p>S&rsquo;il a pr\u00e9venu qu&rsquo;il n&rsquo;\u00e9tait pas \u00ab\u00a0l\u00e0 pour raconter comment (il) a fui le Japon\u00a0\u00bb, le r\u00e9cit de cette fuite rocambolesque a tenu en haleine les m\u00e9dias et a suscit\u00e9 l&rsquo;ouverture d&rsquo;enqu\u00eates au Japon et en Turquie, o\u00f9 M. Ghosn a fait escale.<\/p>\n\n\n\n<p>Il est soup\u00e7onn\u00e9 de s&rsquo;\u00eatre enfui en prenant un jet priv\u00e9 \u00e0 l&rsquo;a\u00e9roport international du Kansai, pr\u00e8s d&rsquo;Osaka (ouest japonais), avec deux complices pr\u00e9sum\u00e9s, de nationalit\u00e9 am\u00e9ricaine, selon la t\u00e9l\u00e9vision japonaise.<\/p>\n\n\n\n<p>Il aurait \u00e9chapp\u00e9 aux contr\u00f4les en se cachant dans un caisson de mat\u00e9riel pour des concerts, selon des m\u00e9dias japonais.<\/p>\n\n\n\n<p>\u00ab\u00a0C&rsquo;est moi seul qui ai organis\u00e9 mon d\u00e9part\u00a0\u00bb, avait-il martel\u00e9 avant la conf\u00e9rence. Carole Ghosn a elle assur\u00e9 qu&rsquo;elle n&rsquo;\u00e9tait \u00ab\u00a0au courant de rien\u00a0\u00bb concernant la fuite de son mari.<\/p>\n\n\n\n<p>\u00ab\u00a0Je suis pr\u00eat \u00e0 rester \u00e0 longtemps au Liban\u00a0\u00bb, a d\u00e9clar\u00e9 M. Ghosn mercredi.<\/p>\n\n\n\n<p>Ce pays, qui n&rsquo;a pas d&rsquo;accord d&rsquo;extradition avec le Japon, a re\u00e7u une demande d&rsquo;arrestation d&rsquo;Interpol. M. Ghosn pourrait \u00eatre entendu par le parquet g\u00e9n\u00e9ral, comme l&rsquo;impose la proc\u00e9dure, selon une source judiciaire. Beyrouth affirme qu&rsquo;il est entr\u00e9 \u00ab\u00a0l\u00e9galement\u00a0\u00bb au Liban muni d&rsquo;un passeport fran\u00e7ais.<\/p>\n\n\n\n<p>Les autorit\u00e9s japonaises ont d\u00e9nonc\u00e9 une \u00e9vasion \u00ab\u00a0injustifiable\u00a0\u00bb, tandis que le groupe automobile Nissan l&rsquo;a qualifi\u00e9e d'\u00a0\u00bbextr\u00eamement regrettable\u00a0\u00bb. Je suis ravie qu&rsquo;il ait pu s&rsquo;exprimer\u00a0\u00bb, a simplement d\u00e9clar\u00e9 Carole Ghosn, l&rsquo;\u00e9pouse de Carlos Ghosn, apr\u00e8s la conf\u00e9rence de presse  Vis\u00e9 par une notice rouge d&rsquo;Interpol \u00e0 la demande du Japon, Carlos Ghosn sera\u00a0entendu\u00a0demain par le\u00a0procureur\u00a0g\u00e9n\u00e9ral du\u00a0Liban <\/p>\n\n\n\n<p>Carlos Ghosn r\u00e9pond d\u00e9sormais aux questions des journalistes:<\/p>\n\n\n\n<p>\u00ab\u00a0Je ne me consid\u00e8re pas comme prisonnier au Liban. Je suis ici avec ma famille, mes amis, &#8230; Je ne me sens pas malheureux ici. Ne pensez pas que j&rsquo;accepte la situation. Je veux laver mon nom avant toute chose\u00a0\u00bb<\/p>\n\n\n\n<p>\u00ab\u00a0Aucun contrat n&rsquo;a \u00e9t\u00e9 sign\u00e9 avec Netflix\u00a0\u00bb&nbsp;concernant sa fuite du Japon, assure \u00e9galement Carlos Ghosn.<\/p>\n\n\n\n<p>\u00ab\u00a0Je ne peux pas parler de ma fuite, car si je le fais je vais exposer beaucoup de personnes \u00e0 des probl\u00e8mes. Un jour, peut-\u00eatre, vous conna\u00eetrez la r\u00e9alit\u00e9. Dans vingt ans, je pourrai peut-\u00eatre confirmer ou infirmer ces informations !\u00a0\u00bb<\/p>\n\n\n\n<p>\u00ab\u00a0Je pourrais me pr\u00e9senter \u00e0 un proc\u00e8s, n&rsquo;importe o\u00f9, du moment qu&rsquo;il est \u00e9quitable\u00a0\u00bb,&nbsp;affirme Carlos Ghosn.&nbsp;\u00ab\u00a0J\u2019ai demand\u00e9 \u00e0 mes avocats \u00e0 plusieurs reprises si je pouvais avoir un proc\u00e8s \u00e9quitable, et m\u00eame mes avocats ne pouvaient me le garantir. Et d&rsquo;ajouter: \u00ab\u00a0On allait vers un proc\u00e8s o\u00f9 je n\u2019avais presque aucune chance d\u2019\u00eatre acquitt\u00e9. Imaginez vous retrouver dans une situation comme la mienne, o\u00f9 cela peut prendre jusqu\u2019\u00e0 plus de cinq ans, et qu\u2019apr\u00e8s, vous avez 99,4&nbsp;% de chances d\u2019\u00eatre inculp\u00e9&nbsp;:&nbsp;cela ne vous donnera pas envie de rester au Japon\u00a0\u00bb<\/p>\n\n\n\n<p>\u00ab\u00a0Je pense toujours \u00eatre un businessman respect\u00e9 par la population japonaise\u00a0\u00bb<\/p>\n\n\n\n<p>\u00ab\u00a0Transgresser la loi japonaise est un probl\u00e8me, mais le procureur a viol\u00e9 une dizaine de lois japonais, c\u2019est aussi un probl\u00e8me\u00a0\u00bb<\/p>\n\n\n\n<p>\u00ab\u00a0J&rsquo;ai des droits vis-\u00e0-vis de Nissan, j&rsquo;ai des droits vis-\u00e0-vis de Renault, et je compte bien les r\u00e9clamer en justice\u00a0\u00bb, d\u00e9clare Carlos Ghosn.<\/p>\n\n\n\n<p>Pris \u00e0 parti par un reporter nippon, Carlos Ghosn r\u00e9pond: \u00ab\u00a0Je n&rsquo;ai invit\u00e9 que les m\u00e9dias japonais qui n&rsquo;ont pas particip\u00e9 \u00e0 la propagande des procureurs de Tokyo\u00a0\u00bb. Et d&rsquo;ajouter: \u00ab\u00a0J&rsquo;irai ensuite voir ceux qui sont dehors pour leur expliquer que je n&rsquo;ai rien contre eux\u00a0\u00bb.<\/p>\n\n\n\n<p>Carlos Ghosn se sent-il l\u00e2ch\u00e9 par les autorit\u00e9s fran\u00e7aises ? Il r\u00e9pond:&nbsp;\u00ab\u00a0Comme les autres citoyens fran\u00e7ais, je ne demande pas \u00e0 \u00eatre au-dessus, mais je ne souhaite pas \u00eatre en dessous de qui que ce soit\u00a0\u00bb<\/p>\n\n\n\n<p>\u00ab\u00a0Le 19 novembre 2018, c&rsquo;est comme si j&rsquo;\u00e9tais d\u00e9c\u00e9d\u00e9. Je ne savais pas si j&rsquo;allais revoir les gens que j&rsquo;aime. C&rsquo;est comme si j&rsquo;\u00e9tais mort. Vous vous anesth\u00e9siez, c&rsquo;est votre fa\u00e7on de survivre. Quand j&rsquo;ai vu que j&rsquo;\u00e9tais sorti, c&rsquo;est comme si quel-part, je revenais \u00e0 la vie.\u00a0\u00bb<\/p>\n\n\n\n<p>\u00ab\u00a0Si la justice fran\u00e7aise demande \u00e0 me parler, je me pr\u00e9senterai \u00e0 la justice fran\u00e7aise\u00a0\u00bb,&nbsp;assure Carlos Ghosn.<\/p>\n\n\n\n<p><\/p>\n","protected":false},"excerpt":{"rendered":"<p>Le parquet de Tokyo a imm\u00e9diatement r\u00e9agi dans la nuit de mercredi \u00e0 jeudi aux violentes critiques \u00e9mises par Carlos Ghosn contre la justice japonaise lors de sa conf\u00e9rence de presse au Liban, les jugeant \u00ab\u00a0unilat\u00e9rales\u00a0\u00bb et \u00ab\u00a0inacceptables\u00a0\u00bb. \u00ab\u00a0Les all\u00e9gations du pr\u00e9venu Ghosn font abstraction de sa propre conduite et ses critiques unilat\u00e9rales du syst\u00e8me [&hellip;]<\/p>\n","protected":false},"author":2,"featured_media":14293,"comment_status":"open","ping_status":"open","sticky":false,"template":"","format":"standard","meta":{"_jetpack_memberships_contains_paid_content":false,"footnotes":"","jetpack_publicize_message":"","jetpack_publicize_feature_enabled":true,"jetpack_social_post_already_shared":true,"jetpack_social_options":{"image_generator_settings":{"template":"highway","default_image_id":0,"font":"","enabled":false},"version":2},"_wpas_customize_per_network":false},"categories":[405],"tags":[],"class_list":["post-14292","post","type-post","status-publish","format-standard","has-post-thumbnail","hentry","category-actu-france-monde"],"jetpack_publicize_connections":[],"jetpack_featured_media_url":"https:\/\/i0.wp.com\/www.iceagetv.com\/radiosite\/wp-content\/uploads\/2020\/01\/Carlos-Ghosn-1.jpg?fit=873%2C301&ssl=1","jetpack_sharing_enabled":true,"_links":{"self":[{"href":"https:\/\/www.iceagetv.com\/radiosite\/wp-json\/wp\/v2\/posts\/14292","targetHints":{"allow":["GET"]}}],"collection":[{"href":"https:\/\/www.iceagetv.com\/radiosite\/wp-json\/wp\/v2\/posts"}],"about":[{"href":"https:\/\/www.iceagetv.com\/radiosite\/wp-json\/wp\/v2\/types\/post"}],"author":[{"embeddable":true,"href":"https:\/\/www.iceagetv.com\/radiosite\/wp-json\/wp\/v2\/users\/2"}],"replies":[{"embeddable":true,"href":"https:\/\/www.iceagetv.com\/radiosite\/wp-json\/wp\/v2\/comments?post=14292"}],"version-history":[{"count":1,"href":"https:\/\/www.iceagetv.com\/radiosite\/wp-json\/wp\/v2\/posts\/14292\/revisions"}],"predecessor-version":[{"id":14294,"href":"https:\/\/www.iceagetv.com\/radiosite\/wp-json\/wp\/v2\/posts\/14292\/revisions\/14294"}],"wp:featuredmedia":[{"embeddable":true,"href":"https:\/\/www.iceagetv.com\/radiosite\/wp-json\/wp\/v2\/media\/14293"}],"wp:attachment":[{"href":"https:\/\/www.iceagetv.com\/radiosite\/wp-json\/wp\/v2\/media?parent=14292"}],"wp:term":[{"taxonomy":"category","embeddable":true,"href":"https:\/\/www.iceagetv.com\/radiosite\/wp-json\/wp\/v2\/categories?post=14292"},{"taxonomy":"post_tag","embeddable":true,"href":"https:\/\/www.iceagetv.com\/radiosite\/wp-json\/wp\/v2\/tags?post=14292"}],"curies":[{"name":"wp","href":"https:\/\/api.w.org\/{rel}","templated":true}]}}