{"id":14295,"date":"2020-01-08T18:52:39","date_gmt":"2020-01-08T18:52:39","guid":{"rendered":"http:\/\/www.iceagetv.com\/radiosite\/?p=14295"},"modified":"2020-01-08T18:52:39","modified_gmt":"2020-01-08T18:52:39","slug":"greve-jour-35-la-sncf-et-la-ratp-annoncent-un-trafic-tres-perturbe-demain-voici-les-previsions-les-abonnes-seront-rembourses-dun-mois-de-carte-navigo-confirme-valerie-pecresse","status":"publish","type":"post","link":"https:\/\/www.iceagetv.com\/radiosite\/greve-jour-35-la-sncf-et-la-ratp-annoncent-un-trafic-tres-perturbe-demain-voici-les-previsions-les-abonnes-seront-rembourses-dun-mois-de-carte-navigo-confirme-valerie-pecresse\/","title":{"rendered":"Gr\u00e8ve Jour 35: La SNCF et la RATP annoncent un trafic tr\u00e8s perturb\u00e9 demain, voici les pr\u00e9visions &#8211; Les abonn\u00e9s seront rembours\u00e9s d&rsquo;un mois de carte Navigo confirme Val\u00e9rie P\u00e9cresse"},"content":{"rendered":"\n<p><strong>Les abonn\u00e9s seront rembours\u00e9s d&rsquo;un mois de carte Navigo, confirme la pr\u00e9sidente de la r\u00e9gion Ile-de-France Val\u00e9rie P\u00e9cresse<\/strong><\/p>\n\n\n\n<p>Le pr\u00e9sident de la\u00a0SNCF\u00a0Jean-Pierre Farandou\u00a0est \u00e9galement favorable au remboursement du\u00a0Pass\u00a0Navigo\u00a0de d\u00e9cembre. Mais il estime que\u00a0transilien\u00a0a respect\u00e9 son contrat (30% des trains en heure de pointe) et Ile-de-France\u00a0mobilites\u00a0doit donc aussi mettre la main \u00e0 la poche <strong>La RATP annonce un \u00ab\u00a0trafic tr\u00e8s perturb\u00e9\u00a0\u00bb pour demain &#8211; Toutes les lignes de m\u00e9tro circuleront aux heures de pointe<\/strong>  <strong>La SNCF annonce pour demain 1 TGV sur 5, 4 TER sur 10, 1 Transilien sur 3 et 2 Intercit\u00e9s sur 10<\/strong> <\/p>\n\n\n\n<p><strong>La SNCF appellent les Franciliens \u00e0 \u00e9viter demain les trains de banlieue demain. L&rsquo;affluence attendue pouvant rendre les gares dangereuses.<\/strong><\/p>\n\n\n\n<p>\u00abLe trafic demain sera d&rsquo;un train sur trois sur l&rsquo;Ile-de-France, alors m\u00eame que plus de 3 millions de clients franciliens quotidiens sont revenus sur nos r\u00e9seaux\u00bb, explique l&rsquo;op\u00e9rateur ferroviaire dans un communiqu\u00e9. \u00ab\u00a0Consciente des conditions extr\u00eamement difficiles pour [les] voyageurs\u00a0\u00bb, la PDG de la RATP propose \u00e0 IDF Mobilit\u00e9s le remboursement d&rsquo;un mois de Navigo \u00ab\u00a0co-financ\u00e9s par la RATP, SNCF et avec le r\u00e9investissement des p\u00e9nalit\u00e9s acquitt\u00e9es par les op\u00e9rateurs\u00a0\u00bb. <\/p>\n\n\n\n<p><\/p>\n","protected":false},"excerpt":{"rendered":"<p>Les abonn\u00e9s seront rembours\u00e9s d&rsquo;un mois de carte Navigo, confirme la pr\u00e9sidente de la r\u00e9gion Ile-de-France Val\u00e9rie P\u00e9cresse Le pr\u00e9sident de la\u00a0SNCF\u00a0Jean-Pierre Farandou\u00a0est \u00e9galement favorable au remboursement du\u00a0Pass\u00a0Navigo\u00a0de d\u00e9cembre. Mais il estime que\u00a0transilien\u00a0a respect\u00e9 son contrat (30% des trains en heure de pointe) et Ile-de-France\u00a0mobilites\u00a0doit donc aussi mettre la main \u00e0 la poche La RATP [&hellip;]<\/p>\n","protected":false},"author":2,"featured_media":14296,"comment_status":"open","ping_status":"open","sticky":false,"template":"","format":"standard","meta":{"_jetpack_memberships_contains_paid_content":false,"footnotes":"","jetpack_publicize_message":"","jetpack_publicize_feature_enabled":true,"jetpack_social_post_already_shared":true,"jetpack_social_options":{"image_generator_settings":{"template":"highway","default_image_id":0,"font":"","enabled":false},"version":2},"_wpas_customize_per_network":false},"categories":[405],"tags":[],"class_list":["post-14295","post","type-post","status-publish","format-standard","has-post-thumbnail","hentry","category-actu-france-monde"],"jetpack_publicize_connections":[],"jetpack_featured_media_url":"https:\/\/i0.wp.com\/www.iceagetv.com\/radiosite\/wp-content\/uploads\/2020\/01\/greve-36.jpg?fit=611%2C1199&ssl=1","jetpack_sharing_enabled":true,"_links":{"self":[{"href":"https:\/\/www.iceagetv.com\/radiosite\/wp-json\/wp\/v2\/posts\/14295","targetHints":{"allow":["GET"]}}],"collection":[{"href":"https:\/\/www.iceagetv.com\/radiosite\/wp-json\/wp\/v2\/posts"}],"about":[{"href":"https:\/\/www.iceagetv.com\/radiosite\/wp-json\/wp\/v2\/types\/post"}],"author":[{"embeddable":true,"href":"https:\/\/www.iceagetv.com\/radiosite\/wp-json\/wp\/v2\/users\/2"}],"replies":[{"embeddable":true,"href":"https:\/\/www.iceagetv.com\/radiosite\/wp-json\/wp\/v2\/comments?post=14295"}],"version-history":[{"count":1,"href":"https:\/\/www.iceagetv.com\/radiosite\/wp-json\/wp\/v2\/posts\/14295\/revisions"}],"predecessor-version":[{"id":14297,"href":"https:\/\/www.iceagetv.com\/radiosite\/wp-json\/wp\/v2\/posts\/14295\/revisions\/14297"}],"wp:featuredmedia":[{"embeddable":true,"href":"https:\/\/www.iceagetv.com\/radiosite\/wp-json\/wp\/v2\/media\/14296"}],"wp:attachment":[{"href":"https:\/\/www.iceagetv.com\/radiosite\/wp-json\/wp\/v2\/media?parent=14295"}],"wp:term":[{"taxonomy":"category","embeddable":true,"href":"https:\/\/www.iceagetv.com\/radiosite\/wp-json\/wp\/v2\/categories?post=14295"},{"taxonomy":"post_tag","embeddable":true,"href":"https:\/\/www.iceagetv.com\/radiosite\/wp-json\/wp\/v2\/tags?post=14295"}],"curies":[{"name":"wp","href":"https:\/\/api.w.org\/{rel}","templated":true}]}}