{"id":14298,"date":"2020-01-08T19:05:47","date_gmt":"2020-01-08T19:05:47","guid":{"rendered":"http:\/\/www.iceagetv.com\/radiosite\/?p=14298"},"modified":"2020-01-08T19:05:47","modified_gmt":"2020-01-08T19:05:47","slug":"annonce-surprise-ce-soir-du-prince-harry-et-meghan-markle-qui-renoncent-a-leur-role-de-premier-plan-dans-la-famille-royale-britannique","status":"publish","type":"post","link":"https:\/\/www.iceagetv.com\/radiosite\/annonce-surprise-ce-soir-du-prince-harry-et-meghan-markle-qui-renoncent-a-leur-role-de-premier-plan-dans-la-famille-royale-britannique\/","title":{"rendered":"Annonce surprise ce soir du prince Harry et Meghan Markle qui renoncent \u00e0 leur r\u00f4le de premier plan dans la famille royale britannique"},"content":{"rendered":"\n<p><\/p>\n\n\n\n<p>Harry et Meghan ont annonc\u00e9 ce soir renoncer \u00e0 leur r\u00f4le de premier plan dans la famille royale britannique. \u00ab\u00a0Apr\u00e8s plusieurs mois de r\u00e9flexion et de discussions internes, nous avons choisi de faire une transition cette ann\u00e9e en commen\u00e7ant par se tailler un nouveau r\u00f4le progressif au sein de cette institution\u00a0\u00bb, ont-ils expliqu\u00e9 sur leur compte Instagram.<\/p>\n\n\n\n<p>\u00ab\u00a0Nous avons l\u2019intention de prendre du recul en tant que membres de la famille royale et de travailler pour devenir financi\u00e8rement ind\u00e9pendants, tout en continuant de soutenir pleinement Sa Majest\u00e9 la Reine. C&rsquo;est avec vos encouragements, notamment ces derni\u00e8res ann\u00e9es, que nous nous sentons pr\u00eats \u00e0 proc\u00e9der \u00e0 cet ajustement. Nous pr\u00e9voyons maintenant d&rsquo;\u00e9quilibrer notre temps entre le Royaume-Uni et l&rsquo;Am\u00e9rique du Nord, en continuant d&rsquo;honorer notre devoir envers la Reine, le Commonwealth et nos parrainages.<\/p>\n\n\n\n<p>Cet \u00e9quilibre g\u00e9ographique nous permettra d&rsquo;\u00e9lever notre fils avec une appr\u00e9ciation de la tradition royale dans laquelle il est n\u00e9, tout en offrant \u00e0 notre famille l&rsquo;espace pour se concentrer sur le prochain chapitre, y compris le lancement de notre nouvelle entit\u00e9 caritative. Nous sommes impatients de partager tous les d\u00e9tails de cette prochaine \u00e9tape passionnante en temps voulu, alors que nous continuons \u00e0 collaborer avec Sa Majest\u00e9 la Reine, le prince de Galles, le duc de Cambridge et toutes les parties concern\u00e9es. D&rsquo;ici l\u00e0, veuillez accepter nos plus sinc\u00e8res remerciements pour votre soutien continu. Harry et Meghan avaient d\u00e9j\u00e0 choisi de s&rsquo;\u00e9loigner de la tradition en ne passant pas No\u00ebl avec la reine Elizabeth et les autres membres de leur famille mais en allant au Canada. Il y a quelques mois, ils avaient expliqu\u00e9 dans un documentaire qu&rsquo;ils ne supportaient plus l&rsquo;acharnement des m\u00e9dias envers Meghan Markle. <\/p>\n","protected":false},"excerpt":{"rendered":"<p>Harry et Meghan ont annonc\u00e9 ce soir renoncer \u00e0 leur r\u00f4le de premier plan dans la famille royale britannique. \u00ab\u00a0Apr\u00e8s plusieurs mois de r\u00e9flexion et de discussions internes, nous avons choisi de faire une transition cette ann\u00e9e en commen\u00e7ant par se tailler un nouveau r\u00f4le progressif au sein de cette institution\u00a0\u00bb, ont-ils expliqu\u00e9 sur leur [&hellip;]<\/p>\n","protected":false},"author":2,"featured_media":14299,"comment_status":"open","ping_status":"open","sticky":false,"template":"","format":"standard","meta":{"_jetpack_memberships_contains_paid_content":false,"footnotes":"","jetpack_publicize_message":"","jetpack_publicize_feature_enabled":true,"jetpack_social_post_already_shared":true,"jetpack_social_options":{"image_generator_settings":{"template":"highway","default_image_id":0,"font":"","enabled":false},"version":2},"_wpas_customize_per_network":false},"categories":[68],"tags":[],"class_list":["post-14298","post","type-post","status-publish","format-standard","has-post-thumbnail","hentry","category-actu-culturelle"],"jetpack_publicize_connections":[],"jetpack_featured_media_url":"https:\/\/i0.wp.com\/www.iceagetv.com\/radiosite\/wp-content\/uploads\/2020\/01\/Annonce-surprise-ce-soir-du-prince-Harry-et-Meghan-Markle.jpg?fit=589%2C578&ssl=1","jetpack_sharing_enabled":true,"_links":{"self":[{"href":"https:\/\/www.iceagetv.com\/radiosite\/wp-json\/wp\/v2\/posts\/14298","targetHints":{"allow":["GET"]}}],"collection":[{"href":"https:\/\/www.iceagetv.com\/radiosite\/wp-json\/wp\/v2\/posts"}],"about":[{"href":"https:\/\/www.iceagetv.com\/radiosite\/wp-json\/wp\/v2\/types\/post"}],"author":[{"embeddable":true,"href":"https:\/\/www.iceagetv.com\/radiosite\/wp-json\/wp\/v2\/users\/2"}],"replies":[{"embeddable":true,"href":"https:\/\/www.iceagetv.com\/radiosite\/wp-json\/wp\/v2\/comments?post=14298"}],"version-history":[{"count":1,"href":"https:\/\/www.iceagetv.com\/radiosite\/wp-json\/wp\/v2\/posts\/14298\/revisions"}],"predecessor-version":[{"id":14300,"href":"https:\/\/www.iceagetv.com\/radiosite\/wp-json\/wp\/v2\/posts\/14298\/revisions\/14300"}],"wp:featuredmedia":[{"embeddable":true,"href":"https:\/\/www.iceagetv.com\/radiosite\/wp-json\/wp\/v2\/media\/14299"}],"wp:attachment":[{"href":"https:\/\/www.iceagetv.com\/radiosite\/wp-json\/wp\/v2\/media?parent=14298"}],"wp:term":[{"taxonomy":"category","embeddable":true,"href":"https:\/\/www.iceagetv.com\/radiosite\/wp-json\/wp\/v2\/categories?post=14298"},{"taxonomy":"post_tag","embeddable":true,"href":"https:\/\/www.iceagetv.com\/radiosite\/wp-json\/wp\/v2\/tags?post=14298"}],"curies":[{"name":"wp","href":"https:\/\/api.w.org\/{rel}","templated":true}]}}