{"id":14327,"date":"2020-01-11T08:03:07","date_gmt":"2020-01-11T08:03:07","guid":{"rendered":"http:\/\/www.iceagetv.com\/radiosite\/?p=14327"},"modified":"2020-01-11T08:03:07","modified_gmt":"2020-01-11T08:03:07","slug":"crash-pres-de-teheran-larmee-iranienne-reconnait-avoir-abattu-lavion-ukrainien-par-erreur","status":"publish","type":"post","link":"https:\/\/www.iceagetv.com\/radiosite\/crash-pres-de-teheran-larmee-iranienne-reconnait-avoir-abattu-lavion-ukrainien-par-erreur\/","title":{"rendered":"Crash pr\u00e8s de T\u00e9h\u00e9ran : l\u2019arm\u00e9e iranienne reconna\u00eet avoir abattu l\u2019avion ukrainien par \u00ab erreur"},"content":{"rendered":"\n<p> Le Boeing 737 s\u2019est \u00e9cras\u00e9 mercredi peu apr\u00e8s son d\u00e9collage, faisant 176 morts. L\u2019Iran a pr\u00e9sent\u00e9 ses excuses, tout en pointant la responsabilit\u00e9 de l\u2019\u00ab aventurisme am\u00e9ricain \u00bb dans cette catastrophe.  Volte-face, trois jours apr\u00e8s le crash de l\u2019avion d\u2019Ukrainian Airlines. L\u2019\u00e9tat-major des forces arm\u00e9es iraniennes a d\u00e9clar\u00e9, samedi 11 janvier, qu\u2019une\u00a0<em>\u00ab erreur humaine \u00bb<\/em>\u00a0\u00e9tait \u00e0 l\u2019origine de la catastrophe. Le Boeing 737, qui transportait 176 personnes qui ont toutes \u00e9t\u00e9 tu\u00e9es, a \u00e9t\u00e9 pris pour un\u00a0<em>\u00ab avion hostile \u00bb<\/em>\u00a0et a \u00e9t\u00e9\u00a0<em>\u00ab touch\u00e9 \u00bb<\/em>\u00a0alors que les menaces ennemies \u00e9taient au plus haut niveau, explique un communiqu\u00e9 publi\u00e9 par l\u2019agence officielle IRNA. T\u00e9h\u00e9ran a pr\u00e9sent\u00e9 ses excuses, tout en pointant la responsabilit\u00e9 de l\u2019<em>\u00ab\u00a0aventurisme am\u00e9ricain\u00a0\u00bb<\/em>\u00a0dans ce drame. L\u2019Iran regrette\u00a0<em>\u00ab\u00a0profond\u00e9ment\u00a0\u00bb<\/em>\u00a0ce crash,\u00a0<em>\u00ab\u00a0une grande trag\u00e9die et une erreur impardonnable\u00a0\u00bb<\/em>, a d\u00e9clar\u00e9 le pr\u00e9sident iranien Hassan Rohani. Plus t\u00f4t, le ministre des affaires \u00e9trang\u00e8res iranien avait d\u00e9j\u00e0 exprim\u00e9\u00a0<em>\u00ab\u00a0regrets, excuses et condol\u00e9ances\u00a0\u00bb<\/em>, tout en soulignant que Washington n\u2019\u00e9tait pas \u00e9tranger \u00e0 ce drame.<\/p>\n\n\n\n<p>Il faisait allusion \u00e0 la tension provoqu\u00e9e par l\u2019\u00e9limination le 3 janvier du g\u00e9n\u00e9ral iranien Ghassem Soleimani dans un tir de drone \u00e0 Bagdad, sur d\u00e9cision de Donald Trump, avant des tirs de missiles iraniens sur des bases abritant des soldats am\u00e9ricains en Irak.&nbsp;<a href=\"https:\/\/www.lemonde.fr\/international\/article\/2020\/01\/08\/un-boeing-ukrainien-s-ecrase-apres-son-decollage-a-teheran_6025122_3210.html\">L\u2019avion qui s\u2019est \u00e9cras\u00e9 mercredi quelques minutes apr\u00e8s son d\u00e9collage de T\u00e9h\u00e9ran<\/a>&nbsp;avait survol\u00e9 une zone situ\u00e9e \u00e0 proximit\u00e9 d\u2019un site militaire sensible appartenant aux Gardiens de la r\u00e9volution.<\/p>\n\n\n\n<p>Le missile touchant l\u2019avion appara\u00eet dans une vid\u00e9o\u00a0<a href=\"https:\/\/www.nytimes.com\/video\/world\/middleeast\/100000006911815\/iran-plane-missile.html?action=click&amp;gtype=vhs&amp;version=vhs-heading&amp;module=vhs&amp;region=title-area&amp;cview=true&amp;t=17\">publi\u00e9e jeudi par le quotidien am\u00e9ricain\u00a0<em>The New York Times<\/em><\/a>:<\/p>\n\n\n\n<h2 class=\"wp-block-heading\">L\u2019Ukraine exige \u00ab le paiement de compensations \u00bb<\/h2>\n\n\n\n<p>Dans ce communiqu\u00e9 relay\u00e9 par la t\u00e9l\u00e9vision publique, l\u2019arm\u00e9e iranienne pr\u00e9cise que les fautifs seront traduits devant un tribunal militaire et pr\u00e9sente ses condol\u00e9ances aux familles des victimes, qui sont pour la plupart des Iraniens et des Canadiens d\u2019origine iranienne.&nbsp;<em>\u00ab&nbsp;En poursuivant des r\u00e9formes fondamentales dans les processus op\u00e9rationnels au niveau des forces arm\u00e9es nous allons rendre impossible la r\u00e9p\u00e9tition de telles erreurs&nbsp;\u00bb<\/em>, ajoute l\u2019\u00e9tat-major.<\/p>\n\n\n\n<p>T\u00e9h\u00e9ran avait jusqu\u2019alors cat\u00e9goriquement ni\u00e9 la th\u00e8se, privil\u00e9gi\u00e9e par plusieurs pays, notamment le Canada, selon laquelle l\u2019avion ukrainien aurait \u00e9t\u00e9 touch\u00e9 par un missile.&nbsp;<em>\u00ab&nbsp;Une chose est s\u00fbre, cet avion n\u2019a pas \u00e9t\u00e9 touch\u00e9 par un missile&nbsp;\u00bb<\/em>, affirmait encore vendredi le pr\u00e9sident de l\u2019Organisation de l\u2019aviation civile iranienne (CAO), Ali Abedzadeh, \u00e0 la presse.<\/p>\n\n\n\n<p>Samedi, le premier ministre canadien Justin Trudeau a r\u00e9clam\u00e9 de la\u00a0<em>\u00ab\u00a0transparence\u00a0\u00bb<\/em>\u00a0afin qu\u2019une\u00a0<em>\u00ab\u00a0enqu\u00eate compl\u00e8te et approfondie\u00a0\u00bb<\/em>\u00a0soit men\u00e9e et \u00e9tablisse les responsabilit\u00e9s.\u00a0<em>\u00ab\u00a0Le gouvernement du Canada s\u2019attend \u00e0 la pleine collaboration des autorit\u00e9s iraniennes\u00a0\u00bb,\u00a0<\/em>a-t-il ajout\u00e9. De son c\u00f4t\u00e9, le pr\u00e9sident ukrainien Volodymyr Zelensky a exig\u00e9 la punition des coupables et\u00a0<em>\u00ab le paiement de compensations \u00bb<\/em>\u00a0de la part de l\u2019Iran.\u00a0 Depuis plusieurs jours, de nombreux doutes s\u2019\u00e9levaient sur le caract\u00e8re accidentel de la catastrophe. Dans le sillage de\u00a0<em>Newsweek<\/em>, les m\u00e9dias am\u00e9ricains diffusaient des citations anonymes de responsables du renseignement, tandis que des photos d\u2019impacts ext\u00e9rieurs de shrapnels sur la carlingue, ou de restes d\u2019un missile Tor \u00e0 proximit\u00e9 du crash, \u00e9taient publi\u00e9es sur les r\u00e9seaux sociaux.\u00a0<em>\u00ab Nous avons des informations de sources multiples \u00bb<\/em>\u00a0qui\u00a0<em>\u00ab indiquent que l\u2019avion a \u00e9t\u00e9 abattu par un missile sol-air iranien \u00bb<\/em>, d\u00e9clarait jeudi le premier ministre canadien.\u00a0<em>\u00ab Ce n\u2019\u00e9tait peut-\u00eatre pas intentionnel \u00bb<\/em>. <\/p>\n\n\n\n<p><\/p>\n\n\n\n<p><br><\/p>\n","protected":false},"excerpt":{"rendered":"<p>Le Boeing 737 s\u2019est \u00e9cras\u00e9 mercredi peu apr\u00e8s son d\u00e9collage, faisant 176 morts. L\u2019Iran a pr\u00e9sent\u00e9 ses excuses, tout en pointant la responsabilit\u00e9 de l\u2019\u00ab aventurisme am\u00e9ricain \u00bb dans cette catastrophe. Volte-face, trois jours apr\u00e8s le crash de l\u2019avion d\u2019Ukrainian Airlines. L\u2019\u00e9tat-major des forces arm\u00e9es iraniennes a d\u00e9clar\u00e9, samedi 11 janvier, qu\u2019une\u00a0\u00ab erreur humaine \u00bb\u00a0\u00e9tait [&hellip;]<\/p>\n","protected":false},"author":2,"featured_media":14328,"comment_status":"open","ping_status":"open","sticky":false,"template":"","format":"standard","meta":{"_jetpack_memberships_contains_paid_content":false,"footnotes":"","jetpack_publicize_message":"","jetpack_publicize_feature_enabled":true,"jetpack_social_post_already_shared":true,"jetpack_social_options":{"image_generator_settings":{"template":"highway","default_image_id":0,"font":"","enabled":false},"version":2},"_wpas_customize_per_network":false},"categories":[405],"tags":[],"class_list":["post-14327","post","type-post","status-publish","format-standard","has-post-thumbnail","hentry","category-actu-france-monde"],"jetpack_publicize_connections":[],"jetpack_featured_media_url":"https:\/\/i0.wp.com\/www.iceagetv.com\/radiosite\/wp-content\/uploads\/2020\/01\/Crash-pr%C3%A8s-de-T%C3%A9h%C3%A9ran.jpg?fit=571%2C380&ssl=1","jetpack_sharing_enabled":true,"_links":{"self":[{"href":"https:\/\/www.iceagetv.com\/radiosite\/wp-json\/wp\/v2\/posts\/14327","targetHints":{"allow":["GET"]}}],"collection":[{"href":"https:\/\/www.iceagetv.com\/radiosite\/wp-json\/wp\/v2\/posts"}],"about":[{"href":"https:\/\/www.iceagetv.com\/radiosite\/wp-json\/wp\/v2\/types\/post"}],"author":[{"embeddable":true,"href":"https:\/\/www.iceagetv.com\/radiosite\/wp-json\/wp\/v2\/users\/2"}],"replies":[{"embeddable":true,"href":"https:\/\/www.iceagetv.com\/radiosite\/wp-json\/wp\/v2\/comments?post=14327"}],"version-history":[{"count":1,"href":"https:\/\/www.iceagetv.com\/radiosite\/wp-json\/wp\/v2\/posts\/14327\/revisions"}],"predecessor-version":[{"id":14329,"href":"https:\/\/www.iceagetv.com\/radiosite\/wp-json\/wp\/v2\/posts\/14327\/revisions\/14329"}],"wp:featuredmedia":[{"embeddable":true,"href":"https:\/\/www.iceagetv.com\/radiosite\/wp-json\/wp\/v2\/media\/14328"}],"wp:attachment":[{"href":"https:\/\/www.iceagetv.com\/radiosite\/wp-json\/wp\/v2\/media?parent=14327"}],"wp:term":[{"taxonomy":"category","embeddable":true,"href":"https:\/\/www.iceagetv.com\/radiosite\/wp-json\/wp\/v2\/categories?post=14327"},{"taxonomy":"post_tag","embeddable":true,"href":"https:\/\/www.iceagetv.com\/radiosite\/wp-json\/wp\/v2\/tags?post=14327"}],"curies":[{"name":"wp","href":"https:\/\/api.w.org\/{rel}","templated":true}]}}