{"id":14336,"date":"2020-01-11T15:50:55","date_gmt":"2020-01-11T15:50:55","guid":{"rendered":"http:\/\/www.iceagetv.com\/radiosite\/?p=14336"},"modified":"2020-01-11T16:30:33","modified_gmt":"2020-01-11T16:30:33","slug":"le-gouvernement-retire-provisoirement-lage-pivot-du-projet-de-loi-annonce-dans-sa-lettre-dedouard-philippe-aux-syndicats-alors-que-les-incidents-se-multiplient-a-paris","status":"publish","type":"post","link":"https:\/\/www.iceagetv.com\/radiosite\/le-gouvernement-retire-provisoirement-lage-pivot-du-projet-de-loi-annonce-dans-sa-lettre-dedouard-philippe-aux-syndicats-alors-que-les-incidents-se-multiplient-a-paris\/","title":{"rendered":"Le gouvernement retire provisoirement l&rsquo;\u00e2ge pivot du projet de loi annonce dans sa lettre d&rsquo;Edouard Philippe aux syndicats alors que les incidents se multiplient \u00e0 Paris"},"content":{"rendered":"\n<p>   <strong>\u00a0La RATP annonce que toutes les lignes de m\u00e9tro seront ouvertes demain \u00e0 Paris\u00a0<\/strong> <\/p>\n\n\n\n<p>\u00a0La CFDT \u00ab\u00a0salue le retrait de l&rsquo;\u00e2ge pivot du projet de loi\u00a0\u00bb et \u00ab\u00a0va poursuivre les discussions dans le cadre propos\u00e9\u00a0\u00bb, indique la centrale syndicale dans un communiqu\u00e9. <\/p>\n\n\n\n<p><strong>&nbsp;Du mobilier urbain et un kiosque \u00e0 journaux en feu sur le parcours de la mobilisation<\/strong> <\/p>\n\n\n\n<p>Edouard Philippe a adress\u00e9 \u00e0 l&rsquo;instant&nbsp; un courrier aux repr\u00e9sentations syndicales. Une lettre dans laquelle il r\u00e9affirme la volont\u00e9 du gouvernement de construire un syst\u00e8me universel de retraites par r\u00e9partition et par points. Il le confirme : les r\u00e9gimes sp\u00e9ciaux seront supprim\u00e9s au terme de la p\u00e9riode de transition d\u00e9finie en d\u00e9cembre dernier. Les Fran\u00e7ais seront donc tous affili\u00e9s au r\u00e9gime universel. Les concertations se poursuivent sur la p\u00e9nibilit\u00e9, le minimum retraite, l&#8217;emploi des seniors ainsi que la gestion des fins de carri\u00e8re.<\/p>\n\n\n\n<figure><iframe allowfullscreen=\"\"><\/iframe><\/figure>\n\n\n\n<p>Le Premier ministre assure en outre \u00eatre dispos\u00e9 \u00e0 retirer du projet de loi la mesure de court terme consistant \u00e0 converger progressivement \u00e0 partir de 2022 vers un \u00e2ge d&rsquo;\u00e9quilibre en 2027. Mais n&rsquo;abandonne pas l&rsquo;id\u00e9e de l&rsquo;\u00e9quilibre financier pour autant, en appelant aux partenaires sociaux:<strong>&nbsp;\u00ab\u00a0Pour d\u00e9montrer sa confiance envers les partenaires sociaux, et ne pas pr\u00e9juger de l&rsquo;issue de leurs travaux concernant les mesures \u00e0 prendre pour atteindre l&rsquo;\u00e9quilibre en 2027, je suis dispos\u00e9 \u00e0 retirr du projet de loi la mesure de court terme que j&rsquo;avais propos\u00e9e, consistant \u00e0 converger progressivement \u00e0 partir de 2022 vers un \u00e2ge d&rsquo;\u00e9quilibre de 64 ans en 2027\u00a0\u00bb.<\/strong><\/p>\n\n\n\n<p>Comme l&rsquo;avait sugg\u00e9r\u00e9 Laurent Berger, une conf\u00e9rence sur l&rsquo;\u00e9quilibre et le financement des retraites va ainsi \u00eatre mise en place afin de parvenir \u00e0 une solution pr\u00e9cisent&nbsp;<a href=\"https:\/\/www.lci.fr\/social\/info-lci-reforme-des-retraites-edouard-philippe-retire-provisoirement-l-age-pivot-du-projet-de-loi-2142372.html\" target=\"_blank\" rel=\"noreferrer noopener\">nos confr\u00e8res de LCI<\/a><\/p>\n\n\n\n<p>Dirig\u00e9e par Jean-Jacques Marette, ancien directeur g\u00e9n\u00e9ral de l&rsquo;Agirc-Aarrco, elle devra remettre ses conclusions en avril prochain, avant publication de la loi \u00e0 l&rsquo;\u00e9t\u00e9 2020. Faute d&rsquo;accord lors de cette conf\u00e9rence, le chef du gouvernement pr\u00e9vient cependant qu&rsquo;il se r\u00e9serve la possibilit\u00e9 de prendre par ordonnances &lsquo;les mesures n\u00e9cessaires pour atteindre l&rsquo;\u00e2ge d&rsquo;\u00e9quilibre d&rsquo;ici 2027&Prime;.<\/p>\n\n\n\n<p><strong>Le gouvernement retire \u00ab\u00a0PROVISOIREMENT\u00a0\u00bb l&rsquo;\u00e2ge pivot de la loi <\/strong><\/p>\n\n\n\n<p>Le gouvernement retire provisoirement l&rsquo;\u00e2ge pivot de l&rsquo;avant-projet de loi, peut-on lire dans la lettre d&rsquo;Edouard Philippe aux syndicats. La situation reste tr\u00e8s confuse en particulier dans le cort\u00e8ge de t\u00eate \u00e0 Paris o\u00f9 les violences se poursuivent  Depuis plusieurs minutes des casseurs s&rsquo;en sont pris aux vitrines de plusieurs commerces sur l&rsquo;avenue Daumesnil et ont lanc\u00e9 des projectiles en direction des policiers. Des gaz lacrymog\u00e8nes ont \u00e9galement \u00e9t\u00e9 tir\u00e9s par les forces de l&rsquo;ordre.  <strong>Les incidents violents se multiplient en ce moment m\u00eame \u00e0 Paris<\/strong>  <strong>A Paris et \u00e0 Paris, les premiers lacrymog\u00e8nes sont tir\u00e9s alors que des individus masqu\u00e9s ont fait leur apparition dans le cort\u00e8ge<\/strong> <\/p>\n\n\n\n<p><\/p>\n\n\n\n<p><\/p>\n","protected":false},"excerpt":{"rendered":"<p>\u00a0La RATP annonce que toutes les lignes de m\u00e9tro seront ouvertes demain \u00e0 Paris\u00a0 \u00a0La CFDT \u00ab\u00a0salue le retrait de l&rsquo;\u00e2ge pivot du projet de loi\u00a0\u00bb et \u00ab\u00a0va poursuivre les discussions dans le cadre propos\u00e9\u00a0\u00bb, indique la centrale syndicale dans un communiqu\u00e9. &nbsp;Du mobilier urbain et un kiosque \u00e0 journaux en feu sur le parcours [&hellip;]<\/p>\n","protected":false},"author":2,"featured_media":14337,"comment_status":"open","ping_status":"open","sticky":false,"template":"","format":"standard","meta":{"_jetpack_memberships_contains_paid_content":false,"footnotes":"","jetpack_publicize_message":"","jetpack_publicize_feature_enabled":true,"jetpack_social_post_already_shared":true,"jetpack_social_options":{"image_generator_settings":{"template":"highway","default_image_id":0,"font":"","enabled":false},"version":2},"_wpas_customize_per_network":false},"categories":[405],"tags":[],"class_list":["post-14336","post","type-post","status-publish","format-standard","has-post-thumbnail","hentry","category-actu-france-monde"],"jetpack_publicize_connections":[],"jetpack_featured_media_url":"https:\/\/i0.wp.com\/www.iceagetv.com\/radiosite\/wp-content\/uploads\/2020\/01\/Le-gouvernement-retire-provisoirement-l%C3%A2ge-pivot.jpg?fit=856%2C367&ssl=1","jetpack_sharing_enabled":true,"_links":{"self":[{"href":"https:\/\/www.iceagetv.com\/radiosite\/wp-json\/wp\/v2\/posts\/14336","targetHints":{"allow":["GET"]}}],"collection":[{"href":"https:\/\/www.iceagetv.com\/radiosite\/wp-json\/wp\/v2\/posts"}],"about":[{"href":"https:\/\/www.iceagetv.com\/radiosite\/wp-json\/wp\/v2\/types\/post"}],"author":[{"embeddable":true,"href":"https:\/\/www.iceagetv.com\/radiosite\/wp-json\/wp\/v2\/users\/2"}],"replies":[{"embeddable":true,"href":"https:\/\/www.iceagetv.com\/radiosite\/wp-json\/wp\/v2\/comments?post=14336"}],"version-history":[{"count":3,"href":"https:\/\/www.iceagetv.com\/radiosite\/wp-json\/wp\/v2\/posts\/14336\/revisions"}],"predecessor-version":[{"id":14340,"href":"https:\/\/www.iceagetv.com\/radiosite\/wp-json\/wp\/v2\/posts\/14336\/revisions\/14340"}],"wp:featuredmedia":[{"embeddable":true,"href":"https:\/\/www.iceagetv.com\/radiosite\/wp-json\/wp\/v2\/media\/14337"}],"wp:attachment":[{"href":"https:\/\/www.iceagetv.com\/radiosite\/wp-json\/wp\/v2\/media?parent=14336"}],"wp:term":[{"taxonomy":"category","embeddable":true,"href":"https:\/\/www.iceagetv.com\/radiosite\/wp-json\/wp\/v2\/categories?post=14336"},{"taxonomy":"post_tag","embeddable":true,"href":"https:\/\/www.iceagetv.com\/radiosite\/wp-json\/wp\/v2\/tags?post=14336"}],"curies":[{"name":"wp","href":"https:\/\/api.w.org\/{rel}","templated":true}]}}