{"id":14356,"date":"2020-01-17T16:27:29","date_gmt":"2020-01-17T16:27:29","guid":{"rendered":"http:\/\/www.iceagetv.com\/radiosite\/?p=14356"},"modified":"2020-01-17T16:27:29","modified_gmt":"2020-01-17T16:27:29","slug":"greve-contre-la-reforme-des-retraites-des-dizaines-dindividus-se-sont-introduits-au-siege-de-la-cfdt-a-paris-selon-laurent-berger","status":"publish","type":"post","link":"https:\/\/www.iceagetv.com\/radiosite\/greve-contre-la-reforme-des-retraites-des-dizaines-dindividus-se-sont-introduits-au-siege-de-la-cfdt-a-paris-selon-laurent-berger\/","title":{"rendered":"Gr\u00e8ve contre la r\u00e9forme des retraites : des \u00ab\u00a0dizaines d&rsquo;individus\u00a0\u00bb se sont introduits au si\u00e8ge de la CFDT \u00e0 Paris, selon Laurent Berger"},"content":{"rendered":"\n<p><em>Quelques dizaines d&rsquo;individus se sont introduits violemment dans les locaux de la conf\u00e9d\u00e9ration\u00a0\u00bb<\/em>&nbsp;CFDT \u00e0 Paris, o\u00f9 ils ont&nbsp;<em>\u00ab\u00a0agress\u00e9 verbalement et physiquement des salari\u00e9s\u00a0\u00bb<\/em>, a affirm\u00e9 dans un tweet le secr\u00e9taire g\u00e9n\u00e9ral du syndicat, Laurent Berger, vendredi 17 janvier. Interrog\u00e9e, la CFDT affirme qu&rsquo;il s&rsquo;agissait d&rsquo;une action de la&nbsp;<em>\u00ab\u00a0coordination SNCF-RATP\u00a0\u00bb<\/em>, n\u00e9e aux premi\u00e8res \u00e9vocations d&rsquo;une gr\u00e8ve illimit\u00e9e, en octobre, contre&nbsp;<a href=\"https:\/\/www.francetvinfo.fr\/economie\/retraite\/reforme-des-retraites\/\" target=\"_blank\" rel=\"noreferrer noopener\">la r\u00e9forme des retraites<\/a>.&nbsp;<\/p>\n\n\n\n<p><em>\u00ab\u00a0C&rsquo;\u00e9tait une intrusion violente. Ils \u00e9taient une trentaine. Un salari\u00e9 a \u00e9t\u00e9 plaqu\u00e9 au sol, il y a eu des insultes\u00a0\u00bb<\/em>, a-t-on affirm\u00e9 \u00e0 la CFDT, qui va&nbsp;<em>\u00ab\u00a0probablement porter plainte\u00a0\u00bb.&nbsp;<\/em>Sur Twitter,&nbsp;Anasse Kazib,&nbsp;<em>\u00ab\u00a0cheminot \u00e0 Paris Nord\u00a0\u00bb<\/em>&nbsp;pr\u00e9sent sur les lieux&nbsp;<a href=\"https:\/\/twitter.com\/AnasseKazib\/status\/1218159898992824326?s=20\" target=\"_blank\" rel=\"noreferrer noopener\">contredit le secr\u00e9taire g\u00e9n\u00e9ral<\/a>&nbsp;et indique qu&rsquo;il n&rsquo;y a eu<em>&nbsp;\u00ab\u00a0ni violence verbale ni physique\u00a0\u00bb<\/em>, mais que l&rsquo;un des dirigeants du syndicat a<em>&nbsp;\u00ab\u00a0d\u00e9chir\u00e9 la veste d&rsquo;un gr\u00e9viste pr\u00e9sent\u00a0\u00bb.&nbsp;<\/em>La CFDT&nbsp;est favorable \u00e0 un syst\u00e8me des retraites \u00ab\u00a0universel\u00a0\u00bb par points, d\u00e9nonc\u00e9 par les gr\u00e9vistes.<\/p>\n\n\n\n<h2 class=\"wp-block-heading\">Action surprise des gr\u00e9vistes&nbsp;<\/h2>\n\n\n\n<p>Sur son compte Twitter, Anasse Kazib, qui se d\u00e9finit comme<em>\u00a0\u00ab\u00a0marxiste r\u00e9volutionnaire\u00a0\u00bb<\/em>, a confirm\u00e9 qu&rsquo;il s&rsquo;agissait d&rsquo;une\u00a0<em>\u00ab\u00a0action surprise de la coordination RATP\/SNCF au si\u00e8ge de la @CFDT\u00a0\u00bb. \u00ab\u00a0On est l\u00e0 m\u00eame si @CfdtBerger ne le veut pas nous on est l\u00e0, pour l&rsquo;honneur des travailleurs&#8230;\u00a0\u00bb<\/em><\/p>\n\n\n\n<p><em>\u00ab\u00a0On est contre cette bureaucratie syndicale qui porte le nom de Laurent Berger, qui est en train de n\u00e9gocier le poids des cha\u00eenes, la r\u00e9gression sociale\u00a0\u00bb<\/em>, dit-il encore dans un m\u00e9gaphone devant un b\u00e2timent, selon une vid\u00e9o, \u00e9galement visible sur Twitter, sur le compte de R\u00e9volutionpermanente.<\/p>\n\n\n\n<p>Laurent Berger avait d\u00e9nonc\u00e9 jeudi&nbsp;<a href=\"https:\/\/www.francetvinfo.fr\/economie\/retraite\/reforme-des-retraites\/je-n-en-peux-plus-laurent-berger-en-colere-contre-les-attaques-les-menaces-les-conneries-qui-circulent-sur-les-reseaux-sociaux_3787273.html\" target=\"_blank\" rel=\"noreferrer noopener\">sur franceinfo<\/a>&nbsp;des&nbsp;<em>\u00ab\u00a0attaques\u00a0\u00bb<\/em>&nbsp;visant son syndicat ou le visant personnellement.&nbsp;<em>\u00ab\u00a0En ce moment, on a des locaux d\u00e9grad\u00e9s,&nbsp;<\/em>[et]<em>&nbsp;tournent des propos extr\u00eamement d\u00e9gradants \u00e0 mon \u00e9gard ou \u00e0 l&rsquo;\u00e9gard d&rsquo;autres militants CFDT\u00a0\u00bb<\/em>, avait-il dit, sans donner de pr\u00e9cisions sur la source de ces attaques.<\/p>\n\n\n\n<p><\/p>\n","protected":false},"excerpt":{"rendered":"<p>Quelques dizaines d&rsquo;individus se sont introduits violemment dans les locaux de la conf\u00e9d\u00e9ration\u00a0\u00bb&nbsp;CFDT \u00e0 Paris, o\u00f9 ils ont&nbsp;\u00ab\u00a0agress\u00e9 verbalement et physiquement des salari\u00e9s\u00a0\u00bb, a affirm\u00e9 dans un tweet le secr\u00e9taire g\u00e9n\u00e9ral du syndicat, Laurent Berger, vendredi 17 janvier. Interrog\u00e9e, la CFDT affirme qu&rsquo;il s&rsquo;agissait d&rsquo;une action de la&nbsp;\u00ab\u00a0coordination SNCF-RATP\u00a0\u00bb, n\u00e9e aux premi\u00e8res \u00e9vocations d&rsquo;une gr\u00e8ve [&hellip;]<\/p>\n","protected":false},"author":2,"featured_media":14357,"comment_status":"open","ping_status":"open","sticky":false,"template":"","format":"standard","meta":{"_jetpack_memberships_contains_paid_content":false,"footnotes":"","jetpack_publicize_message":"","jetpack_publicize_feature_enabled":true,"jetpack_social_post_already_shared":true,"jetpack_social_options":{"image_generator_settings":{"template":"highway","default_image_id":0,"font":"","enabled":false},"version":2},"_wpas_customize_per_network":false},"categories":[405],"tags":[],"class_list":["post-14356","post","type-post","status-publish","format-standard","has-post-thumbnail","hentry","category-actu-france-monde"],"jetpack_publicize_connections":[],"jetpack_featured_media_url":"https:\/\/i0.wp.com\/www.iceagetv.com\/radiosite\/wp-content\/uploads\/2020\/01\/Gr%C3%A8ve-contre-la-r%C3%A9forme-des-retraites.jpg?fit=1197%2C450&ssl=1","jetpack_sharing_enabled":true,"_links":{"self":[{"href":"https:\/\/www.iceagetv.com\/radiosite\/wp-json\/wp\/v2\/posts\/14356","targetHints":{"allow":["GET"]}}],"collection":[{"href":"https:\/\/www.iceagetv.com\/radiosite\/wp-json\/wp\/v2\/posts"}],"about":[{"href":"https:\/\/www.iceagetv.com\/radiosite\/wp-json\/wp\/v2\/types\/post"}],"author":[{"embeddable":true,"href":"https:\/\/www.iceagetv.com\/radiosite\/wp-json\/wp\/v2\/users\/2"}],"replies":[{"embeddable":true,"href":"https:\/\/www.iceagetv.com\/radiosite\/wp-json\/wp\/v2\/comments?post=14356"}],"version-history":[{"count":1,"href":"https:\/\/www.iceagetv.com\/radiosite\/wp-json\/wp\/v2\/posts\/14356\/revisions"}],"predecessor-version":[{"id":14358,"href":"https:\/\/www.iceagetv.com\/radiosite\/wp-json\/wp\/v2\/posts\/14356\/revisions\/14358"}],"wp:featuredmedia":[{"embeddable":true,"href":"https:\/\/www.iceagetv.com\/radiosite\/wp-json\/wp\/v2\/media\/14357"}],"wp:attachment":[{"href":"https:\/\/www.iceagetv.com\/radiosite\/wp-json\/wp\/v2\/media?parent=14356"}],"wp:term":[{"taxonomy":"category","embeddable":true,"href":"https:\/\/www.iceagetv.com\/radiosite\/wp-json\/wp\/v2\/categories?post=14356"},{"taxonomy":"post_tag","embeddable":true,"href":"https:\/\/www.iceagetv.com\/radiosite\/wp-json\/wp\/v2\/tags?post=14356"}],"curies":[{"name":"wp","href":"https:\/\/api.w.org\/{rel}","templated":true}]}}