{"id":14381,"date":"2020-01-19T18:59:12","date_gmt":"2020-01-19T18:59:12","guid":{"rendered":"http:\/\/www.iceagetv.com\/radiosite\/?p=14381"},"modified":"2020-01-19T18:59:12","modified_gmt":"2020-01-19T18:59:12","slug":"manifestation-des-gilets-jaunes-a-paris-une-enquete-ouverte-apres-la-diffusion-dimages-montrant-un-homme-frappe-au-sol-par-un-policier","status":"publish","type":"post","link":"https:\/\/www.iceagetv.com\/radiosite\/manifestation-des-gilets-jaunes-a-paris-une-enquete-ouverte-apres-la-diffusion-dimages-montrant-un-homme-frappe-au-sol-par-un-policier\/","title":{"rendered":"Manifestation des \u00ab\u00a0gilets jaunes\u00a0\u00bb \u00e0 Paris : une enqu\u00eate ouverte apr\u00e8s la diffusion d&rsquo;images montrant un homme frapp\u00e9 au sol par un policier"},"content":{"rendered":"\n<p> Le parquet a annonc\u00e9, dimanche 19\u00a0janvier, l&rsquo;ouverture d&rsquo;une enqu\u00eate du chef de \u00ab\u00a0violences volontaires par personne d\u00e9positaire de l&rsquo;autorit\u00e9 publique\u00a0\u00bb, apr\u00e8s la diffusion\u00a0d&rsquo;images montrant un manifestant frapp\u00e9 au sol par un CRS. Les faits sont survenus en marge de la mobilisation des \u00ab\u00a0gilets jaunes\u00a0\u00bb, samedi \u00e0 Paris. Sur les images, le manifestant semble bless\u00e9 au visage. L&rsquo;enqu\u00eate a \u00e9t\u00e9 confi\u00e9e \u00e0 l&rsquo;Inspection g\u00e9n\u00e9rale de la police nationale (IGPN). <\/p>\n\n\n\n<p>Une&nbsp;<em>\u00ab\u00a0enqu\u00eate administrative interne a \u00e9t\u00e9 confi\u00e9e au service d&rsquo;\u00e9valuation et de contr\u00f4le\u00a0\u00bb<\/em>&nbsp;afin&nbsp;<em>\u00ab\u00a0de faire toute la lumi\u00e8re sur cette action\u00a0\u00bb<\/em>, a d\u00e9clar\u00e9 la pr\u00e9fecture de police \u00e0 l&rsquo;AFP. A la suite de d\u00e9bordements li\u00e9s \u00e0 la mobilisation des \u00ab\u00a0gilets jaunes\u00a0\u00bb samedi, 60 personnes ont \u00e9t\u00e9 interpell\u00e9es,&nbsp;<a href=\"https:\/\/www.francetvinfo.fr\/economie\/transports\/gilets-jaunes\/la-prefecture-annonce-avoir-interpelle-60-personnes-lors-de-la-manifestation-des-gilets-jaunes-a-paris_3791405.html\" target=\"_blank\" rel=\"noreferrer noopener\">a par ailleurs pr\u00e9cis\u00e9 ce dimanche \u00e0 franceinfo la pr\u00e9fecture de police de Paris<\/a>.<\/p>\n\n\n\n<p>Interrog\u00e9 par franceinfo,&nbsp;Stanislas Gaudon,&nbsp;porte-parole du syndicat de police Alliance,&nbsp;a&nbsp;\u00e9voqu\u00e9 une s\u00e9quence&nbsp;<em>\u00ab\u00a0sortie de son contexte\u00a0\u00bb<\/em>, accusant le manifestant d&rsquo;avoir&nbsp;<em>\u00ab\u00a0attaqu\u00e9 [ses] coll\u00e8gues dans le dos\u00a0\u00bb<\/em>&nbsp;et&nbsp;<em>\u00ab\u00a0jet\u00e9 des bouteilles en verre\u00a0\u00bb<\/em>. Il affirme que des policiers ont \u00e9t\u00e9 bless\u00e9s par ces jets de projectiles.<\/p>\n\n\n\n<p><\/p>\n","protected":false},"excerpt":{"rendered":"<p>Le parquet a annonc\u00e9, dimanche 19\u00a0janvier, l&rsquo;ouverture d&rsquo;une enqu\u00eate du chef de \u00ab\u00a0violences volontaires par personne d\u00e9positaire de l&rsquo;autorit\u00e9 publique\u00a0\u00bb, apr\u00e8s la diffusion\u00a0d&rsquo;images montrant un manifestant frapp\u00e9 au sol par un CRS. Les faits sont survenus en marge de la mobilisation des \u00ab\u00a0gilets jaunes\u00a0\u00bb, samedi \u00e0 Paris. Sur les images, le manifestant semble bless\u00e9 au [&hellip;]<\/p>\n","protected":false},"author":2,"featured_media":14382,"comment_status":"open","ping_status":"open","sticky":false,"template":"","format":"standard","meta":{"_jetpack_memberships_contains_paid_content":false,"footnotes":"","jetpack_publicize_message":"","jetpack_publicize_feature_enabled":true,"jetpack_social_post_already_shared":true,"jetpack_social_options":{"image_generator_settings":{"template":"highway","default_image_id":0,"font":"","enabled":false},"version":2},"_wpas_customize_per_network":false},"categories":[405],"tags":[],"class_list":["post-14381","post","type-post","status-publish","format-standard","has-post-thumbnail","hentry","category-actu-france-monde"],"jetpack_publicize_connections":[],"jetpack_featured_media_url":"https:\/\/i0.wp.com\/www.iceagetv.com\/radiosite\/wp-content\/uploads\/2020\/01\/une-enqu%C3%AAte-ouverte-apr%C3%A8s-la-diffusion-dimages-montrant-un-homme-frapp%C3%A9-au-sol-par-un-policier.jpg?fit=1023%2C385&ssl=1","jetpack_sharing_enabled":true,"_links":{"self":[{"href":"https:\/\/www.iceagetv.com\/radiosite\/wp-json\/wp\/v2\/posts\/14381","targetHints":{"allow":["GET"]}}],"collection":[{"href":"https:\/\/www.iceagetv.com\/radiosite\/wp-json\/wp\/v2\/posts"}],"about":[{"href":"https:\/\/www.iceagetv.com\/radiosite\/wp-json\/wp\/v2\/types\/post"}],"author":[{"embeddable":true,"href":"https:\/\/www.iceagetv.com\/radiosite\/wp-json\/wp\/v2\/users\/2"}],"replies":[{"embeddable":true,"href":"https:\/\/www.iceagetv.com\/radiosite\/wp-json\/wp\/v2\/comments?post=14381"}],"version-history":[{"count":1,"href":"https:\/\/www.iceagetv.com\/radiosite\/wp-json\/wp\/v2\/posts\/14381\/revisions"}],"predecessor-version":[{"id":14383,"href":"https:\/\/www.iceagetv.com\/radiosite\/wp-json\/wp\/v2\/posts\/14381\/revisions\/14383"}],"wp:featuredmedia":[{"embeddable":true,"href":"https:\/\/www.iceagetv.com\/radiosite\/wp-json\/wp\/v2\/media\/14382"}],"wp:attachment":[{"href":"https:\/\/www.iceagetv.com\/radiosite\/wp-json\/wp\/v2\/media?parent=14381"}],"wp:term":[{"taxonomy":"category","embeddable":true,"href":"https:\/\/www.iceagetv.com\/radiosite\/wp-json\/wp\/v2\/categories?post=14381"},{"taxonomy":"post_tag","embeddable":true,"href":"https:\/\/www.iceagetv.com\/radiosite\/wp-json\/wp\/v2\/tags?post=14381"}],"curies":[{"name":"wp","href":"https:\/\/api.w.org\/{rel}","templated":true}]}}